{"id":247813,"date":"2025-07-13T19:39:11","date_gmt":"2025-07-13T19:39:11","guid":{"rendered":"https:\/\/www.europesays.com\/fr\/247813\/"},"modified":"2025-07-13T19:39:11","modified_gmt":"2025-07-13T19:39:11","slug":"meteo-le-soleil-fait-son-retour-a-toulouse-et-en-occitanie-pour-ce-dimanche","status":"publish","type":"post","link":"https:\/\/www.europesays.com\/fr\/247813\/","title":{"rendered":"M\u00e9t\u00e9o. Le soleil fait son retour \u00e0 Toulouse et en Occitanie pour ce dimanche"},"content":{"rendered":"<p>            Par<br \/>\n        <strong><br \/>\n            <a href=\"https:\/\/actu.fr\/auteur\/lucie-2\" title=\"Consulter tous les articles de Lucie Fraisse\" rel=\"nofollow noopener\" target=\"_blank\">Lucie Fraisse<\/a><br \/>\n        <\/strong><\/p>\n<p>        Publi\u00e9 le<\/p>\n<p>            13 juil. 2025 \u00e0 7h26        <\/p>\n<p>Apr\u00e8s un samedi qui a plut\u00f4t fait grise mise, ce dimanche, le soleil doit faire son retour ce dimanche 13 juillet, <strong>\u00e0 Toulouse<\/strong> et sur l\u2019ensemble de l\u2019<strong>Occitanie<\/strong>. Le point sur les pr\u00e9visions de M\u00e9t\u00e9o France.<\/p>\n<p>Ciel d\u00e9gag\u00e9 pour les feux d\u2019artifice !\u00a0<\/p>\n<p class=\" wall-content\">M\u00e9t\u00e9o France annonce en tout cas la pr\u00e9dominance des<strong> \u00e9claircies<\/strong> pour la journ\u00e9e, avec un vent faible. Le soleil brillera g\u00e9n\u00e9reusement l\u2019apr\u00e8s-midi. Les temp\u00e9ratures devraient grimper jusqu\u2019\u00e0 28\u00b0C.<\/p>\n<p class=\" wall-content\">Bonne nouvelle,<strong> le ciel sera d\u00e9gag\u00e9<\/strong> en soir\u00e9e : parfait pour voir <a href=\"https:\/\/actu.fr\/loisirs-culture\/14-juillet-ou-et-quand-voir-des-feux-d-artifice-a-toulouse-et-aux-alentours-notre-selection_62882300.html\" rel=\"nofollow noopener\" target=\"_blank\">les nombreux feux d\u2019artifice qui doivent illuminer le ciel<\/a> pour la F\u00eate nationale !\u00a0<\/p>\n<p>Beau en Occitanie<br \/>\n    <img   decoding=\"async\" loading=\"lazy\" src=\"https:\/\/www.europesays.com\/fr\/wp-content\/uploads\/2025\/07\/meteo-dimanche-13-960x640.jpg\" alt=\"Les pr\u00e9visions de M\u00e9t\u00e9o France pour dimanche apr\u00e8s-midi en Occitanie.\" width=\"960\" height=\"640\"\/><br \/>\n    Les pr\u00e9visions de M\u00e9t\u00e9o France pour dimanche apr\u00e8s-midi en Occitanie. (\u00a9M\u00e9t\u00e9o France)<\/p>\n<p class=\" wall-content\">L\u2019ensemble de l\u2019<strong>Occitanie<\/strong> se r\u00e9veille sous le soleil ce dimanche 13 juillet 2025. Si des pluies faibles peuvent s\u2019inviter sur la Loz\u00e8re et les Pyr\u00e9n\u00e9es-Orientales dans l\u2019apr\u00e8s-midi, ailleurs il fera beau partout !<\/p>\n<p class=\" wall-content\">Suivez toute l\u2019actualit\u00e9 de vos villes et m\u00e9dias favoris en vous inscrivant \u00e0 <a href=\"https:\/\/moncompte.actu.fr\" title=\"D\u00e9couvez Mon Actu\" rel=\"nofollow noopener\" data-trk=\"{&quot;cta&quot;:{&quot;action&quot;:&quot;https:\\\/\\\/moncompte.actu.fr&quot;,&quot;category&quot;:&quot;mon compte&quot;,&quot;from&quot;:&quot;article footer&quot;,&quot;name&quot;:&quot;Mon actu&quot;,&quot;type&quot;:&quot;cta&quot;}}\" target=\"_blank\">Mon Actu<\/a>.<\/p>\n","protected":false},"excerpt":{"rendered":"Par Lucie Fraisse Publi\u00e9 le 13 juil. 2025 \u00e0 7h26 Apr\u00e8s un samedi qui a plut\u00f4t fait grise&hellip;\n","protected":false},"author":2,"featured_media":247814,"comment_status":"","ping_status":"","sticky":false,"template":"","format":"standard","meta":{"footnotes":""},"categories":[2816],"tags":[1111,11,1777,674,1011,27,2487,12,2680,25,2312],"class_list":{"0":"post-247813","1":"post","2":"type-post","3":"status-publish","4":"format-standard","5":"has-post-thumbnail","7":"category-toulouse","8":"tag-actu","9":"tag-actualites","10":"tag-eu","11":"tag-europe","12":"tag-fr","13":"tag-france","14":"tag-meteo","15":"tag-news","16":"tag-occitanie","17":"tag-republique-francaise","18":"tag-toulouse"},"share_on_mastodon":{"url":"https:\/\/pubeurope.com\/@fr\/114847623800717346","error":""},"_links":{"self":[{"href":"https:\/\/www.europesays.com\/fr\/wp-json\/wp\/v2\/posts\/247813","targetHints":{"allow":["GET"]}}],"collection":[{"href":"https:\/\/www.europesays.com\/fr\/wp-json\/wp\/v2\/posts"}],"about":[{"href":"https:\/\/www.europesays.com\/fr\/wp-json\/wp\/v2\/types\/post"}],"author":[{"embeddable":true,"href":"https:\/\/www.europesays.com\/fr\/wp-json\/wp\/v2\/users\/2"}],"replies":[{"embeddable":true,"href":"https:\/\/www.europesays.com\/fr\/wp-json\/wp\/v2\/comments?post=247813"}],"version-history":[{"count":0,"href":"https:\/\/www.europesays.com\/fr\/wp-json\/wp\/v2\/posts\/247813\/revisions"}],"wp:featuredmedia":[{"embeddable":true,"href":"https:\/\/www.europesays.com\/fr\/wp-json\/wp\/v2\/media\/247814"}],"wp:attachment":[{"href":"https:\/\/www.europesays.com\/fr\/wp-json\/wp\/v2\/media?parent=247813"}],"wp:term":[{"taxonomy":"category","embeddable":true,"href":"https:\/\/www.europesays.com\/fr\/wp-json\/wp\/v2\/categories?post=247813"},{"taxonomy":"post_tag","embeddable":true,"href":"https:\/\/www.europesays.com\/fr\/wp-json\/wp\/v2\/tags?post=247813"}],"curies":[{"name":"wp","href":"https:\/\/api.w.org\/{rel}","templated":true}]}}