{"id":247819,"date":"2025-07-13T19:43:09","date_gmt":"2025-07-13T19:43:09","guid":{"rendered":"https:\/\/www.europesays.com\/fr\/247819\/"},"modified":"2025-07-13T19:43:09","modified_gmt":"2025-07-13T19:43:09","slug":"un-bateau-a-moteur-prend-feu-au-demarrage-dans-le-port-de-la-pointe-rouge-a-marseille","status":"publish","type":"post","link":"https:\/\/www.europesays.com\/fr\/247819\/","title":{"rendered":"Un bateau \u00e0 moteur prend feu au d\u00e9marrage dans le port de la Pointe-Rouge \u00e0 Marseille"},"content":{"rendered":"<p>En parall\u00e8le, ce sont une soixantaine de soldats du feu \u00e9quip\u00e9s d\u2019une vingtaine d\u2019engins (dont des moyens nautiques) qui se sont attel\u00e9s \u00e0 ma\u00eetriser l\u2019incendie, pendant que l\u2019entr\u00e9e du port de la Pointe-Rouge demeurait ferm\u00e9e aux embarcations, contraignant une cinquantaine de navires de plaisance et deux navettes de la RTM \u00e0 rester \u00e0 l\u2019ext\u00e9rieur le temps des op\u00e9rations. Un voilier, stationn\u00e9 \u00e0 proximit\u00e9 du bateau \u00e0 moteur, a \u00e9t\u00e9 endommag\u00e9 par les flammes.<\/p>\n<p>Vers 19h30, le feu a \u00e9t\u00e9 ma\u00eetris\u00e9. Dans la soir\u00e9e, les marins-pompiers de Marseille ont poursuivi leur intervention, effectuant <a href=\"https:\/\/www.laprovence.com\/article\/region\/3385806327787914\/des-marins-pompiers-de-marseille-mobilises-pour-depolluer-le-port-de-saint-tropez-apres-lincendie-dun-yacht\" target=\"_blank\" rel=\"nofollow noopener\">des man\u0153uvres de d\u00e9pollution<\/a>, notamment la pose d\u2019un barrage pour \u00e9viter que d\u2019\u00e9ventuels r\u00e9sidus de carburants dans les cales du navire incendi\u00e9, d\u00e9sormais pos\u00e9 au fond du port, ne se r\u00e9pandent dans l\u2019eau.<\/p>\n<p>Le bataillon a engag\u00e9, outre des \u00e9quipes sp\u00e9cialis\u00e9es dans la d\u00e9pollution, des drones afin d\u2019effectuer une reconnaissance a\u00e9rienne et de rep\u00e9rer une \u00e9ventuelle nappe d\u2019hydrocarbure.<\/p>\n","protected":false},"excerpt":{"rendered":"En parall\u00e8le, ce sont une soixantaine de soldats du feu \u00e9quip\u00e9s d\u2019une vingtaine d\u2019engins (dont des moyens nautiques)&hellip;\n","protected":false},"author":2,"featured_media":247820,"comment_status":"","ping_status":"","sticky":false,"template":"","format":"standard","meta":{"footnotes":""},"categories":[2814],"tags":[17,1111,11,5160,1446,35311,1777,674,274,1312,1011,27,884,5207,12,5159,6020,882,25],"class_list":{"0":"post-247819","1":"post","2":"type-post","3":"status-publish","4":"format-standard","5":"has-post-thumbnail","7":"category-marseille","8":"tag-17","9":"tag-actu","10":"tag-actualites","11":"tag-bateau","12":"tag-dans","13":"tag-demarrage","14":"tag-eu","15":"tag-europe","16":"tag-faits-divers-justice","17":"tag-feu","18":"tag-fr","19":"tag-france","20":"tag-marseille","21":"tag-moteur","22":"tag-news","23":"tag-port","24":"tag-prend","25":"tag-provence-alpes-cote-dazur","26":"tag-republique-francaise"},"share_on_mastodon":{"url":"https:\/\/pubeurope.com\/@fr\/114847639435760588","error":""},"_links":{"self":[{"href":"https:\/\/www.europesays.com\/fr\/wp-json\/wp\/v2\/posts\/247819","targetHints":{"allow":["GET"]}}],"collection":[{"href":"https:\/\/www.europesays.com\/fr\/wp-json\/wp\/v2\/posts"}],"about":[{"href":"https:\/\/www.europesays.com\/fr\/wp-json\/wp\/v2\/types\/post"}],"author":[{"embeddable":true,"href":"https:\/\/www.europesays.com\/fr\/wp-json\/wp\/v2\/users\/2"}],"replies":[{"embeddable":true,"href":"https:\/\/www.europesays.com\/fr\/wp-json\/wp\/v2\/comments?post=247819"}],"version-history":[{"count":0,"href":"https:\/\/www.europesays.com\/fr\/wp-json\/wp\/v2\/posts\/247819\/revisions"}],"wp:featuredmedia":[{"embeddable":true,"href":"https:\/\/www.europesays.com\/fr\/wp-json\/wp\/v2\/media\/247820"}],"wp:attachment":[{"href":"https:\/\/www.europesays.com\/fr\/wp-json\/wp\/v2\/media?parent=247819"}],"wp:term":[{"taxonomy":"category","embeddable":true,"href":"https:\/\/www.europesays.com\/fr\/wp-json\/wp\/v2\/categories?post=247819"},{"taxonomy":"post_tag","embeddable":true,"href":"https:\/\/www.europesays.com\/fr\/wp-json\/wp\/v2\/tags?post=247819"}],"curies":[{"name":"wp","href":"https:\/\/api.w.org\/{rel}","templated":true}]}}