{"id":247823,"date":"2025-07-13T19:45:57","date_gmt":"2025-07-13T19:45:57","guid":{"rendered":"https:\/\/www.europesays.com\/fr\/247823\/"},"modified":"2025-07-13T19:45:57","modified_gmt":"2025-07-13T19:45:57","slug":"ophta-sante-lyon-inauguration-de-la-clinique-neovision","status":"publish","type":"post","link":"https:\/\/www.europesays.com\/fr\/247823\/","title":{"rendered":"Ophta Sant\u00e9 Lyon. Inauguration de la clinique N\u00e9ovision"},"content":{"rendered":"<p>\t\t\t\t<img fetchpriority=\"high\" decoding=\"async\" width=\"900\" height=\"599\" src=\"https:\/\/www.europesays.com\/fr\/wp-content\/uploads\/2025\/07\/01_CENTRE-OPHTA-SANTE_AM-copie.jpg\" alt=\"\" title=\"01_CENTRE OPHTA SANTE_AM copie\"   class=\"wp-image-162518\"\/><\/p>\n<p>Photos \u00a9 Alexandre Moulard<\/p>\n<p>Au mois de mai dernier, Lyon a accueilli\u00a0la Clinique N\u00e9ovision, un espace enti\u00e8rement d\u00e9di\u00e9 \u00e0 la chirurgie r\u00e9fractive et aux solutions innovantes pour la sant\u00e9 visuelle. Install\u00e9e au c\u0153ur du centre Louis Paufique, dirig\u00e9 par <strong>Armelle Jacquin,<\/strong> cette nouvelle clinique incarne une approche moderne et exigeante de la correction de la vision et du confort oculaire.<\/p>\n<p>Sous l\u2019impulsion de <strong>Sol\u00e8ne Thivent<\/strong>, directrice des centres Ophta Sant\u00e9, et d\u2019<strong>Anna Panczer<\/strong>, responsable de la Clinique N\u00e9ovision, l\u2019organisation a \u00e9t\u00e9 pens\u00e9e dans ses moindres d\u00e9tails pour offrir un accompagnement global et personnalis\u00e9.<\/p>\n<p>Au 304 rue Garibaldi, les patients d\u00e9couvrent un univers con\u00e7u comme un cocon, o\u00f9 confort et qualit\u00e9 des soins vont de pair. Dot\u00e9e d\u2019\u00e9quipements de derni\u00e8re g\u00e9n\u00e9ration, la clinique s\u2019est \u00e9quip\u00e9e des lasers Visumax 800 de chez Zeiss et\u00a0Amaris\u00a0de chez Schwind, \u00e0 la pointe de la technologie.<\/p>\n<p>Ces dispositifs sont directement connect\u00e9s aux appareils de mesure (OCT corn\u00e9en et biom\u00e8tre), permettant l\u2019envoi automatis\u00e9 des donn\u00e9es et une pr\u00e9cision\u00a0optimale des traitements. La clinique propose ainsi des solutions sur mesure pour corriger durablement la myopie, l\u2019astigmatisme, l\u2019hyperm\u00e9tropie ou la presbytie, ainsi que\u00a0pour le traitement de\u00a0la s\u00e9cheresse oculaire.<\/p>\n<p>\u00ab\u202fNous avons voulu cr\u00e9er un lieu o\u00f9 chaque patient se sente pleinement accompagn\u00e9, de la premi\u00e8re consultation jusqu\u2019au suivi post-op\u00e9ratoire\u202f\u00bb, souligne Sol\u00e8ne Thivent. Une exigence d\u2019excellence partag\u00e9e par toute l\u2019\u00e9quipe, qui se r\u00e9sume en une promesse simple\u202f: \u00ab\u202fbye bye les lunettes, bonjour la vision nette\u202f\u00bb.<\/p>\n<p style=\"text-align: center;\"><strong>Clinique N\u00e9ovision<br \/>Jeudi 27 juin 2025<\/strong><\/p>\n<p>                                <a href=\"https:\/\/www.europesays.com\/fr\/wp-content\/uploads\/2025\/07\/1_CENTRE-OPHTA-SANTE_AM.jpg\" title=\"1. Les chirurgiens Elodie Calas, Eiad Bouz et Marine Regnier\" data-rl_title=\"1. Les chirurgiens Elodie Calas, Eiad Bouz et Marine Regnier\" class=\"rl-gallery-link\" data-rl_caption=\"\" data-rel=\"lightbox-gallery-bGlnaHRib3gtZ2FsbGVyeS0w\"><img loading=\"lazy\" decoding=\"async\" width=\"900\" height=\"599\" src=\"data:image\/svg+xml,%3Csvg%20xmlns=\" http:=\"\" class=\"attachment-large size-large\" alt=\"\" aria-describedby=\"gallery--162519\" data-lazy- data-lazy- data-lazy-src=\"https:\/\/www.europesays.com\/fr\/wp-content\/uploads\/2025\/07\/1_CENTRE-OPHTA-SANTE_AM.jpg\"\/><\/a><\/p>\n<p>\n                                1. Les chirurgiens Elodie Calas, Eiad Bouz et Marine Regnier <\/p>\n<p>                                <a href=\"https:\/\/www.europesays.com\/fr\/wp-content\/uploads\/2025\/07\/2_CENTRE-OPHTA-SANTE_AM.jpg\" title=\"2. Laurent Mauclert, Directeur des ventes ZEISS r\u00e9fractive et Eiad Bouz, chirurgien ophtalmologiste, directeur du centre Ophta Sant\u00e9.\" data-rl_title=\"2. Laurent Mauclert, Directeur des ventes ZEISS r\u00e9fractive et Eiad Bouz, chirurgien ophtalmologiste, directeur du centre Ophta Sant\u00e9.\" class=\"rl-gallery-link\" data-rl_caption=\"\" data-rel=\"lightbox-gallery-bGlnaHRib3gtZ2FsbGVyeS0w\"><img loading=\"lazy\" decoding=\"async\" width=\"900\" height=\"599\" src=\"data:image\/svg+xml,%3Csvg%20xmlns=\" http:=\"\" class=\"attachment-large size-large\" alt=\"\" aria-describedby=\"gallery--162520\" data-lazy- data-lazy- data-lazy-src=\"https:\/\/www.europesays.com\/fr\/wp-content\/uploads\/2025\/07\/2_CENTRE-OPHTA-SANTE_AM.jpg\"\/><\/a><\/p>\n<p>\n                                2. Laurent Mauclert, Directeur des ventes ZEISS r\u00e9fractive et Eiad Bouz, chirurgien ophtalmologiste, directeur du centre Ophta Sant\u00e9.<\/p>\n<p><br style=\"clear: both\"\/><\/p>\n<p>                                <a href=\"https:\/\/www.europesays.com\/fr\/wp-content\/uploads\/2025\/07\/3_CENTRE-OPHTA-SANTE_AM.jpg\" title=\"3. Laurent Mauclert, Directeur des ventes ZEISS r\u00e9fractive et Eiad Bouz, chirurgien ophtalmologiste, directeur du centre Ophta Sant\u00e9, entour\u00e9s d\u2019Elodie Calas et de Marine Regnier, Chirurgiennes Ophtalmologues.\" data-rl_title=\"3. Laurent Mauclert, Directeur des ventes ZEISS r\u00e9fractive et Eiad Bouz, chirurgien ophtalmologiste, directeur du centre Ophta Sant\u00e9, entour\u00e9s d\u2019Elodie Calas et de Marine Regnier, Chirurgiennes Ophtalmologues.\" class=\"rl-gallery-link\" data-rl_caption=\"\" data-rel=\"lightbox-gallery-bGlnaHRib3gtZ2FsbGVyeS0w\"><img loading=\"lazy\" decoding=\"async\" width=\"900\" height=\"599\" src=\"data:image\/svg+xml,%3Csvg%20xmlns=\" http:=\"\" class=\"attachment-large size-large\" alt=\"\" aria-describedby=\"gallery--162521\" data-lazy- data-lazy- data-lazy-src=\"https:\/\/www.europesays.com\/fr\/wp-content\/uploads\/2025\/07\/3_CENTRE-OPHTA-SANTE_AM.jpg\"\/><\/a><\/p>\n<p>\n                                3. Laurent Mauclert, Directeur des ventes ZEISS r\u00e9fractive et Eiad Bouz, chirurgien ophtalmologiste, directeur du centre Ophta Sant\u00e9, entour\u00e9s d\u2019Elodie Calas et de Marine Regnier, Chirurgiennes Ophtalmologues.<\/p>\n<p>                                <a href=\"https:\/\/www.europesays.com\/fr\/wp-content\/uploads\/2025\/07\/4_CENTRE-OPHTA-SANTE_AM.jpg\" title=\"4. L\u2019\u00e9quipe d\u2019Ophta Sant\u00e9 au grand complet.\" data-rl_title=\"4. L\u2019\u00e9quipe d\u2019Ophta Sant\u00e9 au grand complet.\" class=\"rl-gallery-link\" data-rl_caption=\"\" data-rel=\"lightbox-gallery-bGlnaHRib3gtZ2FsbGVyeS0w\"><img loading=\"lazy\" decoding=\"async\" width=\"900\" height=\"599\" src=\"data:image\/svg+xml,%3Csvg%20xmlns=\" http:=\"\" class=\"attachment-large size-large\" alt=\"\" aria-describedby=\"gallery--162522\" data-lazy- data-lazy- data-lazy-src=\"https:\/\/www.europesays.com\/fr\/wp-content\/uploads\/2025\/07\/4_CENTRE-OPHTA-SANTE_AM.jpg\"\/><\/a><\/p>\n<p>\n                                4. L\u2019\u00e9quipe d\u2019Ophta Sant\u00e9 au grand complet.<\/p>\n<p><br style=\"clear: both\"\/><\/p>\n<p>                                <a href=\"https:\/\/www.europesays.com\/fr\/wp-content\/uploads\/2025\/07\/5_CENTRE-OPHTA-SANTE_AM.jpg\" title=\"5.\" data-rl_title=\"5.\" class=\"rl-gallery-link\" data-rl_caption=\"\" data-rel=\"lightbox-gallery-bGlnaHRib3gtZ2FsbGVyeS0w\"><img loading=\"lazy\" decoding=\"async\" width=\"900\" height=\"599\" src=\"data:image\/svg+xml,%3Csvg%20xmlns=\" http:=\"\" class=\"attachment-large size-large\" alt=\"\" aria-describedby=\"gallery--162523\" data-lazy- data-lazy- data-lazy-src=\"https:\/\/www.europesays.com\/fr\/wp-content\/uploads\/2025\/07\/5_CENTRE-OPHTA-SANTE_AM.jpg\"\/><\/a><\/p>\n<p>\n                                5. <\/p>\n<p>                                <a href=\"https:\/\/www.europesays.com\/fr\/wp-content\/uploads\/2025\/07\/6_CENTRE-OPHTA-SANTE_AM.jpg\" title=\"6. Le chirurgien ophtalmologiste Eiad Bouz, directeur du centre Ophta Sant\u00e9, son \u00e9pouse Christine, biologiste m\u00e9dical chez Eurofins Biomnis et leur fille, Tea.\" data-rl_title=\"6. Le chirurgien ophtalmologiste Eiad Bouz, directeur du centre Ophta Sant\u00e9, son \u00e9pouse Christine, biologiste m\u00e9dical chez Eurofins Biomnis et leur fille, Tea.\" class=\"rl-gallery-link\" data-rl_caption=\"\" data-rel=\"lightbox-gallery-bGlnaHRib3gtZ2FsbGVyeS0w\"><img loading=\"lazy\" decoding=\"async\" width=\"900\" height=\"599\" src=\"data:image\/svg+xml,%3Csvg%20xmlns=\" http:=\"\" class=\"attachment-large size-large\" alt=\"\" aria-describedby=\"gallery--162524\" data-lazy- data-lazy- data-lazy-src=\"https:\/\/www.europesays.com\/fr\/wp-content\/uploads\/2025\/07\/6_CENTRE-OPHTA-SANTE_AM.jpg\"\/><\/a><\/p>\n<p>\n                                6. Le chirurgien ophtalmologiste Eiad Bouz, directeur du centre Ophta Sant\u00e9, son \u00e9pouse Christine, biologiste m\u00e9dical chez Eurofins Biomnis et leur fille, Tea. <\/p>\n<p><br style=\"clear: both\"\/><\/p>\n<p>                                <a href=\"https:\/\/www.europesays.com\/fr\/wp-content\/uploads\/2025\/07\/7_CENTRE-OPHTA-SANTE_AM.jpg\" title=\"7. Yehia et Claire Eid.\" data-rl_title=\"7. Yehia et Claire Eid.\" class=\"rl-gallery-link\" data-rl_caption=\"\" data-rel=\"lightbox-gallery-bGlnaHRib3gtZ2FsbGVyeS0w\"><img loading=\"lazy\" decoding=\"async\" width=\"900\" height=\"599\" src=\"data:image\/svg+xml,%3Csvg%20xmlns=\" http:=\"\" class=\"attachment-large size-large\" alt=\"\" aria-describedby=\"gallery--162525\" data-lazy- data-lazy- data-lazy-src=\"https:\/\/www.europesays.com\/fr\/wp-content\/uploads\/2025\/07\/7_CENTRE-OPHTA-SANTE_AM.jpg\"\/><\/a><\/p>\n<p>\n                                7. Yehia et Claire Eid.<\/p>\n<p>                                <a href=\"https:\/\/www.europesays.com\/fr\/wp-content\/uploads\/2025\/07\/8_CENTRE-OPHTA-SANTE_AM.jpg\" title=\"8. Alexis Mongodin (optom\u00e9triste), Emmanuel Kuevareck, secr\u00e9taire m\u00e9dicale et Margaux Perrod, optom\u00e9triste.\" data-rl_title=\"8. Alexis Mongodin (optom\u00e9triste), Emmanuel Kuevareck, secr\u00e9taire m\u00e9dicale et Margaux Perrod, optom\u00e9triste.\" class=\"rl-gallery-link\" data-rl_caption=\"\" data-rel=\"lightbox-gallery-bGlnaHRib3gtZ2FsbGVyeS0w\"><img loading=\"lazy\" decoding=\"async\" width=\"900\" height=\"599\" src=\"data:image\/svg+xml,%3Csvg%20xmlns=\" http:=\"\" class=\"attachment-large size-large\" alt=\"\" aria-describedby=\"gallery--162526\" data-lazy- data-lazy- data-lazy-src=\"https:\/\/www.europesays.com\/fr\/wp-content\/uploads\/2025\/07\/8_CENTRE-OPHTA-SANTE_AM.jpg\"\/><\/a><\/p>\n<p>\n                                8. Alexis Mongodin (optom\u00e9triste), Emmanuel Kuevareck, secr\u00e9taire m\u00e9dicale et Margaux Perrod, optom\u00e9triste.<\/p>\n<p><br style=\"clear: both\"\/><\/p>\n<p>                                <a href=\"https:\/\/www.europesays.com\/fr\/wp-content\/uploads\/2025\/07\/9_CENTRE-OPHTA-SANTE_AM.jpg\" title=\"9. Tom Schmid, optom\u00e9triste, le docteur Elodie Calas et Alexis Mondodin.\" data-rl_title=\"9. Tom Schmid, optom\u00e9triste, le docteur Elodie Calas et Alexis Mondodin.\" class=\"rl-gallery-link\" data-rl_caption=\"\" data-rel=\"lightbox-gallery-bGlnaHRib3gtZ2FsbGVyeS0w\"><img loading=\"lazy\" decoding=\"async\" width=\"900\" height=\"599\" src=\"data:image\/svg+xml,%3Csvg%20xmlns=\" http:=\"\" class=\"attachment-large size-large\" alt=\"\" aria-describedby=\"gallery--162527\" data-lazy- data-lazy- data-lazy-src=\"https:\/\/www.europesays.com\/fr\/wp-content\/uploads\/2025\/07\/9_CENTRE-OPHTA-SANTE_AM.jpg\"\/><\/a><\/p>\n<p>\n                                9. Tom Schmid, optom\u00e9triste, le docteur Elodie Calas et Alexis Mondodin.<\/p>\n<p>                                <a href=\"https:\/\/www.europesays.com\/fr\/wp-content\/uploads\/2025\/07\/10_CENTRE-OPHTA-SANTE_AM.jpg\" title=\"10 Eiad Bouz, chirurgien ophtalmologiste, directeur du centre Ophta Sant\u00e9 et le docteur Pierre Volckmann.\" data-rl_title=\"10 Eiad Bouz, chirurgien ophtalmologiste, directeur du centre Ophta Sant\u00e9 et le docteur Pierre Volckmann.\" class=\"rl-gallery-link\" data-rl_caption=\"\" data-rel=\"lightbox-gallery-bGlnaHRib3gtZ2FsbGVyeS0w\"><img loading=\"lazy\" decoding=\"async\" width=\"900\" height=\"599\" src=\"data:image\/svg+xml,%3Csvg%20xmlns=\" http:=\"\" class=\"attachment-large size-large\" alt=\"\" aria-describedby=\"gallery--162528\" data-lazy- data-lazy- data-lazy-src=\"https:\/\/www.europesays.com\/fr\/wp-content\/uploads\/2025\/07\/10_CENTRE-OPHTA-SANTE_AM.jpg\"\/><\/a><\/p>\n<p>\n                                10 Eiad Bouz, chirurgien ophtalmologiste, directeur du centre Ophta Sant\u00e9 et le docteur Pierre Volckmann.<\/p>\n<p><br style=\"clear: both\"\/><\/p>\n<p>                                <a href=\"https:\/\/www.europesays.com\/fr\/wp-content\/uploads\/2025\/07\/11_CENTRE-OPHTA-SANTE_AM.jpg\" title=\"11. B\u00e9atrice Garnier Fantino, g\u00e9rante d\u2019Ophta Sant\u00e9, Armelle Jacquin, directrice du centre et Eiad Bouz chirurgien ophtalmologiste, directeur du centre Ophta Sant\u00e9\" data-rl_title=\"11. B\u00e9atrice Garnier Fantino, g\u00e9rante d\u2019Ophta Sant\u00e9, Armelle Jacquin, directrice du centre et Eiad Bouz chirurgien ophtalmologiste, directeur du centre Ophta Sant\u00e9\" class=\"rl-gallery-link\" data-rl_caption=\"\" data-rel=\"lightbox-gallery-bGlnaHRib3gtZ2FsbGVyeS0w\"><img loading=\"lazy\" decoding=\"async\" width=\"900\" height=\"599\" src=\"data:image\/svg+xml,%3Csvg%20xmlns=\" http:=\"\" class=\"attachment-large size-large\" alt=\"\" aria-describedby=\"gallery--162529\" data-lazy- data-lazy- data-lazy-src=\"https:\/\/www.europesays.com\/fr\/wp-content\/uploads\/2025\/07\/11_CENTRE-OPHTA-SANTE_AM.jpg\"\/><\/a><\/p>\n<p>\n                                11. B\u00e9atrice Garnier Fantino, g\u00e9rante d\u2019Ophta Sant\u00e9, Armelle Jacquin, directrice du centre et Eiad Bouz chirurgien ophtalmologiste, directeur du centre Ophta Sant\u00e9<\/p>\n<p>                                <a href=\"https:\/\/www.europesays.com\/fr\/wp-content\/uploads\/2025\/07\/12_CENTRE-OPHTA-SANTE_AM.jpg\" title=\"12. Eiad Bouz, B\u00e9atrice Granier Fantino et Jacques Vassenon, ophtalmologue.\" data-rl_title=\"12. Eiad Bouz, B\u00e9atrice Granier Fantino et Jacques Vassenon, ophtalmologue.\" class=\"rl-gallery-link\" data-rl_caption=\"\" data-rel=\"lightbox-gallery-bGlnaHRib3gtZ2FsbGVyeS0w\"><img loading=\"lazy\" decoding=\"async\" width=\"900\" height=\"599\" src=\"data:image\/svg+xml,%3Csvg%20xmlns=\" http:=\"\" class=\"attachment-large size-large\" alt=\"\" aria-describedby=\"gallery--162530\" data-lazy- data-lazy- data-lazy-src=\"https:\/\/www.europesays.com\/fr\/wp-content\/uploads\/2025\/07\/12_CENTRE-OPHTA-SANTE_AM.jpg\"\/><\/a><\/p>\n<p>\n                                12. Eiad Bouz, B\u00e9atrice Granier Fantino et Jacques Vassenon, ophtalmologue.<\/p>\n<p><br style=\"clear: both\"\/><\/p>\n<p>                                <a href=\"https:\/\/www.europesays.com\/fr\/wp-content\/uploads\/2025\/07\/13_CENTRE-OPHTA-SANTE_AM.jpg\" title=\"13. Cl\u00e9ment Garcin (vin de lieux) et Alexis Garcin.\" data-rl_title=\"13. Cl\u00e9ment Garcin (vin de lieux) et Alexis Garcin.\" class=\"rl-gallery-link\" data-rl_caption=\"\" data-rel=\"lightbox-gallery-bGlnaHRib3gtZ2FsbGVyeS0w\"><img loading=\"lazy\" decoding=\"async\" width=\"900\" height=\"599\" src=\"data:image\/svg+xml,%3Csvg%20xmlns=\" http:=\"\" class=\"attachment-large size-large\" alt=\"\" aria-describedby=\"gallery--162531\" data-lazy- data-lazy- data-lazy-src=\"https:\/\/www.europesays.com\/fr\/wp-content\/uploads\/2025\/07\/13_CENTRE-OPHTA-SANTE_AM.jpg\"\/><\/a><\/p>\n<p>\n                                13. Cl\u00e9ment Garcin (vin de lieux) et Alexis Garcin.<\/p>\n<p>                                <a href=\"https:\/\/www.europesays.com\/fr\/wp-content\/uploads\/2025\/07\/14_CENTRE-OPHTA-SANTE_AM.jpg\" title=\"14. Oriane Caillot entour\u00e9e de R\u00e9my Bonnefoi, Flavien Leduc, Jean-Baptiste Morand et Numa Durand.\" data-rl_title=\"14. Oriane Caillot entour\u00e9e de R\u00e9my Bonnefoi, Flavien Leduc, Jean-Baptiste Morand et Numa Durand.\" class=\"rl-gallery-link\" data-rl_caption=\"\" data-rel=\"lightbox-gallery-bGlnaHRib3gtZ2FsbGVyeS0w\"><img loading=\"lazy\" decoding=\"async\" width=\"900\" height=\"599\" src=\"data:image\/svg+xml,%3Csvg%20xmlns=\" http:=\"\" class=\"attachment-large size-large\" alt=\"\" aria-describedby=\"gallery--162532\" data-lazy- data-lazy- data-lazy-src=\"https:\/\/www.europesays.com\/fr\/wp-content\/uploads\/2025\/07\/14_CENTRE-OPHTA-SANTE_AM.jpg\"\/><\/a><\/p>\n<p>\n                                14. Oriane Caillot entour\u00e9e de R\u00e9my Bonnefoi, Flavien Leduc, Jean-Baptiste Morand et Numa Durand.<\/p>\n<p><br style=\"clear: both\"\/><\/p>\n<p>                                <a href=\"https:\/\/www.europesays.com\/fr\/wp-content\/uploads\/2025\/07\/15_CENTRE-OPHTA-SANTE_AM.jpg\" title=\"15. Camille Badaoui, opticienne, Cl\u00e9ment Dubuis, opticien et Jeanne Mazille (opticienne) et Marc Lebihan.\" data-rl_title=\"15. Camille Badaoui, opticienne, Cl\u00e9ment Dubuis, opticien et Jeanne Mazille (opticienne) et Marc Lebihan.\" class=\"rl-gallery-link\" data-rl_caption=\"\" data-rel=\"lightbox-gallery-bGlnaHRib3gtZ2FsbGVyeS0w\"><img loading=\"lazy\" decoding=\"async\" width=\"900\" height=\"599\" src=\"data:image\/svg+xml,%3Csvg%20xmlns=\" http:=\"\" class=\"attachment-large size-large\" alt=\"\" aria-describedby=\"gallery--162533\" data-lazy- data-lazy- data-lazy-src=\"https:\/\/www.europesays.com\/fr\/wp-content\/uploads\/2025\/07\/15_CENTRE-OPHTA-SANTE_AM.jpg\"\/><\/a><\/p>\n<p>\n                                15. Camille Badaoui, opticienne, Cl\u00e9ment Dubuis, opticien et Jeanne Mazille (opticienne) et Marc Lebihan.<\/p>\n<p>                                <a href=\"https:\/\/www.europesays.com\/fr\/wp-content\/uploads\/2025\/07\/16_CENTRE-OPHTA-SANTE_AM.jpg\" title=\"16. Isaac Viscogliosi (\u00e9tudiant en m\u00e9decine) et son \u00e9pouse Eva.\" data-rl_title=\"16. Isaac Viscogliosi (\u00e9tudiant en m\u00e9decine) et son \u00e9pouse Eva.\" class=\"rl-gallery-link\" data-rl_caption=\"\" data-rel=\"lightbox-gallery-bGlnaHRib3gtZ2FsbGVyeS0w\"><img loading=\"lazy\" decoding=\"async\" width=\"900\" height=\"599\" src=\"data:image\/svg+xml,%3Csvg%20xmlns=\" http:=\"\" class=\"attachment-large size-large\" alt=\"\" aria-describedby=\"gallery--162534\" data-lazy- data-lazy- data-lazy-src=\"https:\/\/www.europesays.com\/fr\/wp-content\/uploads\/2025\/07\/16_CENTRE-OPHTA-SANTE_AM.jpg\"\/><\/a><\/p>\n<p>\n                                16. Isaac Viscogliosi (\u00e9tudiant en m\u00e9decine) et son \u00e9pouse Eva.<\/p>\n<p><br style=\"clear: both\"\/><\/p>\n<p>                                <a href=\"https:\/\/www.europesays.com\/fr\/wp-content\/uploads\/2025\/07\/17_CENTRE-OPHTA-SANTE_AM.jpg\" title=\"17. Eiad Bouz, chirurgien ophtalmologiste, directeur du centre Ophta Sant\u00e9. Entour\u00e9 de Christian Ventira (Clinique du Parc) et Isabelle Leclerc (Clinique du Parc)\" data-rl_title=\"17. Eiad Bouz, chirurgien ophtalmologiste, directeur du centre Ophta Sant\u00e9. Entour\u00e9 de Christian Ventira (Clinique du Parc) et Isabelle Leclerc (Clinique du Parc)\" class=\"rl-gallery-link\" data-rl_caption=\"\" data-rel=\"lightbox-gallery-bGlnaHRib3gtZ2FsbGVyeS0w\"><img loading=\"lazy\" decoding=\"async\" width=\"900\" height=\"599\" src=\"data:image\/svg+xml,%3Csvg%20xmlns=\" http:=\"\" class=\"attachment-large size-large\" alt=\"\" aria-describedby=\"gallery--162535\" data-lazy- data-lazy- data-lazy-src=\"https:\/\/www.europesays.com\/fr\/wp-content\/uploads\/2025\/07\/17_CENTRE-OPHTA-SANTE_AM.jpg\"\/><\/a><\/p>\n<p>\n                                17. Eiad Bouz, chirurgien ophtalmologiste, directeur du centre Ophta Sant\u00e9. Entour\u00e9 de Christian Ventira (Clinique du Parc) et Isabelle Leclerc (Clinique du Parc) <\/p>\n<p>                                <a href=\"https:\/\/www.europesays.com\/fr\/wp-content\/uploads\/2025\/07\/18_CENTRE-OPHTA-SANTE_AM.jpg\" title=\"18. Eiad Bouz, chirurgien ophtalmologiste, directeur du centre Ophta Sant\u00e9 entour\u00e9 d\u2019Elias Salibi, gyn\u00e9cologue et de Naya Salibi\" data-rl_title=\"18. Eiad Bouz, chirurgien ophtalmologiste, directeur du centre Ophta Sant\u00e9 entour\u00e9 d\u2019Elias Salibi, gyn\u00e9cologue et de Naya Salibi\" class=\"rl-gallery-link\" data-rl_caption=\"\" data-rel=\"lightbox-gallery-bGlnaHRib3gtZ2FsbGVyeS0w\"><img loading=\"lazy\" decoding=\"async\" width=\"900\" height=\"599\" src=\"data:image\/svg+xml,%3Csvg%20xmlns=\" http:=\"\" class=\"attachment-large size-large\" alt=\"\" aria-describedby=\"gallery--162536\" data-lazy- data-lazy- data-lazy-src=\"https:\/\/www.europesays.com\/fr\/wp-content\/uploads\/2025\/07\/18_CENTRE-OPHTA-SANTE_AM.jpg\"\/><\/a><\/p>\n<p>\n                                18. Eiad Bouz, chirurgien ophtalmologiste, directeur du centre Ophta Sant\u00e9 entour\u00e9 d\u2019Elias Salibi, gyn\u00e9cologue et de Naya Salibi<\/p>\n<p><br style=\"clear: both\"\/><\/p>\n<p>                                <a href=\"https:\/\/www.europesays.com\/fr\/wp-content\/uploads\/2025\/07\/19_CENTRE-OPHTA-SANTE_AM.jpg\" title=\"19. Christine (Eurofins Biomnis), Hiam Ibrahim, \u00c9lias Ibrahim et Eiad Bouz, chirurgien ophtalmologiste, directeur du centre Ophta Sant\u00e9.\" data-rl_title=\"19. Christine (Eurofins Biomnis), Hiam Ibrahim, \u00c9lias Ibrahim et Eiad Bouz, chirurgien ophtalmologiste, directeur du centre Ophta Sant\u00e9.\" class=\"rl-gallery-link\" data-rl_caption=\"\" data-rel=\"lightbox-gallery-bGlnaHRib3gtZ2FsbGVyeS0w\"><img loading=\"lazy\" decoding=\"async\" width=\"900\" height=\"599\" src=\"data:image\/svg+xml,%3Csvg%20xmlns=\" http:=\"\" class=\"attachment-large size-large\" alt=\"\" aria-describedby=\"gallery--162537\" data-lazy- data-lazy- data-lazy-src=\"https:\/\/www.europesays.com\/fr\/wp-content\/uploads\/2025\/07\/19_CENTRE-OPHTA-SANTE_AM.jpg\"\/><\/a><\/p>\n<p>\n                                19. Christine (Eurofins Biomnis), Hiam Ibrahim, \u00c9lias Ibrahim et Eiad Bouz, chirurgien ophtalmologiste, directeur du centre Ophta Sant\u00e9.<\/p>\n<p>                                <a href=\"https:\/\/www.europesays.com\/fr\/wp-content\/uploads\/2025\/07\/20_CENTRE-OPHTA-SANTE_AM.jpg\" title=\"20. Aur\u00e9lie Bouz et Khaled Bouz et Christine Bouz.\" data-rl_title=\"20. Aur\u00e9lie Bouz et Khaled Bouz et Christine Bouz.\" class=\"rl-gallery-link\" data-rl_caption=\"\" data-rel=\"lightbox-gallery-bGlnaHRib3gtZ2FsbGVyeS0w\"><img loading=\"lazy\" decoding=\"async\" width=\"900\" height=\"599\" src=\"data:image\/svg+xml,%3Csvg%20xmlns=\" http:=\"\" class=\"attachment-large size-large\" alt=\"\" aria-describedby=\"gallery--162538\" data-lazy- data-lazy- data-lazy-src=\"https:\/\/www.europesays.com\/fr\/wp-content\/uploads\/2025\/07\/20_CENTRE-OPHTA-SANTE_AM.jpg\"\/><\/a><\/p>\n<p>\n                                20. Aur\u00e9lie Bouz et Khaled Bouz et Christine Bouz.<\/p>\n<p><br style=\"clear: both\"\/><\/p>\n<p>                                <a href=\"https:\/\/www.europesays.com\/fr\/wp-content\/uploads\/2025\/07\/21_CENTRE-OPHTA-SANTE_AM.jpg\" title=\"21. Ahmed Rahmi (\u00e9chographie UBM) et Eiad Bouz chirurgien ophtalmologiste, directeur du centre Ophta Sant\u00e9.\" data-rl_title=\"21. Ahmed Rahmi (\u00e9chographie UBM) et Eiad Bouz chirurgien ophtalmologiste, directeur du centre Ophta Sant\u00e9.\" class=\"rl-gallery-link\" data-rl_caption=\"\" data-rel=\"lightbox-gallery-bGlnaHRib3gtZ2FsbGVyeS0w\"><img loading=\"lazy\" decoding=\"async\" width=\"900\" height=\"599\" src=\"data:image\/svg+xml,%3Csvg%20xmlns=\" http:=\"\" class=\"attachment-large size-large\" alt=\"\" aria-describedby=\"gallery--162539\" data-lazy- data-lazy- data-lazy-src=\"https:\/\/www.europesays.com\/fr\/wp-content\/uploads\/2025\/07\/21_CENTRE-OPHTA-SANTE_AM.jpg\"\/><\/a><\/p>\n<p>\n                                21. Ahmed Rahmi (\u00e9chographie UBM) et Eiad Bouz chirurgien ophtalmologiste, directeur du centre Ophta Sant\u00e9.<\/p>\n<p>                                <a href=\"https:\/\/www.europesays.com\/fr\/wp-content\/uploads\/2025\/07\/22_CENTRE-OPHTA-SANTE_AM.jpg\" title=\"22 Eiad Bouz, directeur du centre Ophta Sant\u00e9, Dominique Laredina, St\u00e9phane Favre et Roman Furnon (Toptopcon Healthcare).\" data-rl_title=\"22 Eiad Bouz, directeur du centre Ophta Sant\u00e9, Dominique Laredina, St\u00e9phane Favre et Roman Furnon (Toptopcon Healthcare).\" class=\"rl-gallery-link\" data-rl_caption=\"\" data-rel=\"lightbox-gallery-bGlnaHRib3gtZ2FsbGVyeS0w\"><img loading=\"lazy\" decoding=\"async\" width=\"900\" height=\"599\" src=\"data:image\/svg+xml,%3Csvg%20xmlns=\" http:=\"\" class=\"attachment-large size-large\" alt=\"\" aria-describedby=\"gallery--162540\" data-lazy- data-lazy- data-lazy-src=\"https:\/\/www.europesays.com\/fr\/wp-content\/uploads\/2025\/07\/22_CENTRE-OPHTA-SANTE_AM.jpg\"\/><\/a><\/p>\n<p>\n                                22 Eiad Bouz, directeur du centre Ophta Sant\u00e9, Dominique Laredina, St\u00e9phane Favre et Roman Furnon (Toptopcon Healthcare).<\/p>\n<p><br style=\"clear: both\"\/><\/p>\n<p>                                <a href=\"https:\/\/www.europesays.com\/fr\/wp-content\/uploads\/2025\/07\/23_CENTRE-OPHTA-SANTE_AM.jpg\" title=\"23. Le docteur Elodie Calas et sa s\u0153ur Laurine.\" data-rl_title=\"23. Le docteur Elodie Calas et sa s\u0153ur Laurine.\" class=\"rl-gallery-link\" data-rl_caption=\"\" data-rel=\"lightbox-gallery-bGlnaHRib3gtZ2FsbGVyeS0w\"><img loading=\"lazy\" decoding=\"async\" width=\"900\" height=\"599\" src=\"data:image\/svg+xml,%3Csvg%20xmlns=\" http:=\"\" class=\"attachment-large size-large\" alt=\"\" aria-describedby=\"gallery--162541\" data-lazy- data-lazy- data-lazy-src=\"https:\/\/www.europesays.com\/fr\/wp-content\/uploads\/2025\/07\/23_CENTRE-OPHTA-SANTE_AM.jpg\"\/><\/a><\/p>\n<p>\n                                23. Le docteur Elodie Calas et sa s\u0153ur Laurine.<\/p>\n<p>                                <a href=\"https:\/\/www.europesays.com\/fr\/wp-content\/uploads\/2025\/07\/24_CENTRE-OPHTA-SANTE_AM.jpg\" title=\"24. Karine, Armelle et Sylvie.\" data-rl_title=\"24. Karine, Armelle et Sylvie.\" class=\"rl-gallery-link\" data-rl_caption=\"\" data-rel=\"lightbox-gallery-bGlnaHRib3gtZ2FsbGVyeS0w\"><img loading=\"lazy\" decoding=\"async\" width=\"900\" height=\"599\" src=\"data:image\/svg+xml,%3Csvg%20xmlns=\" http:=\"\" class=\"attachment-large size-large\" alt=\"\" aria-describedby=\"gallery--162542\" data-lazy- data-lazy- data-lazy-src=\"https:\/\/www.europesays.com\/fr\/wp-content\/uploads\/2025\/07\/24_CENTRE-OPHTA-SANTE_AM.jpg\"\/><\/a><\/p>\n<p>\n                                24. Karine, Armelle et Sylvie.<\/p>\n<p><br style=\"clear: both\"\/><\/p>\n<p>                                <a href=\"https:\/\/www.europesays.com\/fr\/wp-content\/uploads\/2025\/07\/25_CENTRE-OPHTA-SANTE_AM.jpg\" title=\"25. Alban Sam, son \u00e9pouse Rana et Eiad Bouz, directeur du centre Ophta Sant\u00e9.\" data-rl_title=\"25. Alban Sam, son \u00e9pouse Rana et Eiad Bouz, directeur du centre Ophta Sant\u00e9.\" class=\"rl-gallery-link\" data-rl_caption=\"\" data-rel=\"lightbox-gallery-bGlnaHRib3gtZ2FsbGVyeS0w\"><img loading=\"lazy\" decoding=\"async\" width=\"900\" height=\"599\" src=\"data:image\/svg+xml,%3Csvg%20xmlns=\" http:=\"\" class=\"attachment-large size-large\" alt=\"\" aria-describedby=\"gallery--162543\" data-lazy- data-lazy- data-lazy-src=\"https:\/\/www.europesays.com\/fr\/wp-content\/uploads\/2025\/07\/25_CENTRE-OPHTA-SANTE_AM.jpg\"\/><\/a><\/p>\n<p>\n                                25. Alban Sam, son \u00e9pouse Rana et Eiad Bouz, directeur du centre Ophta Sant\u00e9.<\/p>\n<p>                                <a href=\"https:\/\/www.europesays.com\/fr\/wp-content\/uploads\/2025\/07\/26_CENTRE-OPHTA-SANTE_AM.jpg\" title=\"26. Christine Bouz et Rana Sam.\" data-rl_title=\"26. Christine Bouz et Rana Sam.\" class=\"rl-gallery-link\" data-rl_caption=\"\" data-rel=\"lightbox-gallery-bGlnaHRib3gtZ2FsbGVyeS0w\"><img loading=\"lazy\" decoding=\"async\" width=\"900\" height=\"599\" src=\"data:image\/svg+xml,%3Csvg%20xmlns=\" http:=\"\" class=\"attachment-large size-large\" alt=\"\" aria-describedby=\"gallery--162544\" data-lazy- data-lazy- data-lazy-src=\"https:\/\/www.europesays.com\/fr\/wp-content\/uploads\/2025\/07\/26_CENTRE-OPHTA-SANTE_AM.jpg\"\/><\/a><\/p>\n<p>\n                                26. Christine Bouz et Rana Sam.<\/p>\n<p><br style=\"clear: both\"\/><\/p>\n<p>                                <a href=\"https:\/\/www.europesays.com\/fr\/wp-content\/uploads\/2025\/07\/27_CENTRE-OPHTA-SANTE_AM.jpg\" title=\"27. Fadloune Nabil et Nour aux c\u00f4t\u00e9s d\u2019Eiad Bouz directeur du centre Ophta Sant\u00e9.\" data-rl_title=\"27. Fadloune Nabil et Nour aux c\u00f4t\u00e9s d\u2019Eiad Bouz directeur du centre Ophta Sant\u00e9.\" class=\"rl-gallery-link\" data-rl_caption=\"\" data-rel=\"lightbox-gallery-bGlnaHRib3gtZ2FsbGVyeS0w\"><img loading=\"lazy\" decoding=\"async\" width=\"900\" height=\"599\" src=\"data:image\/svg+xml,%3Csvg%20xmlns=\" http:=\"\" class=\"attachment-large size-large\" alt=\"\" aria-describedby=\"gallery--162545\" data-lazy- data-lazy- data-lazy-src=\"https:\/\/www.europesays.com\/fr\/wp-content\/uploads\/2025\/07\/27_CENTRE-OPHTA-SANTE_AM.jpg\"\/><\/a><\/p>\n<p>\n                                27. Fadloune Nabil et Nour aux c\u00f4t\u00e9s d\u2019Eiad Bouz directeur du centre Ophta Sant\u00e9.<\/p>\n<p>                                <a href=\"https:\/\/www.europesays.com\/fr\/wp-content\/uploads\/2025\/07\/28_CENTRE-OPHTA-SANTE_AM.jpg\" title=\"28. d\u2019Eiad Bouz chirurgien ophtamologiste, directeur du centre Ophat Sant\u00e9, Kinan Shehadeh (M\u00e9decin Medipol) et Meray Isshak (M\u00e9decin G\u00e9n\u00e9raliste).\" data-rl_title=\"28. d\u2019Eiad Bouz chirurgien ophtamologiste, directeur du centre Ophat Sant\u00e9, Kinan Shehadeh (M\u00e9decin Medipol) et Meray Isshak (M\u00e9decin G\u00e9n\u00e9raliste).\" class=\"rl-gallery-link\" data-rl_caption=\"\" data-rel=\"lightbox-gallery-bGlnaHRib3gtZ2FsbGVyeS0w\"><img loading=\"lazy\" decoding=\"async\" width=\"900\" height=\"599\" src=\"data:image\/svg+xml,%3Csvg%20xmlns=\" http:=\"\" class=\"attachment-large size-large\" alt=\"\" aria-describedby=\"gallery--162546\" data-lazy- data-lazy- data-lazy-src=\"https:\/\/www.europesays.com\/fr\/wp-content\/uploads\/2025\/07\/28_CENTRE-OPHTA-SANTE_AM.jpg\"\/><\/a><\/p>\n<p>\n                                28. d\u2019Eiad Bouz chirurgien ophtamologiste, directeur du centre Ophat Sant\u00e9,<br \/>\nKinan Shehadeh (M\u00e9decin Medipol) et Meray Isshak (M\u00e9decin G\u00e9n\u00e9raliste).<\/p>\n<p><br style=\"clear: both\"\/><\/p>\n<p>                                <a href=\"https:\/\/www.europesays.com\/fr\/wp-content\/uploads\/2025\/07\/29_CENTRE-OPHTA-SANTE_AM.jpg\" title=\"29. Sandra Cerdan Fayad, m\u00e9decin g\u00e9n\u00e9raliste et Christine Bouz.\" data-rl_title=\"29. Sandra Cerdan Fayad, m\u00e9decin g\u00e9n\u00e9raliste et Christine Bouz.\" class=\"rl-gallery-link\" data-rl_caption=\"\" data-rel=\"lightbox-gallery-bGlnaHRib3gtZ2FsbGVyeS0w\"><img loading=\"lazy\" decoding=\"async\" width=\"900\" height=\"599\" src=\"data:image\/svg+xml,%3Csvg%20xmlns=\" http:=\"\" class=\"attachment-large size-large\" alt=\"\" aria-describedby=\"gallery--162547\" data-lazy- data-lazy- data-lazy-src=\"https:\/\/www.europesays.com\/fr\/wp-content\/uploads\/2025\/07\/29_CENTRE-OPHTA-SANTE_AM.jpg\"\/><\/a><\/p>\n<p>\n                                29. Sandra Cerdan Fayad, m\u00e9decin g\u00e9n\u00e9raliste et Christine Bouz.<\/p>\n<p>                                <a href=\"https:\/\/www.europesays.com\/fr\/wp-content\/uploads\/2025\/07\/30_CENTRE-OPHTA-SANTE_AM.jpg\" title=\"30. Sophie Monteil, infirmi\u00e8re au centre L\u00e9on B\u00e9rard et le photographe David Jacrot (@dadargentique).\" data-rl_title=\"30. Sophie Monteil, infirmi\u00e8re au centre L\u00e9on B\u00e9rard et le photographe David Jacrot (@dadargentique).\" class=\"rl-gallery-link\" data-rl_caption=\"\" data-rel=\"lightbox-gallery-bGlnaHRib3gtZ2FsbGVyeS0w\"><img loading=\"lazy\" decoding=\"async\" width=\"900\" height=\"599\" src=\"data:image\/svg+xml,%3Csvg%20xmlns=\" http:=\"\" class=\"attachment-large size-large\" alt=\"\" aria-describedby=\"gallery--162548\" data-lazy- data-lazy- data-lazy-src=\"https:\/\/www.europesays.com\/fr\/wp-content\/uploads\/2025\/07\/30_CENTRE-OPHTA-SANTE_AM.jpg\"\/><\/a><\/p>\n<p>\n                                30. Sophie Monteil, infirmi\u00e8re au centre L\u00e9on B\u00e9rard et le photographe David Jacrot (@dadargentique).<\/p>\n<p><br style=\"clear: both\"\/><\/p>\n","protected":false},"excerpt":{"rendered":"Photos \u00a9 Alexandre Moulard Au mois de mai dernier, Lyon a accueilli\u00a0la Clinique N\u00e9ovision, un espace enti\u00e8rement d\u00e9di\u00e9&hellip;\n","protected":false},"author":2,"featured_media":247824,"comment_status":"","ping_status":"","sticky":false,"template":"","format":"standard","meta":{"footnotes":""},"categories":[1889],"tags":[4257,1111,47,4258,11,2430,1777,674,1011,27,2428,12,38822,25],"class_list":{"0":"post-247823","1":"post","2":"type-post","3":"status-publish","4":"format-standard","5":"has-post-thumbnail","7":"category-lyon","8":"tag-0top","9":"tag-actu","10":"tag-actualite","11":"tag-actualite-lyon","12":"tag-actualites","13":"tag-auvergne-rhone-alpes","14":"tag-eu","15":"tag-europe","16":"tag-fr","17":"tag-france","18":"tag-lyon","19":"tag-news","20":"tag-ophta-sante","21":"tag-republique-francaise"},"share_on_mastodon":{"url":"https:\/\/pubeurope.com\/@fr\/114847652655834559","error":""},"_links":{"self":[{"href":"https:\/\/www.europesays.com\/fr\/wp-json\/wp\/v2\/posts\/247823","targetHints":{"allow":["GET"]}}],"collection":[{"href":"https:\/\/www.europesays.com\/fr\/wp-json\/wp\/v2\/posts"}],"about":[{"href":"https:\/\/www.europesays.com\/fr\/wp-json\/wp\/v2\/types\/post"}],"author":[{"embeddable":true,"href":"https:\/\/www.europesays.com\/fr\/wp-json\/wp\/v2\/users\/2"}],"replies":[{"embeddable":true,"href":"https:\/\/www.europesays.com\/fr\/wp-json\/wp\/v2\/comments?post=247823"}],"version-history":[{"count":0,"href":"https:\/\/www.europesays.com\/fr\/wp-json\/wp\/v2\/posts\/247823\/revisions"}],"wp:featuredmedia":[{"embeddable":true,"href":"https:\/\/www.europesays.com\/fr\/wp-json\/wp\/v2\/media\/247824"}],"wp:attachment":[{"href":"https:\/\/www.europesays.com\/fr\/wp-json\/wp\/v2\/media?parent=247823"}],"wp:term":[{"taxonomy":"category","embeddable":true,"href":"https:\/\/www.europesays.com\/fr\/wp-json\/wp\/v2\/categories?post=247823"},{"taxonomy":"post_tag","embeddable":true,"href":"https:\/\/www.europesays.com\/fr\/wp-json\/wp\/v2\/tags?post=247823"}],"curies":[{"name":"wp","href":"https:\/\/api.w.org\/{rel}","templated":true}]}}