{"id":247825,"date":"2025-07-13T19:47:13","date_gmt":"2025-07-13T19:47:13","guid":{"rendered":"https:\/\/www.europesays.com\/fr\/247825\/"},"modified":"2025-07-13T19:47:13","modified_gmt":"2025-07-13T19:47:13","slug":"qui-est-elyazid-ahamada-le-detenu-qui-sest-evade-de-la-prison-de-lyon-dans-un-sac-de-linges","status":"publish","type":"post","link":"https:\/\/www.europesays.com\/fr\/247825\/","title":{"rendered":"Qui est Elyazid Ahamada, le d\u00e9tenu qui s\u2019est \u00e9vad\u00e9 de la prison de Lyon dans un sac de linges\u00a0?"},"content":{"rendered":"<p>C\u2019est une \u00e9vasion digne d\u2019un roman d\u2019<a href=\"https:\/\/www.20minutes.fr\/arts-stars\/cinema\/4107069-20240826-producteurs-film-comte-monte-cristo-engagent-faveur-ong-bibliotheques-frontieres\" target=\"_blank\" class=\"color-ultramarine c-link\" rel=\"noopener\">Alexandre Dumas<\/a>. Un d\u00e9tenu de 20 ans, qui ex\u00e9cutait plusieurs peines d\u2019emprisonnement, <a href=\"https:\/\/www.20minutes.fr\/faits_divers\/faits-divers-lyon\/4163419-20250712-lyon-prisonnier-evade-planquant-valises-codetenu\" target=\"_blank\" class=\"color-ultramarine c-link\" rel=\"noopener\">s\u2019est \u00e9vad\u00e9 vendredi<\/a> de la prison de Corbas, pr\u00e8s de <a href=\"https:\/\/www.20minutes.fr\/magazine\/foire-de-lyon-mag\/\" class=\"color-ultramarine c-link\" target=\"_blank\" rel=\"noopener\">Lyon<\/a>, en se cachant dans le sac de son cod\u00e9tenu qui, en fin de peine, sortait de l\u2019\u00e9tablissement. S\u00e9bastien Cauwel, directeur de l\u2019administration p\u00e9nitentiaire, a \u00e9voqu\u00e9 sur BFMTV ce dimanche un \u00ab\u00a0ph\u00e9nom\u00e8ne extr\u00eamement rare, que nous n\u2019avons jamais connu dans cette administration, et qui r\u00e9v\u00e8le manifestement une s\u00e9rie de dysfonctionnements graves, inadmissibles\u00a0\u00bb.<\/p>\n<p>Il faisait l\u2019objet \u00ab\u00a0d\u2019un mandat de d\u00e9p\u00f4t dans le cadre d\u2019une information judiciaire li\u00e9e \u00e0 la criminalit\u00e9 organis\u00e9e, a indiqu\u00e9 le parquet de Lyon, qui a ouvert une enqu\u00eate pour \u00ab\u00a0\u00e9vasion en bande organis\u00e9e et association de malfaiteurs\u00a0\u00bb.<\/p>\n<\/p>\n<p>Une notice rouge \u00e9mise par Interpol<\/p>\n<p>Interpol a \u00e9mis ce dimanche une <a href=\"https:\/\/www.interpol.int\/fr\/Notre-action\/Notices\/Notices-rouges\/Voir-les-notices-rouges#2025-56835\" rel=\"nofollow noopener\" target=\"_blank\" class=\"color-ultramarine c-link\">notice rouge<\/a>, un avis de recherche international, \u00e0 l\u2019encontre du fugitif, d\u00e9voilant son nom, son visage et ses nombreuses condamnations.<\/p>\n<p>Elyazid Ahamada est n\u00e9 \u00e0 Mamoudzou \u00e0 Mayotte le 4\u00a0novembre 2004.<\/p>\n<p>Il est accus\u00e9, entre autres, de meurtre en bande organis\u00e9e, d\u2019une participation \u00e0 une association de malfaiteurs en vue de la pr\u00e9paration d\u2019un crime, transport de mat\u00e9riel de guerre, armes, munitions\u2026<\/p>\n<p>Selon <a href=\"https:\/\/www.leparisien.fr\/faits-divers\/sac-chariot-roulant-criminalite-organisee-la-traque-du-joker-le-dangereux-evade-de-corbas-continue-13-07-2025-C57ZY7N5RBAAVJB3YHPTT4Y6CA.php\" rel=\"nofollow noopener\" target=\"_blank\" class=\"color-ultramarine c-link\">Le Parisien<\/a>, Elyazid Ahamada a partag\u00e9 un temps en\u00a02022 une cellule de Lyon-Corbas avec un jeune tueur \u00e0 gages pr\u00e9sum\u00e9, soup\u00e7onn\u00e9 d\u2019avoir ex\u00e9cut\u00e9 un contrat \u00e0 Paris \u00e0 l\u2019\u00e2ge de 18 ans.<\/p>\n","protected":false},"excerpt":{"rendered":"C\u2019est une \u00e9vasion digne d\u2019un roman d\u2019Alexandre Dumas. Un d\u00e9tenu de 20 ans, qui ex\u00e9cutait plusieurs peines d\u2019emprisonnement,&hellip;\n","protected":false},"author":2,"featured_media":247826,"comment_status":"","ping_status":"","sticky":false,"template":"","format":"standard","meta":{"footnotes":""},"categories":[1889],"tags":[1111,47,11,2430,1777,674,3727,1011,27,38823,303,2428,12,1072,806,25,2429,2431],"class_list":{"0":"post-247825","1":"post","2":"type-post","3":"status-publish","4":"format-standard","5":"has-post-thumbnail","7":"category-lyon","8":"tag-actu","9":"tag-actualite","10":"tag-actualites","11":"tag-auvergne-rhone-alpes","12":"tag-eu","13":"tag-europe","14":"tag-evasion","15":"tag-fr","16":"tag-france","17":"tag-interpol","18":"tag-justice","19":"tag-lyon","20":"tag-news","21":"tag-police","22":"tag-prison","23":"tag-republique-francaise","24":"tag-rhone","25":"tag-rhone-alpes"},"share_on_mastodon":{"url":"https:\/\/pubeurope.com\/@fr\/114847655072164518","error":""},"_links":{"self":[{"href":"https:\/\/www.europesays.com\/fr\/wp-json\/wp\/v2\/posts\/247825","targetHints":{"allow":["GET"]}}],"collection":[{"href":"https:\/\/www.europesays.com\/fr\/wp-json\/wp\/v2\/posts"}],"about":[{"href":"https:\/\/www.europesays.com\/fr\/wp-json\/wp\/v2\/types\/post"}],"author":[{"embeddable":true,"href":"https:\/\/www.europesays.com\/fr\/wp-json\/wp\/v2\/users\/2"}],"replies":[{"embeddable":true,"href":"https:\/\/www.europesays.com\/fr\/wp-json\/wp\/v2\/comments?post=247825"}],"version-history":[{"count":0,"href":"https:\/\/www.europesays.com\/fr\/wp-json\/wp\/v2\/posts\/247825\/revisions"}],"wp:featuredmedia":[{"embeddable":true,"href":"https:\/\/www.europesays.com\/fr\/wp-json\/wp\/v2\/media\/247826"}],"wp:attachment":[{"href":"https:\/\/www.europesays.com\/fr\/wp-json\/wp\/v2\/media?parent=247825"}],"wp:term":[{"taxonomy":"category","embeddable":true,"href":"https:\/\/www.europesays.com\/fr\/wp-json\/wp\/v2\/categories?post=247825"},{"taxonomy":"post_tag","embeddable":true,"href":"https:\/\/www.europesays.com\/fr\/wp-json\/wp\/v2\/tags?post=247825"}],"curies":[{"name":"wp","href":"https:\/\/api.w.org\/{rel}","templated":true}]}}