{"id":247827,"date":"2025-07-13T19:50:11","date_gmt":"2025-07-13T19:50:11","guid":{"rendered":"https:\/\/www.europesays.com\/fr\/247827\/"},"modified":"2025-07-13T19:50:11","modified_gmt":"2025-07-13T19:50:11","slug":"video-californie-une-descente-de-la-police-de-limmigration-dans-une-ferme-de-cannabis-finit-en-affrontements","status":"publish","type":"post","link":"https:\/\/www.europesays.com\/fr\/247827\/","title":{"rendered":"VID\u00c9O. Californie\u00a0: une descente de la police de l\u2019immigration dans une ferme de cannabis finit en affrontements"},"content":{"rendered":"<p class=\"paragraph text_align_left lp-f-body-02\">Le jeudi 10\u00a0juillet, deux exploitations agricoles de cannabis pr\u00e8s de Los Angeles, g\u00e9r\u00e9es par Glass House Farms, ont \u00e9t\u00e9 le th\u00e9\u00e2tre d\u2019une op\u00e9ration anti-immigr\u00e9s men\u00e9e par l\u2019ICE, <a href=\"https:\/\/www.leparisien.fr\/international\/etats-unis\/epinglee-par-la-justice-ladministration-trump-defend-sa-strategie-agressive-darrestations-de-migrants-13-07-2025-IH6GYYCZUZBZDF5WSUXVCSFFJ4.php\" target=\"_self\" rel=\"noopener\">l\u2019agence f\u00e9d\u00e9rale de l\u2019immigration am\u00e9ricaine<\/a>.<\/p>\n<p class=\"paragraph text_align_left lp-f-body-02\">L\u2019objectif\u00a0: interpeller des travailleurs sans papiers employ\u00e9s sur place. Rapidement, des dizaines de militants pour les droits des migrants sont arriv\u00e9es pour tenter de bloquer les arrestations.<\/p>\n<p class=\"paragraph text_align_left lp-f-body-02\">Mais la situation a d\u00e9g\u00e9n\u00e9r\u00e9, avec des jets de projectiles en direction des agents, qui ont r\u00e9pliqu\u00e9 avec des gaz lacrymog\u00e8nes. Un homme est aussi tout particuli\u00e8rement recherch\u00e9, il est soup\u00e7onn\u00e9 d\u2019avoir tir\u00e9 contre les agents f\u00e9d\u00e9raux. Une r\u00e9compense de 50\u00a0000\u00a0dollars est offerte pour toute information permettant son arrestation.<\/p>\n<p class=\"paragraph text_align_left lp-f-body-02\">En parall\u00e8le des manifestations, un ouvrier a tent\u00e9 de fuir en grimpant sur une serre haute de neuf m\u00e8tres, avant de chuter lourdement. Il est d\u00e9c\u00e9d\u00e9 quelques jours plus tard \u00e0 l\u2019h\u00f4pital.<\/p>\n<p class=\"paragraph text_align_left lp-f-body-02\">Cette intervention s\u2019inscrit <a href=\"https:\/\/www.leparisien.fr\/international\/etats-unis\/fin-des-tensions-a-los-angeles-la-ville-leve-son-couvre-feu-et-tente-dobtenir-le-depart-de-la-garde-nationale-18-06-2025-DQK6IGAZFVFM7NAYBFUTZ4KOGU.php\" target=\"_self\" rel=\"noopener\">dans un contexte politique tendu<\/a>. Apr\u00e8s avoir un temps ordonn\u00e9 la suspension des raids sur les fermes, l\u2019administration Trump a r\u00e9affirm\u00e9 sa volont\u00e9 de poursuivre l\u2019expulsion des travailleurs sans papiers, tout en proposant un programme de travail.<\/p>\n<p class=\"paragraph text_align_left lp-f-body-02\">Selon les estimations, pr\u00e8s de la moiti\u00e9 des ouvriers agricoles am\u00e9ricains sont en situation irr\u00e9guli\u00e8re, et leur expulsion massive pourrait d\u00e9sorganiser la cha\u00eene d\u2019approvisionnement alimentaire du pays. Regardez notre vid\u00e9o en t\u00eate d\u2019article.<\/p>\n","protected":false},"excerpt":{"rendered":"Le jeudi 10\u00a0juillet, deux exploitations agricoles de cannabis pr\u00e8s de Los Angeles, g\u00e9r\u00e9es par Glass House Farms, ont&hellip;\n","protected":false},"author":2,"featured_media":247828,"comment_status":"","ping_status":"","sticky":false,"template":"","format":"standard","meta":{"footnotes":""},"categories":[1888],"tags":[1111,1928,11,1927,1777,674,1011,27,12,1926,626,1925,25,133,2955],"class_list":{"0":"post-247827","1":"post","2":"type-post","3":"status-publish","4":"format-standard","5":"has-post-thumbnail","7":"category-paris","8":"tag-actu","9":"tag-actu-paris","10":"tag-actualites","11":"tag-actualites-paris","12":"tag-eu","13":"tag-europe","14":"tag-fr","15":"tag-france","16":"tag-news","17":"tag-news-paris","18":"tag-paris","19":"tag-paris-news","20":"tag-republique-francaise","21":"tag-video","22":"tag-videos"},"share_on_mastodon":{"url":"https:\/\/pubeurope.com\/@fr\/114847666850583055","error":""},"_links":{"self":[{"href":"https:\/\/www.europesays.com\/fr\/wp-json\/wp\/v2\/posts\/247827","targetHints":{"allow":["GET"]}}],"collection":[{"href":"https:\/\/www.europesays.com\/fr\/wp-json\/wp\/v2\/posts"}],"about":[{"href":"https:\/\/www.europesays.com\/fr\/wp-json\/wp\/v2\/types\/post"}],"author":[{"embeddable":true,"href":"https:\/\/www.europesays.com\/fr\/wp-json\/wp\/v2\/users\/2"}],"replies":[{"embeddable":true,"href":"https:\/\/www.europesays.com\/fr\/wp-json\/wp\/v2\/comments?post=247827"}],"version-history":[{"count":0,"href":"https:\/\/www.europesays.com\/fr\/wp-json\/wp\/v2\/posts\/247827\/revisions"}],"wp:featuredmedia":[{"embeddable":true,"href":"https:\/\/www.europesays.com\/fr\/wp-json\/wp\/v2\/media\/247828"}],"wp:attachment":[{"href":"https:\/\/www.europesays.com\/fr\/wp-json\/wp\/v2\/media?parent=247827"}],"wp:term":[{"taxonomy":"category","embeddable":true,"href":"https:\/\/www.europesays.com\/fr\/wp-json\/wp\/v2\/categories?post=247827"},{"taxonomy":"post_tag","embeddable":true,"href":"https:\/\/www.europesays.com\/fr\/wp-json\/wp\/v2\/tags?post=247827"}],"curies":[{"name":"wp","href":"https:\/\/api.w.org\/{rel}","templated":true}]}}