{"id":247842,"date":"2025-07-13T19:58:12","date_gmt":"2025-07-13T19:58:12","guid":{"rendered":"https:\/\/www.europesays.com\/fr\/247842\/"},"modified":"2025-07-13T19:58:12","modified_gmt":"2025-07-13T19:58:12","slug":"motogp-allemagne-j3-joan-mir-honda-ab-encore-percute-cest-vraiment-difficile-a-accepter","status":"publish","type":"post","link":"https:\/\/www.europesays.com\/fr\/247842\/","title":{"rendered":"MotoGP, Allemagne J3, Joan Mir (Honda\/Ab.) encore percut\u00e9 : \u00ab\u00a0C&rsquo;est vraiment difficile \u00e0 accepter\u00a0\u00bb"},"content":{"rendered":"<p><strong>Malchanceux, Joan Mir a \u00e9t\u00e9 percut\u00e9 lors du GP<br \/>\nd\u2019Allemagne pour la troisi\u00e8me fois depuis le d\u00e9but de la<br \/>\nsaison.<\/strong><\/p>\n<p>\u00ab\u00a0Si quelqu\u2019un a vu la chance de Joan Mir, nous offrons<br \/>\nune grosse r\u00e9compense\u00a0\u00bb, a comment\u00e9 Honda sur ses r\u00e9seaux<br \/>\nsociaux. C\u2019est en effet ainsi que l\u2019on peut r\u00e9sumer le Grand Prix<br \/>\nd\u2019Allemagne du pilote espagnol. Apr\u00e8s une course sprint difficile<br \/>\nhier, il se battait dans le top 10 aujourd\u2019hui et pouvait esp\u00e9rer<br \/>\nremonter jusqu\u2019\u00e0 la sixi\u00e8me place, qu\u2019a finalement prise son<br \/>\nco\u00e9quipier Luca Marini.<\/p>\n<p><strong>Joan Mir<\/strong> n\u2019aura pas pu d\u00e9fendre ses chances<br \/>\njusqu\u2019au bout, puisqu\u2019\u00e0 huit tours de l\u2019arriv\u00e9e, il a \u00e9t\u00e9 percut\u00e9<br \/>\npar Ai Ogura, qui a tent\u00e9 un d\u00e9passement et a manqu\u00e9 son freinage.<br \/>\nC\u2019est la troisi\u00e8me fois cette saison qu\u2019il est victime d\u2019une erreur<br \/>\nd\u2019un autre pilote.<\/p>\n<blockquote class=\"twitter-tweet\" data-width=\"550\" data-dnt=\"true\">\n<p lang=\"en\" dir=\"ltr\">Now <a href=\"https:\/\/twitter.com\/AiOgura79?ref_src=twsrc%5Etfw\" rel=\"nofollow noopener\" target=\"_blank\">@aiogura79<\/a><br \/>\nhas taken <a href=\"https:\/\/twitter.com\/JoanMirOfficial?ref_src=twsrc%5Etfw\" rel=\"nofollow noopener\" target=\"_blank\">@JoanMirOfficial<\/a><br \/>\nout \ud83d\udc40<\/p>\n<p>And Savadori crashes too \ud83d\udca5<a href=\"https:\/\/twitter.com\/hashtag\/GermanGP?src=hash&amp;ref_src=twsrc%5Etfw\" rel=\"nofollow noopener\" target=\"_blank\">#GermanGP<\/a><br \/>\n\ud83c\udde9\ud83c\uddea <a href=\"https:\/\/t.co\/71juuD2DrS\" rel=\"nofollow\">pic.twitter.com\/71juuD2DrS<\/a><\/p>\n<p>\u2014 MotoGP\u2122\ud83c\udfc1 (@MotoGP) <a href=\"https:\/\/twitter.com\/MotoGP\/status\/1944374793396002865?ref_src=twsrc%5Etfw\" rel=\"nofollow noopener\" target=\"_blank\"><br \/>\nJuly 13, 2025<\/a><\/p>\n<\/blockquote>\n<p>La premi\u00e8re fois, au Mans, il avait \u00e9t\u00e9 impliqu\u00e9 malgr\u00e9 lui dans<br \/>\nl\u2019accrochage du premier tour en ne pouvant \u00e9viter Francesco<br \/>\nBagnaia, percut\u00e9 par Enea Bastianini et tomb\u00e9 devant lui. Il en<br \/>\n\u00e9tait ressorti avec une fracture de la main.<\/p>\n<p>La seconde fois a eu lieu il y a seulement 15 jours, \u00e0 Assen.<br \/>\nFerm\u00edn Aldeguer a chut\u00e9 devant lui dans une ligne droite et il a<br \/>\npercut\u00e9 sa moto de plein fouet. <a href=\"https:\/\/www.paddock-gp.com\/motogp-assen-j3-joan-mir-honda-ab-je-suis-content-que-fermin-aille-bien-le-choc-a-ete-violent-pour-moi-aussi\/\" target=\"_blank\" rel=\"noopener nofollow\">Une chute impressionnante<\/a> dont<br \/>\nles deux hommes se sont heureusement relev\u00e9s indemnes, bien que<br \/>\nfroiss\u00e9s. Cette fois, c\u2019est donc en \u00e9tant fauch\u00e9 par Ai Ogura qu\u2019il<br \/>\ns\u2019est retrouv\u00e9 dans les graviers.<\/p>\n<p><img loading=\"lazy\" decoding=\"async\" class=\"aligncenter size-full wp-image-1310141\" src=\"https:\/\/www.europesays.com\/fr\/wp-content\/uploads\/2025\/07\/6873be10766b39.98091060.jpg\" alt=\"Joan Mir Allemagne\" width=\"800\" height=\"533\"  \/><\/p>\n<p>\u00ab\u00a0Honn\u00eatement, je ne sais pas trop quoi<br \/>\ndire\u00a0\u00bb, a d\u00e9clar\u00e9 <strong>Joan Mir<\/strong> lors de son<br \/>\ndebriefing. \u00ab\u00a0On faisait une bonne course, on roulait \u00e0 la<br \/>\nlimite des conditions difficiles de la piste. Je faisais ma course,<br \/>\nje me battais proprement et j\u2019\u00e9tais en route pour d\u00e9crocher un tr\u00e8s<br \/>\nbon r\u00e9sultat. Je me rapprochais de Binder et je pouvais voir Miller<br \/>\nperdre du terrain. Puis j\u2019ai \u00e9t\u00e9 percut\u00e9 par un autre pilote,<br \/>\nencore une fois. C\u2019est vraiment difficile \u00e0 accepter quand ce genre<br \/>\nde choses arrive, pas une fois, mais encore et<br \/>\nencore.\u00a0\u00bb<\/p>\n<p>Entre ces trois chutes ind\u00e9pendantes de sa volont\u00e9, et ses sept<br \/>\nchutes personnelles, il comptabilise 10 r\u00e9sultats blancs, en plus<br \/>\nde son forfait \u00e0 la course sprint du Qatar. Cela fait 11 r\u00e9sultats<br \/>\nblancs sur les 22 courses disput\u00e9es, soit pile la moiti\u00e9. La<br \/>\nsituation du num\u00e9ro #36, au-del\u00e0 de sa malchance, devient<br \/>\ncritique.<\/p>\n<p><strong>R\u00e9sultats du <a href=\"https:\/\/www.paddock-gp.com\/motogp-allemagne-course-live\/\" target=\"_blank\" rel=\"noopener nofollow\">Grand Prix<\/a> d\u2019Allemagne<br \/>\n:<\/strong><\/p>\n<p><img loading=\"lazy\" decoding=\"async\" class=\"aligncenter size-full wp-image-1309909\" src=\"https:\/\/www.europesays.com\/fr\/wp-content\/uploads\/2025\/07\/gp.jpg\" alt=\"\" width=\"800\" height=\"783\"  \/><\/p>\n<p>Cr\u00e9dit classement : <a href=\"https:\/\/www.motogp.com\/fr\" rel=\"nofollow noopener\" target=\"_blank\">MotoGP.com<\/a><\/p>\n<p>Cr\u00e9dit photo principale : Gold and Goose<\/p>\n<p><script async src=\"https:\/\/platform.twitter.com\/widgets.js\" charset=\"utf-8\"><\/script><\/p>\n","protected":false},"excerpt":{"rendered":"Malchanceux, Joan Mir a \u00e9t\u00e9 percut\u00e9 lors du GP d\u2019Allemagne pour la troisi\u00e8me fois depuis le d\u00e9but de&hellip;\n","protected":false},"author":2,"featured_media":247843,"comment_status":"","ping_status":"","sticky":false,"template":"","format":"standard","meta":{"footnotes":""},"categories":[1587],"tags":[11,672,1804,1805,1803,1777,674,1801,12,1802],"class_list":{"0":"post-247842","1":"post","2":"type-post","3":"status-publish","4":"format-standard","5":"has-post-thumbnail","7":"category-allemagne","8":"tag-actualites","9":"tag-allemagne","10":"tag-bundesrepublik-deutschland","11":"tag-de","12":"tag-deutschland","13":"tag-eu","14":"tag-europe","15":"tag-germany","16":"tag-news","17":"tag-republique-federale-dallemagne"},"share_on_mastodon":{"url":"https:\/\/pubeurope.com\/@fr\/114847698435994895","error":""},"_links":{"self":[{"href":"https:\/\/www.europesays.com\/fr\/wp-json\/wp\/v2\/posts\/247842","targetHints":{"allow":["GET"]}}],"collection":[{"href":"https:\/\/www.europesays.com\/fr\/wp-json\/wp\/v2\/posts"}],"about":[{"href":"https:\/\/www.europesays.com\/fr\/wp-json\/wp\/v2\/types\/post"}],"author":[{"embeddable":true,"href":"https:\/\/www.europesays.com\/fr\/wp-json\/wp\/v2\/users\/2"}],"replies":[{"embeddable":true,"href":"https:\/\/www.europesays.com\/fr\/wp-json\/wp\/v2\/comments?post=247842"}],"version-history":[{"count":0,"href":"https:\/\/www.europesays.com\/fr\/wp-json\/wp\/v2\/posts\/247842\/revisions"}],"wp:featuredmedia":[{"embeddable":true,"href":"https:\/\/www.europesays.com\/fr\/wp-json\/wp\/v2\/media\/247843"}],"wp:attachment":[{"href":"https:\/\/www.europesays.com\/fr\/wp-json\/wp\/v2\/media?parent=247842"}],"wp:term":[{"taxonomy":"category","embeddable":true,"href":"https:\/\/www.europesays.com\/fr\/wp-json\/wp\/v2\/categories?post=247842"},{"taxonomy":"post_tag","embeddable":true,"href":"https:\/\/www.europesays.com\/fr\/wp-json\/wp\/v2\/tags?post=247842"}],"curies":[{"name":"wp","href":"https:\/\/api.w.org\/{rel}","templated":true}]}}