{"id":247845,"date":"2025-07-13T20:00:20","date_gmt":"2025-07-13T20:00:20","guid":{"rendered":"https:\/\/www.europesays.com\/fr\/247845\/"},"modified":"2025-07-13T20:00:20","modified_gmt":"2025-07-13T20:00:20","slug":"une-cooperation-entre-lunion-europeenne-et-lindonesie-a-ete-un-exemple-pour-une-revolution-mondiale","status":"publish","type":"post","link":"https:\/\/www.europesays.com\/fr\/247845\/","title":{"rendered":"Une coop\u00e9ration entre l&rsquo;Union Europ\u00e9enne et l&rsquo;Indon\u00e9sie a \u00e9t\u00e9 un exemple pour une r\u00e9volution mondiale"},"content":{"rendered":"<p>ARTA &#8211; Le pr\u00e9sident de la R\u00e9publique d\u2019Indon\u00e9sie Prabowo Subianto a soulign\u00e9 que la coop\u00e9ration entre l\u2019Indon\u00e9sie et l\u2019Union europ\u00e9enne est un bon exemple pour le monde, en particulier dans un contexte de situation mondiale pleine d\u2019incertitude et de tensions.<\/p>\n<p>C\u2019est ce qu\u2019a d\u00e9clar\u00e9 lors d\u2019une r\u00e9union officielle avec la pr\u00e9sidente de la Commission europ\u00e9enne, Ursula von der Leyen, au si\u00e8ge de la Commission europ\u00e9enne \u00e0 Bruxelles, en Belgique, dimanche 13 juillet.<\/p>\n<p>ronyme : Lors d&rsquo;une conf\u00e9rence de presse conjointe, le pr\u00e9sident Prabowo a annonc\u00e9 que les deux parties avaient achev\u00e9 les n\u00e9gociations sur l&rsquo;Accord de partenariat \u00e9conomique global (CEPA) apr\u00e8s un processus de n\u00e9gociation de plus d&rsquo;une d\u00e9cennie.<\/p>\n<p>CEPA devrait \u00eatre une base solide pour renforcer les relations \u00e9conomiques et commerciales entre l\u2019Indon\u00e9sie et les pays de l\u2019Union europ\u00e9enne.<\/p>\n<p>ronyme : \u00ab Dans une p\u00e9riode instable et confuse, je pense que nous donnons le bon exemple \u00bb, a d\u00e9clar\u00e9 le pr\u00e9sident Prabowo, cit\u00e9 par Antara.<\/p>\n<p>ar a \u00e9galement soulign\u00e9 l\u2019importance du r\u00f4le de l\u2019Europe dans le soutien au d\u00e9veloppement \u00e9conomique de l\u2019Indon\u00e9sie et a exprim\u00e9 le souhait que l\u2019implication de l\u2019Europe dans la r\u00e9gion soit encore renforc\u00e9e.<\/p>\n<p>al Al Jazeera, a d\u00e9clar\u00e9 : \u201cNous voyons que l&rsquo;Europe est toujours de premier plan dans de nombreux aspects de la vie, et nous voulons voir une Europe plus forte, a-t-il d\u00e9clar\u00e9 ouvertement.<\/p>\n<p>rimous, la pr\u00e9sidente Ursula von der Leyen a exprim\u00e9 sa gratitude pour le leadership du pr\u00e9sident Prabowo et a soulign\u00e9 que l\u2019Indon\u00e9sie et l\u2019Union europ\u00e9enne ont choisi le chemin de l\u2019ouverture et de la coop\u00e9ration, plut\u00f4t que de l\u2019isolement et de la division.<\/p>\n<p>al sur la page Facebook. Le message que nous envoyons aujourd\u2019hui est fort et clair. Certains choisissent le chemin d\u2019isolement et de division dans des moments difficiles. L\u2019Europe et l\u2019Indon\u00e9sie choisissent une route diff\u00e9rente \u00bb, a d\u00e9clar\u00e9 Von der Leyen.<\/p>\n<p>ar a \u00e9galement salu\u00e9 la visite de Prabowo et a soulign\u00e9 que l\u2019Indon\u00e9sie est toujours accept\u00e9e en Europe.<\/p>\n<p>ero est \u00e9galement pr\u00e9vu pour rencontrer le pr\u00e9sident de la Commission europ\u00e9enne, Prabowo doit rencontrer le pr\u00e9sident du Conseil europ\u00e9en Ant\u00f3nio Costa et le roi de Belgique Philippe L\u00e9opold Louis Marie. Lors de cette visite officielle, Prabowo \u00e9tait accompagn\u00e9 d\u2019un certain nombre de hauts responsables, dont le ministre coordinateur de l\u2019\u00e9conomie Airlangga Hartarto, le ministre du Commerce Budi Santoso, le ministre de l\u2019Investissement \/ aval Rosan Ro verbani, le secr\u00e9taire du Cabinet Teddy Indra Wijaya et l\u2019ambassadeur indon\u00e9sien pour la Belgique Andri Hadi.<\/p>\n<p>ronyme : Cette r\u00e9union marque une \u00e9tape importante de l\u2019Indon\u00e9sie vers le renforcement des relations diplomatiques et \u00e9conomiques avec l\u2019Union europ\u00e9enne, dans un cadre d\u2019efforts concert\u00e9s pour renforcer la stabilit\u00e9 et la croissance sur la sc\u00e8ne internationale.<\/p>\n<p>The English, Chinese, Japanese, Arabic, and French versions are automatically generated by the AI. So there may still be inaccuracies in translating, please always see Indonesian as our main language.<br \/>\n                                    (system supported by DigitalSiber.id)<\/p>\n","protected":false},"excerpt":{"rendered":"ARTA &#8211; Le pr\u00e9sident de la R\u00e9publique d\u2019Indon\u00e9sie Prabowo Subianto a soulign\u00e9 que la coop\u00e9ration entre l\u2019Indon\u00e9sie et&hellip;\n","protected":false},"author":2,"featured_media":247846,"comment_status":"","ping_status":"","sticky":false,"template":"","format":"standard","meta":{"footnotes":""},"categories":[1586],"tags":[38829,11,38830,1777,674,1779,1011,27,12,38828,25,38827,1778,364],"class_list":{"0":"post-247845","1":"post","2":"type-post","3":"status-publish","4":"format-standard","5":"has-post-thumbnail","7":"category-europe","8":"tag-a-souligne-que-la-cooperation-entre-lindonesie-et-lunion-europeenne-est-un-bon-exemple-pour-le-monde","9":"tag-actualites","10":"tag-en-particulier-dans-un-contexte-de-situation-mondiale-pleine-dincertitude-et-de-tensions","11":"tag-eu","12":"tag-europe","13":"tag-european-union","14":"tag-fr","15":"tag-france","16":"tag-news","17":"tag-prabowo-subianto","18":"tag-republique-francaise","19":"tag-ronyme-le-president-de-la-republique-dindonesie","20":"tag-ue","21":"tag-union-europeenne"},"share_on_mastodon":{"url":"https:\/\/pubeurope.com\/@fr\/114847706228725619","error":""},"_links":{"self":[{"href":"https:\/\/www.europesays.com\/fr\/wp-json\/wp\/v2\/posts\/247845","targetHints":{"allow":["GET"]}}],"collection":[{"href":"https:\/\/www.europesays.com\/fr\/wp-json\/wp\/v2\/posts"}],"about":[{"href":"https:\/\/www.europesays.com\/fr\/wp-json\/wp\/v2\/types\/post"}],"author":[{"embeddable":true,"href":"https:\/\/www.europesays.com\/fr\/wp-json\/wp\/v2\/users\/2"}],"replies":[{"embeddable":true,"href":"https:\/\/www.europesays.com\/fr\/wp-json\/wp\/v2\/comments?post=247845"}],"version-history":[{"count":0,"href":"https:\/\/www.europesays.com\/fr\/wp-json\/wp\/v2\/posts\/247845\/revisions"}],"wp:featuredmedia":[{"embeddable":true,"href":"https:\/\/www.europesays.com\/fr\/wp-json\/wp\/v2\/media\/247846"}],"wp:attachment":[{"href":"https:\/\/www.europesays.com\/fr\/wp-json\/wp\/v2\/media?parent=247845"}],"wp:term":[{"taxonomy":"category","embeddable":true,"href":"https:\/\/www.europesays.com\/fr\/wp-json\/wp\/v2\/categories?post=247845"},{"taxonomy":"post_tag","embeddable":true,"href":"https:\/\/www.europesays.com\/fr\/wp-json\/wp\/v2\/tags?post=247845"}],"curies":[{"name":"wp","href":"https:\/\/api.w.org\/{rel}","templated":true}]}}