{"id":247854,"date":"2025-07-13T20:06:16","date_gmt":"2025-07-13T20:06:16","guid":{"rendered":"https:\/\/www.europesays.com\/fr\/247854\/"},"modified":"2025-07-13T20:06:16","modified_gmt":"2025-07-13T20:06:16","slug":"u19-un-joueur-de-pacifique-xiii-sexporte-a-toulouse-rugby-a-xiii","status":"publish","type":"post","link":"https:\/\/www.europesays.com\/fr\/247854\/","title":{"rendered":"U19 &#8211; Un joueur de Pacifique XIII s&rsquo;exporte \u00e0 Toulouse &#8211; Rugby \u00e0 XIII"},"content":{"rendered":"<p style=\"text-align: justify;\"><strong>Le Toulouse Olympique U19 a annonc\u00e9 la signature de Mathys Fabre, en provenance de Pacifique XIII.<\/strong><\/p>\n<p style=\"text-align: justify;\">Sur son \u00eele de Lifou, en Nouvelle-Cal\u00e9donie, il a rejoint le rugby \u00e0 XIII en 2022 par le biais du pr\u00e9sident de Pacifique XIII. Au d\u00e9but de ce projet ambitieux de monter la premi\u00e8re \u00e9quipe de rugby \u00e0 XIII en Nouvelle-Cal\u00e9donie, il a fait partie des premi\u00e8res b\u00e2tisses en se retrouvant quelques fois \u00e0 seulement quatre joueurs aux entrainements.<\/p>\n<p style=\"text-align: justify;\">Pacifique XIII a pris de l\u2019ampleur, et a pu faire une tourn\u00e9e en Australie en 2024. La vitesse de jeu, le c\u00f4t\u00e9 dynamique, l\u2019intensit\u00e9 et le contact de ce sport lui ont vraiment plu, lui qui \u00e9tait habitu\u00e9 au rugby \u00e0 XV. Mathieu Lasserre, le vice-pr\u00e9sident de Toulouse l\u2019a alors rep\u00e9r\u00e9 lors de la tourn\u00e9e en Australie et a tout fait pour le faire signer au club. \u00c0 18 ans, il vient dans l\u2019hexagone afin de performer au poste d\u2019arri\u00e8re et engranger le maximum d\u2019exp\u00e9rience.<\/p>\n<p>Il devient le deuxi\u00e8me joueur issu de Pacifique XIII a int\u00e9gr\u00e9 une \u00e9quipe dans le championnat U19, apr\u00e8s Elton Mathieu \u00e0 Carcassonne.<\/p>\n<blockquote class=\"instagram-media\" data-instgrm-captioned=\"\" data-instgrm-permalink=\"https:\/\/www.instagram.com\/p\/DL2I4taoduS\/?utm_source=ig_embed&amp;utm_campaign=loading\" data-instgrm-version=\"14\" style=\" background:#FFF; border:0; border-radius:3px; box-shadow:0 0 1px 0 rgba(0,0,0,0.5),0 1px 10px 0 rgba(0,0,0,0.15); margin: 1px; max-width:500px; min-width:326px; padding:0; width:99.375%; width:-webkit-calc(100% - 2px); width:calc(100% - 2px);\">\n<\/blockquote>\n<p>        <script async src=\"\/\/www.instagram.com\/embed.js\"><\/script><\/p>\n","protected":false},"excerpt":{"rendered":"Le Toulouse Olympique U19 a annonc\u00e9 la signature de Mathys Fabre, en provenance de Pacifique XIII. Sur son&hellip;\n","protected":false},"author":2,"featured_media":247855,"comment_status":"","ping_status":"","sticky":false,"template":"","format":"standard","meta":{"footnotes":""},"categories":[1416],"tags":[1011,27,38831,38832,479,2228,1468,2229,60,2231,7302],"class_list":{"0":"post-247854","1":"post","2":"type-post","3":"status-publish","4":"format-standard","5":"has-post-thumbnail","7":"category-rugby","8":"tag-fr","9":"tag-france","10":"tag-mathys-fabre","11":"tag-pacifique-xiii","12":"tag-rugby","13":"tag-rugby-a-xiii","14":"tag-rugby-football","15":"tag-rugby-league","16":"tag-sports","17":"tag-super-xiii","18":"tag-toulouse-olympique-elite"},"share_on_mastodon":{"url":"https:\/\/pubeurope.com\/@fr\/114847729799321226","error":""},"_links":{"self":[{"href":"https:\/\/www.europesays.com\/fr\/wp-json\/wp\/v2\/posts\/247854","targetHints":{"allow":["GET"]}}],"collection":[{"href":"https:\/\/www.europesays.com\/fr\/wp-json\/wp\/v2\/posts"}],"about":[{"href":"https:\/\/www.europesays.com\/fr\/wp-json\/wp\/v2\/types\/post"}],"author":[{"embeddable":true,"href":"https:\/\/www.europesays.com\/fr\/wp-json\/wp\/v2\/users\/2"}],"replies":[{"embeddable":true,"href":"https:\/\/www.europesays.com\/fr\/wp-json\/wp\/v2\/comments?post=247854"}],"version-history":[{"count":0,"href":"https:\/\/www.europesays.com\/fr\/wp-json\/wp\/v2\/posts\/247854\/revisions"}],"wp:featuredmedia":[{"embeddable":true,"href":"https:\/\/www.europesays.com\/fr\/wp-json\/wp\/v2\/media\/247855"}],"wp:attachment":[{"href":"https:\/\/www.europesays.com\/fr\/wp-json\/wp\/v2\/media?parent=247854"}],"wp:term":[{"taxonomy":"category","embeddable":true,"href":"https:\/\/www.europesays.com\/fr\/wp-json\/wp\/v2\/categories?post=247854"},{"taxonomy":"post_tag","embeddable":true,"href":"https:\/\/www.europesays.com\/fr\/wp-json\/wp\/v2\/tags?post=247854"}],"curies":[{"name":"wp","href":"https:\/\/api.w.org\/{rel}","templated":true}]}}