{"id":247858,"date":"2025-07-13T20:09:10","date_gmt":"2025-07-13T20:09:10","guid":{"rendered":"https:\/\/www.europesays.com\/fr\/247858\/"},"modified":"2025-07-13T20:09:10","modified_gmt":"2025-07-13T20:09:10","slug":"pourquoi-zarco-na-pas-ete-penalise-pour-sa-chute-sous-drapeau-jaune","status":"publish","type":"post","link":"https:\/\/www.europesays.com\/fr\/247858\/","title":{"rendered":"Pourquoi Zarco n&rsquo;a pas \u00e9t\u00e9 p\u00e9nalis\u00e9 pour sa chute sous drapeau jaune"},"content":{"rendered":"<p>Le 18e des 30 tours du Grand Prix d&rsquo;Allemagne, ce dimanche, a marqu\u00e9 le d\u00e9but d&rsquo;un \u00e9pisode \u00e9tonnant de l&rsquo;\u00e9preuve sur le Sachsenring. En effet, alors qu&rsquo;il \u00e9tait en seconde position, <a href=\"https:\/\/fr.motorsport.com\/driver\/fabio-di-giannantonio\/289538\/\" target=\"_blank\" rel=\"noopener\">Fabio Di Giannantonio<\/a> a perdu le contr\u00f4le de sa Ducati et a chut\u00e9 au premier virage. Une poign\u00e9e de seconde plus tard, un peu plus bas dans ce m\u00eame premier virage, c&rsquo;est <a href=\"https:\/\/fr.motorsport.com\/driver\/johann-zarco\/96107\/\" target=\"_blank\" rel=\"noopener\">Johann Zarco<\/a> qui est parti \u00e0 la faute.<\/p>\n<p>\u00a0<\/p>\n<p>La s\u00e9quence n&rsquo;\u00e9tait pas termin\u00e9e puisque trois tours plus tard, c&rsquo;est <a href=\"https:\/\/fr.motorsport.com\/driver\/marco-bezzecchi\/441839\/\" target=\"_blank\" rel=\"noopener\">Marco Bezzecchi<\/a>, alors qu&rsquo;il \u00e9tait \u00e9galement deuxi\u00e8me \u00e0 ce moment-l\u00e0, qui est tomb\u00e9 au m\u00eame endroit. Au tour suivant, <a href=\"https:\/\/fr.motorsport.com\/driver\/ai-ogura\/471489\/\" target=\"_blank\" rel=\"noopener\">Ai Ogura<\/a> a perdu le contr\u00f4le de son Aprilia et est venu faucher <a href=\"https:\/\/fr.motorsport.com\/driver\/joan-mir\/289392\/\" target=\"_blank\" rel=\"noopener\">Joan Mir<\/a>, les deux hommes terminant eux aussi dans les graviers. C&rsquo;est finalement <a href=\"https:\/\/fr.motorsport.com\/driver\/lorenzo-savadori\/408147\/\" target=\"_blank\" rel=\"noopener\">Lorenzo Savadori<\/a>, rempla\u00e7ant de <a href=\"https:\/\/fr.motorsport.com\/driver\/jorge-martin\/109391\/\" target=\"_blank\" rel=\"noopener\">Jorge Mart\u00edn<\/a> chez Aprilia officiel, qui a ferm\u00e9 le bal en tombant juste apr\u00e8s leur accrochage.<\/p>\n<p>Sur ces quatre tours, les commissaires ont eu \u00e0 se pencher sur plusieurs situations. Et notamment celle concernant la chute de Zarco. Le Fran\u00e7ais est en effet tomb\u00e9 dans le m\u00eame virage o\u00f9 venait de tomber Di Giannantonio et pouvait \u00eatre soup\u00e7onn\u00e9 de ne pas avoir pris suffisamment de pr\u00e9caution dans une zone d\u00e9j\u00e0 plac\u00e9e sous drapeau jaune. Toutefois, assez rapidement, il a \u00e9t\u00e9 notifi\u00e9 que les commissaires avaient d\u00e9cid\u00e9 de ne pas agir \u00e0 son encontre.<\/p>\n<p>L&rsquo;explication, c&rsquo;est Zarco lui-m\u00eame qui l&rsquo;a fournie apr\u00e8s la course :\u00a0\u00ab\u00a0Il y a toujours un peu de positif, parce que j&rsquo;aurais pu prendre un double long-lap pour Brno. Je ne l&rsquo;ai pas pris, heureusement. Ils montrent qu&rsquo;en fait, au moment o\u00f9 il y a le drapeau jaune, directement apr\u00e8s il y a le drapeau vert et je glisse l\u00e0 o\u00f9 il y avait le drapeau vert, donc c&rsquo;est la raison pour laquelle je ne suis pas p\u00e9nalis\u00e9.\u00a0\u00bb<\/p>\n<p>\u00a0<\/p>\n<p>Un double long-lap auquel Savadori &#8211; qu&rsquo;il devrait toutefois ne pas purger en R\u00e9publique tch\u00e8que <a href=\"https:\/\/fr.motorsport.com\/motogp\/news\/test-jorge-martin-impressionne-aprilia\/10741488\/\" target=\"_blank\" rel=\"noopener\">si Mart\u00edn y fait bien son retour<\/a> &#8211; n&rsquo;a de son c\u00f4t\u00e9 pas \u00e9chapp\u00e9. L&rsquo;Italien a en effet \u00e9t\u00e9 jug\u00e9 coupable par les commissaires du GP \u00ab\u00a0de s&rsquo;\u00eatre accident\u00e9 tout en ne respectant pas le panneau lumineux jaune qui \u00e9tait affich\u00e9 en raison d&rsquo;un crash au virage 1\u00a0\u00bb et d&rsquo;avoir entra\u00een\u00e9\u00a0\u00ab\u00a0une situation potentiellement dangereux pour lui-m\u00eame, pour les autres pilotes et pour les commissaires\u00a0\u00bb.<\/p>\n<p>Derni\u00e8re situation litigieuse de cette s\u00e9quence : l&rsquo;accrochage entre Ogura et Mir n&rsquo;a lui non plus pas fait l&rsquo;objet d&rsquo;une enqu\u00eate des commissaires, qui n&rsquo;ont donc pas jug\u00e9 le Japonais sanctionnable pour l&rsquo;incident.<\/p>\n<p>Lire aussi :<\/p>\n<\/p>\n<p>Dans cet article<\/p>\n<p>Soyez le premier inform\u00e9 et souscrivez aux alertes mails pour recevoir les infos en temps r\u00e9el<\/p>\n<p>    S&rsquo;abonner aux alertes de news<\/p>\n","protected":false},"excerpt":{"rendered":"Le 18e des 30 tours du Grand Prix d&rsquo;Allemagne, ce dimanche, a marqu\u00e9 le d\u00e9but d&rsquo;un \u00e9pisode \u00e9tonnant&hellip;\n","protected":false},"author":2,"featured_media":247859,"comment_status":"","ping_status":"","sticky":false,"template":"","format":"standard","meta":{"footnotes":""},"categories":[1413],"tags":[3378,3563,1011,27,36254,3345,3346,1741,5130,1457,1456,1458,36255,60,3771,3375],"class_list":{"0":"post-247858","1":"post","2":"type-post","3":"status-publish","4":"format-standard","5":"has-post-thumbnail","7":"category-moto","8":"tag-ai-ogura","9":"tag-aprilia-racing-team","10":"tag-fr","11":"tag-france","12":"tag-gp-dallemagne","13":"tag-honda-hrc","14":"tag-joan-mir","15":"tag-johann-zarco","16":"tag-lorenzo-savadori","17":"tag-moto","18":"tag-motocycle","19":"tag-motogp","20":"tag-sachsenring","21":"tag-sports","22":"tag-team-lcr","23":"tag-trackhouse-racing"},"share_on_mastodon":{"url":"https:\/\/pubeurope.com\/@fr\/114847741612836564","error":""},"_links":{"self":[{"href":"https:\/\/www.europesays.com\/fr\/wp-json\/wp\/v2\/posts\/247858","targetHints":{"allow":["GET"]}}],"collection":[{"href":"https:\/\/www.europesays.com\/fr\/wp-json\/wp\/v2\/posts"}],"about":[{"href":"https:\/\/www.europesays.com\/fr\/wp-json\/wp\/v2\/types\/post"}],"author":[{"embeddable":true,"href":"https:\/\/www.europesays.com\/fr\/wp-json\/wp\/v2\/users\/2"}],"replies":[{"embeddable":true,"href":"https:\/\/www.europesays.com\/fr\/wp-json\/wp\/v2\/comments?post=247858"}],"version-history":[{"count":0,"href":"https:\/\/www.europesays.com\/fr\/wp-json\/wp\/v2\/posts\/247858\/revisions"}],"wp:featuredmedia":[{"embeddable":true,"href":"https:\/\/www.europesays.com\/fr\/wp-json\/wp\/v2\/media\/247859"}],"wp:attachment":[{"href":"https:\/\/www.europesays.com\/fr\/wp-json\/wp\/v2\/media?parent=247858"}],"wp:term":[{"taxonomy":"category","embeddable":true,"href":"https:\/\/www.europesays.com\/fr\/wp-json\/wp\/v2\/categories?post=247858"},{"taxonomy":"post_tag","embeddable":true,"href":"https:\/\/www.europesays.com\/fr\/wp-json\/wp\/v2\/tags?post=247858"}],"curies":[{"name":"wp","href":"https:\/\/api.w.org\/{rel}","templated":true}]}}