{"id":247866,"date":"2025-07-13T20:13:09","date_gmt":"2025-07-13T20:13:09","guid":{"rendered":"https:\/\/www.europesays.com\/fr\/247866\/"},"modified":"2025-07-13T20:13:09","modified_gmt":"2025-07-13T20:13:09","slug":"jai-decide-de-me-mettre-a-nu-daphne-burki-devoile-sa-poitrine-pour-une-raison-bien-particuliere","status":"publish","type":"post","link":"https:\/\/www.europesays.com\/fr\/247866\/","title":{"rendered":"\u00ab\u00a0J&rsquo;ai d\u00e9cid\u00e9 de me mettre \u00e0 nu\u00a0\u00bb, Daphn\u00e9 B\u00fcrki d\u00e9voile sa poitrine pour une raison bien particuli\u00e8re"},"content":{"rendered":"<p>Daphn\u00e9 B\u00fcrki est une femme engag\u00e9e. L&rsquo;animatrice, de retour ce jeudi sur France 2 pour une nouvelle saison de Drag Race France aux c\u00f4t\u00e9s de <a href=\"https:\/\/www.public.fr\/diaporamas\/le-bardella-lets-go-nicky-doll-drag-race-france-se-dit-prete-a-coucher-avec-jordan-bardella-les-internautes-indignes\" rel=\"nofollow noopener\" target=\"_blank\">Nicky Doll<\/a> et <a href=\"https:\/\/www.public.fr\/shym-meconnaissable-apres-avoir-annonce-un-nouveau-depart-dans-sa-carriere\" rel=\"nofollow noopener\" target=\"_blank\">Shy&rsquo;m<\/a>, a post\u00e9 une photo tr\u00e8s personnelle sur Instagram. En effet, face au danger du cancer du sein, la m\u00e8re de famille a tenu \u00e0 <strong>rappeler l&rsquo;importance des mammographies r\u00e9guli\u00e8res<\/strong>. Au moins une fois par an, une femme doit aller se faire d\u00e9pister pour s&rsquo;assurer d&rsquo;aller bien.<\/p>\n<p>Pour pousser ses abonn\u00e9es \u00e0 courir chez leur gyn\u00e9cologue, Daphn\u00e9 B\u00fcrki n&rsquo;a pas h\u00e9sit\u00e9 \u00e0 enlever le haut. Ni une, ni deux, l&rsquo;animatrice <strong>qui a couvert les c\u00e9r\u00e9monies d&rsquo;ouverture et de cl\u00f4ture<\/strong> des Jeux Olympiques de Paris 2024 <a href=\"https:\/\/vsd.fr\/64526-cacher-ma-veritable-identite-a-mes-proches-daphne-burki-leve-le-voile-sur-sa-mission-tres-secrete-autour-des-jeux-olympiques\/\" rel=\"nofollow noopener\" target=\"_blank\">aux c\u00f4t\u00e9s de Thomas Jolly<\/a> n&rsquo;a pas h\u00e9sit\u00e9 \u00e0 d\u00e9voiler une photographie de son sein, au moment de l&rsquo;examen.<\/p>\n<p>Daphn\u00e9 B\u00fcrki appelle \u00e0 une sensibilisation g\u00e9n\u00e9rale<\/p>\n<p>En affichant la radio de son sein, Daphn\u00e9 B\u00fcrki r\u00e9alise un geste qui peut para\u00eetre anecdotique, mais qui est essentiel. <strong>\u00ab\u00a0Ce matin j\u2019ai d\u00e9cid\u00e9 de me mettre \u00e0 nu, en vous montrant mes seins\u00a0\u00bb <\/strong>a d\u00e9clar\u00e9 l&rsquo;animatrice du service public, qui se retrouvera sans Culturebox \u00e0 la rentr\u00e9e puisque l&rsquo;\u00e9mission est supprim\u00e9e de France 4. Elle a tenu \u00e0 sensibiliser au mieux ses abonn\u00e9es, en leur rappelant que les mammographies <strong>sont essentielles d\u00e8s l&rsquo;\u00e2ge de 35 ans<\/strong>. <\/p>\n<p>\u00ab\u00a0Faites une mammo d\u00e9s 35 ans. Je sais qu\u2019on en a marre d\u2019anticiper mais prenez soin de vous et donc des autres\u00a0\u00bb a conclu Daphn\u00e9 B\u00fcrki. Beaucoup de femmes l&rsquo;ont applaudie dans sa d\u00e9marche, mais c&rsquo;est le commentaire de l&rsquo;une d&rsquo;entre elles qui a mis en \u00e9moi l&rsquo;animatrice. Une de ses abonn\u00e9es a r\u00e9v\u00e9l\u00e9 que son g\u00e9n\u00e9raliste lui refusait le droit de faire une mammographie : \u00ab\u00a0Je voulais, mais les m\u00e9decins ne veulent pas. Si y\u2019a pas de cancers a cet \u00e2ge autour de toi, ils te disent non. Donc on nous dit toujours d\u2019anticiper mais on se fait refuser\u00a0\u00bb a-t-elle d\u00e9clar\u00e9.<\/p>\n<p>Un cancer qui tue 12 000 femmes chaque ann\u00e9e en France<\/p>\n<p>Chaque ann\u00e9e en France, le cancer du sein repr\u00e9sente un tiers des nouveaux cas de cancer diagnostiqu\u00e9 chez la femme. <strong>C&rsquo;est surtout<\/strong> <strong>la premi\u00e8re cause de cancer chez la femme<\/strong>. Si la mortalit\u00e9 est en baisse constante depuis plus de quarante ans, l&rsquo;incidence, elle, est en augmentation. <\/p>\n<p>En 2023, <strong>61 000 cas de cancers du sein ont \u00e9t\u00e9 recens\u00e9s<\/strong>. Le taux de survie \u00e0 5 ans est de 88%. Cela signifie que sur cent femmes atteintes d&rsquo;un cancer, 12 d&rsquo;entre elles ne passent pas le seuil des cinq ans. Malheureusement, selon cette m\u00eame \u00e9tude, <strong>seules 48,2% des femmes en \u00e2ge d&rsquo;\u00eatre d\u00e9pist\u00e9es<\/strong> sont all\u00e9es passer une mammographie\u2026<\/p>\n<p>      Mentionn\u00e9s dans cet article<\/p>\n<p>\u00c0 lire aussi<\/p>\n","protected":false},"excerpt":{"rendered":"Daphn\u00e9 B\u00fcrki est une femme engag\u00e9e. L&rsquo;animatrice, de retour ce jeudi sur France 2 pour une nouvelle saison&hellip;\n","protected":false},"author":2,"featured_media":247867,"comment_status":"","ping_status":"","sticky":false,"template":"","format":"standard","meta":{"footnotes":""},"categories":[1359],"tags":[101,2776,33384,58,26643,59,1294,1011,27,226,38833,973,71],"class_list":{"0":"post-247866","1":"post","2":"type-post","3":"status-publish","4":"format-standard","5":"has-post-thumbnail","7":"category-people","8":"tag-cancer","9":"tag-cancer-du-sein","10":"tag-daphne-burki","11":"tag-divertissement","12":"tag-drag-race-france","13":"tag-entertainment","14":"tag-femme","15":"tag-fr","16":"tag-france","17":"tag-maladie","18":"tag-mammoplastie","19":"tag-people","20":"tag-sante"},"share_on_mastodon":{"url":"https:\/\/pubeurope.com\/@fr\/114847757329369562","error":""},"_links":{"self":[{"href":"https:\/\/www.europesays.com\/fr\/wp-json\/wp\/v2\/posts\/247866","targetHints":{"allow":["GET"]}}],"collection":[{"href":"https:\/\/www.europesays.com\/fr\/wp-json\/wp\/v2\/posts"}],"about":[{"href":"https:\/\/www.europesays.com\/fr\/wp-json\/wp\/v2\/types\/post"}],"author":[{"embeddable":true,"href":"https:\/\/www.europesays.com\/fr\/wp-json\/wp\/v2\/users\/2"}],"replies":[{"embeddable":true,"href":"https:\/\/www.europesays.com\/fr\/wp-json\/wp\/v2\/comments?post=247866"}],"version-history":[{"count":0,"href":"https:\/\/www.europesays.com\/fr\/wp-json\/wp\/v2\/posts\/247866\/revisions"}],"wp:featuredmedia":[{"embeddable":true,"href":"https:\/\/www.europesays.com\/fr\/wp-json\/wp\/v2\/media\/247867"}],"wp:attachment":[{"href":"https:\/\/www.europesays.com\/fr\/wp-json\/wp\/v2\/media?parent=247866"}],"wp:term":[{"taxonomy":"category","embeddable":true,"href":"https:\/\/www.europesays.com\/fr\/wp-json\/wp\/v2\/categories?post=247866"},{"taxonomy":"post_tag","embeddable":true,"href":"https:\/\/www.europesays.com\/fr\/wp-json\/wp\/v2\/tags?post=247866"}],"curies":[{"name":"wp","href":"https:\/\/api.w.org\/{rel}","templated":true}]}}