{"id":247872,"date":"2025-07-13T20:16:13","date_gmt":"2025-07-13T20:16:13","guid":{"rendered":"https:\/\/www.europesays.com\/fr\/247872\/"},"modified":"2025-07-13T20:16:13","modified_gmt":"2025-07-13T20:16:13","slug":"vivian-denonce-le-comportement-de-vincent-queijo-dans-la-maison-des-secrets-il-a-pris-romy-dans-les-bras-parce-que","status":"publish","type":"post","link":"https:\/\/www.europesays.com\/fr\/247872\/","title":{"rendered":"Vivian d\u00e9nonce le comportement de Vincent Queijo dans la Maison des Secrets : \u00ab\u00a0Il a pris Romy dans les bras parce que\u2026\u00a0\u00bb"},"content":{"rendered":"<p>\u00c7a chauffe dans la Maison des Secrets ! Ce jeudi 10 juillet, TFX proposait un prime de Secret Story <strong>riche en rebondissements et en nostalgie.<\/strong> Au programme : retours d\u2019anciens candidats, secrets r\u00e9v\u00e9l\u00e9s, ruptures surprises et\u2026 clash en bonne et due forme. Car oui, si le prime a fait plaisir aux fans de la premi\u00e8re heure, il a aussi laiss\u00e9 place \u00e0 <strong>quelques r\u00e8glements de comptes en bonne et due forme.<\/strong> Et devinez qui a pris la parole apr\u00e8s l\u2019\u00e9mission ? Vivian bien s\u00fbr ! Fid\u00e8le \u00e0 lui-m\u00eame, l\u2019ancien candidat embl\u00e9matique n\u2019a pas m\u00e2ch\u00e9 ses mots en s\u2019en prenant \u00e0 Vincent Queijo, accus\u00e9 d\u2019avoir jou\u00e9 un peu trop <strong>la carte de la strat\u00e9gie\u2026 <\/strong>en mode c\u00e2lin.<\/p>\n<p>Secret Story : Vivian d\u00e9zingue Vincent Queijo apr\u00e8s le prime<\/p>\n<p>Ce prime du 10 juillet \u00e9tait plac\u00e9 sous le signe de la nostalgie. La production a ressorti l\u2019ancien logo et fait <strong>revenir des figures mythiques<\/strong> de l\u2019\u00e9mission : Vincent Queijo, Emilie Nef Naf, Sabrina Perquis, Justine, Zarko et bien d\u2019autres. Tous avaient une mission sp\u00e9ciale : transmettre des messages aux habitants pendant qu\u2019ils \u00e9taient fig\u00e9s par La Voix. Si certains conseils \u00e9taient bienveillants, d\u2019autres ont \u00e9t\u00e9 per\u00e7us <strong>comme maladroits\u2026 voire int\u00e9ress\u00e9s. <\/strong>Et c\u2019est justement ce qui a mis Vivian en col\u00e8re.<\/p>\n<p>En live TikTok apr\u00e8s l\u2019\u00e9mission, <a href=\"https:\/\/www.public.fr\/quelle-honte-cette-video-de-vivian-grimigni-entierement-nu-sur-instagram-choque-les-internautes\" target=\"_blank\" rel=\"noopener\">celui qui s\u2019est affich\u00e9 nu sur Instagram<\/a> n\u2019a pas retenu ses coups contre Vincent Queijo. Selon lui, le comportement de l\u2019ancien candidat <strong>n\u2019\u00e9tait pas du tout sinc\u00e8re.<\/strong> \u00ab\u00a0Il a pris Romy dans les bras parce qu\u2019il sait qu\u2019elle est aim\u00e9e, point. Je vous le garantis. Demain, \u00e7a aurait \u00e9t\u00e9 Pimprenelle qui \u00e9tait aim\u00e9e, <strong>il aurait pris Pamlemousse dans les bras\u00a0\u00bb, <\/strong>a-t-il balanc\u00e9, avec cette petite touche de sarcasme qu\u2019on lui conna\u00eet bien.<\/p>\n<p>Vivian VS Vincent : \u00ab Il n\u2019a rien compris \u00e0 Secret Story \u00bb<\/p>\n<p>Vivian n\u2019a pas dig\u00e9r\u00e9 ce qu\u2019il consid\u00e8re <strong>comme de l\u2019opportunisme pur. <\/strong>\u00ab\u00a0Pour moi, Vincent, il a rien compris \u00e0 Secret Story. Il a rien suivi, il a juste regard\u00e9 qui \u00e9tait aim\u00e9 et qui ne l\u2019\u00e9tait pas.\u00a0\u00bb. Il faut dire que Vivian lui-m\u00eame a <strong>pris des d\u00e9cisions controvers\u00e9es<\/strong> pendant ce prime. En prenant le pouvoir de M\u00e9lanie, il a choisi d\u2019envoyer Pimprenelle dans le sas, justifiant sa d\u00e9cision par un clash bien senti. <strong>\u00ab\u00a0Je te trouve un peu arrogante<\/strong> et je n\u2019aime pas trop ce c\u00f4t\u00e9-l\u00e0 de toi\u00a0\u00bb, a-t-il expliqu\u00e9 \u00e0 la jeune femme, qu\u2019il surnomme Paprika ou Pamplemousse selon l\u2019humeur.<\/p>\n<p>L\u2019ex de Nathalie Andreani ne s\u2019est pas arr\u00eat\u00e9 l\u00e0. \u00ab\u00a0Tout \u00e0 fait, ma ch\u00e8re duchesse\u00a0\u00bb, a-t-il lanc\u00e9 \u00e0 Pimprenelle, <strong>visiblement agac\u00e9e par ses piques. <\/strong>\u00ab\u00a0D\u00e9sol\u00e9e d\u2019avoir \u00e9t\u00e9 \u00e0 l\u2019\u00e9cole\u00a0\u00bb, lui a-t-elle r\u00e9torqu\u00e9. R\u00e9ponse cinglante de Vivian : \u00ab\u00a0Il y a des gens qui ne sont pas all\u00e9s \u00e0 l\u2019\u00e9cole et qui sont <strong>encore plus intelligents que toi.\u00a0\u00bb.<\/strong> A\u00efe.<\/p>\n<p>Les internautes divis\u00e9s : sinc\u00e9rit\u00e9 ou hypocrisie collective ? \u00ab\u00a0\u00c7a sonne tellement faux\u00a0\u00bb<\/p>\n<p>Sur TikTok, les propos de Vivian ont <strong>rapidement fait r\u00e9agir. <\/strong>Certains internautes sont 100 % d\u2019accord avec lui. \u00ab\u00a0Il a totalement raison sauf que les 4 anciens qui sont venus (lui compris) ont fait EXACTEMENT pareil\u00a0\u00bb, peut-on lire. D\u2019autres pointent une forme d\u2019hypocrisie : \u00ab\u00a0Vivian et toi Pimp, c\u2019\u00e9tait quoi ?? <strong>Tu as fait pareil \u00e0 cause du public.\u00a0\u00bb.<\/strong> Un autre commentaire r\u00e9sume assez bien l\u2019ambiance g\u00e9n\u00e9rale : \u00ab\u00a0De gros hypocrites, mais j\u2019ai pens\u00e9 \u00e7a aussi avec Am\u00e9lie, Vivian et Lou. \u00c7a sonne tellement faux, <strong>ils en ont trop fait avec Romy.\u00a0\u00bb.<\/strong><\/p>\n<p>Car il faut bien le dire, depuis le d\u00e9but de la saison, Romy s\u2019est impos\u00e9e comme <strong>la coqueluche du public,<\/strong> <a href=\"https:\/\/www.public.fr\/romy-harcelee-dans-secret-story-amelie-neten-sen-mele-et-charge-violemment-marianne-je-peux-plus\" target=\"_blank\" rel=\"noopener\">et les anciens semblent l\u2019avoir bien compris\u2026<\/a> Si Vincent Queijo ne s\u2019est pas encore exprim\u00e9 suite aux propos de Vivian, on peut s\u2019attendre \u00e0 <strong>une petite r\u00e9ponse bien sentie<\/strong> dans les jours \u00e0 venir. Affaire \u00e0 suivre\u2026<\/p>\n<p>      Mentionn\u00e9s dans cet article<\/p>\n<p>\u00c0 lire aussi<\/p>\n","protected":false},"excerpt":{"rendered":"\u00c7a chauffe dans la Maison des Secrets ! Ce jeudi 10 juillet, TFX proposait un prime de Secret&hellip;\n","protected":false},"author":2,"featured_media":247873,"comment_status":"","ping_status":"","sticky":false,"template":"","format":"standard","meta":{"footnotes":""},"categories":[1356],"tags":[58,59,1011,27,29901,252,1364,6854,36360],"class_list":{"0":"post-247872","1":"post","2":"type-post","3":"status-publish","4":"format-standard","5":"has-post-thumbnail","7":"category-television","8":"tag-divertissement","9":"tag-entertainment","10":"tag-fr","11":"tag-france","12":"tag-secret-story","13":"tag-television","14":"tag-tv","15":"tag-vincent-queijo","16":"tag-vivian-grimigni"},"share_on_mastodon":{"url":"https:\/\/pubeurope.com\/@fr\/114847769103535437","error":""},"_links":{"self":[{"href":"https:\/\/www.europesays.com\/fr\/wp-json\/wp\/v2\/posts\/247872","targetHints":{"allow":["GET"]}}],"collection":[{"href":"https:\/\/www.europesays.com\/fr\/wp-json\/wp\/v2\/posts"}],"about":[{"href":"https:\/\/www.europesays.com\/fr\/wp-json\/wp\/v2\/types\/post"}],"author":[{"embeddable":true,"href":"https:\/\/www.europesays.com\/fr\/wp-json\/wp\/v2\/users\/2"}],"replies":[{"embeddable":true,"href":"https:\/\/www.europesays.com\/fr\/wp-json\/wp\/v2\/comments?post=247872"}],"version-history":[{"count":0,"href":"https:\/\/www.europesays.com\/fr\/wp-json\/wp\/v2\/posts\/247872\/revisions"}],"wp:featuredmedia":[{"embeddable":true,"href":"https:\/\/www.europesays.com\/fr\/wp-json\/wp\/v2\/media\/247873"}],"wp:attachment":[{"href":"https:\/\/www.europesays.com\/fr\/wp-json\/wp\/v2\/media?parent=247872"}],"wp:term":[{"taxonomy":"category","embeddable":true,"href":"https:\/\/www.europesays.com\/fr\/wp-json\/wp\/v2\/categories?post=247872"},{"taxonomy":"post_tag","embeddable":true,"href":"https:\/\/www.europesays.com\/fr\/wp-json\/wp\/v2\/tags?post=247872"}],"curies":[{"name":"wp","href":"https:\/\/api.w.org\/{rel}","templated":true}]}}