{"id":247874,"date":"2025-07-13T20:17:10","date_gmt":"2025-07-13T20:17:10","guid":{"rendered":"https:\/\/www.europesays.com\/fr\/247874\/"},"modified":"2025-07-13T20:17:10","modified_gmt":"2025-07-13T20:17:10","slug":"la-story-match-joe-dassin-doit-lun-de-ses-plus-grands-succes-a-rendez-vous-manque-de-claude-francois","status":"publish","type":"post","link":"https:\/\/www.europesays.com\/fr\/247874\/","title":{"rendered":"La Story Match\u00a0: Joe Dassin doit l&rsquo;un de ses plus grands succ\u00e8s \u00e0 rendez-vous manqu\u00e9 de Claude Fran\u00e7ois"},"content":{"rendered":"<p class=\"ap-StoryElement ap-StoryElement--mb ap-StoryText\">Sorti en juin 1975, \u00ab\u00a0L&rsquo;\u00e9t\u00e9 indien\u00a0\u00bb fut le plus grand succ\u00e8s de la carri\u00e8re de Joe Dassin. Aujourd&rsquo;hui encore, il r\u00e9sonne dans les soir\u00e9es de village, parfois dans les mariages et de temps en temps \u00e0 la radio. Il a relanc\u00e9 la carri\u00e8re de l&rsquo;artiste, qui venait de sortir un album dont les ventes ne d\u00e9collaient pas.<\/p>\n<p class=\"ap-StoryElement ap-StoryElement--mb ap-StoryText\">Pourtant, \u00ab\u00a0L&rsquo;\u00e9t\u00e9 indien\u00a0\u00bb aurait pu ne jamais \u00eatre interpr\u00e9t\u00e9 par Joe Dassin\u2026 L&rsquo;histoire de ce tube commence en effet en Italie. La chanson est compos\u00e9e \u00e0 l&rsquo;\u00e9poque par Toto Cutugno, Vito Pallavicini et Pasquale Losito pour le groupe italien Albatros. Sortie dans les premiers mois de l&rsquo;ann\u00e9e 1975 sous le titre \u00ab\u00a0Africa\u00a0\u00bb, elle ne rencontre pas de v\u00e9ritable succ\u00e8s. Mais elle est rep\u00e9r\u00e9e par Jacques Plait, le directeur artistique de Joe Dassin.<\/p>\n<p>Pour acc\u00e9der \u00e0 cet article, veuillez vous connecter au r\u00e9seau internet.<\/p>\n","protected":false},"excerpt":{"rendered":"Sorti en juin 1975, \u00ab\u00a0L&rsquo;\u00e9t\u00e9 indien\u00a0\u00bb fut le plus grand succ\u00e8s de la carri\u00e8re de Joe Dassin. Aujourd&rsquo;hui&hellip;\n","protected":false},"author":2,"featured_media":247875,"comment_status":"","ping_status":"","sticky":false,"template":"","format":"standard","meta":{"footnotes":""},"categories":[1355],"tags":[10896,58,59,1011,27,937,23574,1361,873,8107],"class_list":{"0":"post-247874","1":"post","2":"type-post","3":"status-publish","4":"format-standard","5":"has-post-thumbnail","7":"category-musique","8":"tag-claude-francois","9":"tag-divertissement","10":"tag-entertainment","11":"tag-fr","12":"tag-france","13":"tag-histoire","14":"tag-joe-dassin","15":"tag-music","16":"tag-musique","17":"tag-tube"},"share_on_mastodon":{"url":"https:\/\/pubeurope.com\/@fr\/114847773001460413","error":""},"_links":{"self":[{"href":"https:\/\/www.europesays.com\/fr\/wp-json\/wp\/v2\/posts\/247874","targetHints":{"allow":["GET"]}}],"collection":[{"href":"https:\/\/www.europesays.com\/fr\/wp-json\/wp\/v2\/posts"}],"about":[{"href":"https:\/\/www.europesays.com\/fr\/wp-json\/wp\/v2\/types\/post"}],"author":[{"embeddable":true,"href":"https:\/\/www.europesays.com\/fr\/wp-json\/wp\/v2\/users\/2"}],"replies":[{"embeddable":true,"href":"https:\/\/www.europesays.com\/fr\/wp-json\/wp\/v2\/comments?post=247874"}],"version-history":[{"count":0,"href":"https:\/\/www.europesays.com\/fr\/wp-json\/wp\/v2\/posts\/247874\/revisions"}],"wp:featuredmedia":[{"embeddable":true,"href":"https:\/\/www.europesays.com\/fr\/wp-json\/wp\/v2\/media\/247875"}],"wp:attachment":[{"href":"https:\/\/www.europesays.com\/fr\/wp-json\/wp\/v2\/media?parent=247874"}],"wp:term":[{"taxonomy":"category","embeddable":true,"href":"https:\/\/www.europesays.com\/fr\/wp-json\/wp\/v2\/categories?post=247874"},{"taxonomy":"post_tag","embeddable":true,"href":"https:\/\/www.europesays.com\/fr\/wp-json\/wp\/v2\/tags?post=247874"}],"curies":[{"name":"wp","href":"https:\/\/api.w.org\/{rel}","templated":true}]}}