{"id":247882,"date":"2025-07-13T20:21:10","date_gmt":"2025-07-13T20:21:10","guid":{"rendered":"https:\/\/www.europesays.com\/fr\/247882\/"},"modified":"2025-07-13T20:21:10","modified_gmt":"2025-07-13T20:21:10","slug":"thierry-ardisson-est-il-decede-des-suites-de-sa-maladie-audrey-crespo-mara-prend-enfin-la-parole","status":"publish","type":"post","link":"https:\/\/www.europesays.com\/fr\/247882\/","title":{"rendered":"Thierry Ardisson est-il d\u00e9c\u00e9d\u00e9 des suites de sa maladie ? Audrey Crespo-Mara prend enfin la parole"},"content":{"rendered":"<p>      R\u00e9sum\u00e9<\/p>\n<p>Thierry Ardisson est au centre de rumeurs de d\u00e9c\u00e8s, mais sa compagne Audrey Crespo-Mara affirme qu\u2019il est vivant, tandis que le myst\u00e8re sur sa sant\u00e9 persiste.<\/p>\n<p>        Sommaire<\/p>\n<p>C&rsquo;est un v\u00e9ritable jeu de chaises musicales auquel les t\u00e9l\u00e9spectateurs de TF1 ont assist\u00e9 en ce d\u00e9but juillet. <\/p>\n<p>Alors qu&rsquo;<a href=\"https:\/\/www.public.fr\/anne-claire-coudray-remplace-audrey-crespo-mara-en-urgence-et-repousse-ses-vacances-dete-faut-il-sinquieter\" target=\"_blank\" rel=\"noopener\"><strong>Anne-Claire Coudray<\/strong> avait annonc\u00e9 ses cong\u00e9s d&rsquo;\u00e9t\u00e9<\/a> le dimanche 6, elle est pourtant <strong>revenue \u00e0 l&rsquo;antenne<\/strong> le vendredi 11, dans le fauteuil du JT de 20h, <strong>\u00e0 la place d&rsquo;Audrey Crespo-Mara<\/strong>, sa rempla\u00e7ante habituelle. Une absence surprise, d&rsquo;autant plus qu&rsquo;aucune explication n&rsquo;a \u00e9t\u00e9 donn\u00e9e.<\/p>\n<p>Sur les r\u00e9seaux sociaux, <strong>la femme de <a href=\"https:\/\/www.public.fr\/tag\/thierry-ardisson\" target=\"_blank\" rel=\"noopener\">Thierry Ardisson<\/a> est rest\u00e9e totalement silencieuse<\/strong>. Et ce mutisme n&rsquo;a fait qu&rsquo;alimenter rumeurs et sp\u00e9culations. <\/p>\n<p>Pendant ce temps, Anne-Claire Coudray, cens\u00e9e \u00eatre en vacances, a repris du service, avec notamment une participation au dispositif sp\u00e9cial du 14 juillet. Pourquoi Audrey Crespo-Mara s&rsquo;est-elle retrouv\u00e9e sur la touche ? Le myst\u00e8re demeure.<\/p>\n<p>Thierry Ardisson d\u00e9c\u00e9d\u00e9 ?<\/p>\n<p>Ce silence a finalement laiss\u00e9 place \u00e0 <strong>une annonce bouleversante<\/strong>. Ce dimanche 13 juillet 2025, Cl\u00e9ment Garin, sp\u00e9cialiste des m\u00e9dias souvent bien renseign\u00e9, a publi\u00e9 un message alarmant sur son compte X (anciennement Twitter). D&rsquo;apr\u00e8s lui, <strong>Thierry Ardisson serait d\u00e9c\u00e9d\u00e9 \u00e0 l&rsquo;\u00e2ge de 76 ans<\/strong>. Une information qui a rapidement provoqu\u00e9 une onde de choc sur les r\u00e9seaux.<\/p>\n<p>Face \u00e0 l&#8217;emballement, <strong>Audrey Crespo-Mara a fini par briser le silence<\/strong>. Sa r\u00e9ponse a \u00e9t\u00e9 imm\u00e9diate et sans appel. \u00ab\u00a0<strong>Honte \u00e0 vous ! Non, mon mari n&rsquo;est pas mort<\/strong>\u00ab\u00a0, a-t-elle \u00e9crit, visiblement tr\u00e8s en col\u00e8re.<\/p>\n<p>\u00c0 ce jour, ni Thierry Ardisson ni son \u00e9pouse n&rsquo;ont donn\u00e9 plus de pr\u00e9cisions sur son \u00e9tat de sant\u00e9. Mais l&rsquo;homme en noir serait bel et bien vivant.<\/p>\n<p>Concernant l&rsquo;origine de ce scoop, impossible de dire <strong>s&rsquo;il s&rsquo;agit d&rsquo;une erreur ou d&rsquo;une pr\u00e9cipitation<\/strong>. Cl\u00e9ment Garin a, quant \u00e0 lui, fini par supprimer son message.<\/p>\n<p>\u00ab\u00a0Bon, je supprime, car j\u2019ai encore les avocats au cul. Ils veulent tout garder pour le documentaire et r\u00e9v\u00e9ler plusieurs semaines apr\u00e8s. Je ne dis rien de plus\u00a0\u00bb, a-t-il pr\u00e9cis\u00e9. Un post qui a suscit\u00e9 de vives r\u00e9actions.<\/p>\n<p>      Mentionn\u00e9s dans cet article<\/p>\n<p>\u00c0 lire aussi<\/p>\n","protected":false},"excerpt":{"rendered":"R\u00e9sum\u00e9 Thierry Ardisson est au centre de rumeurs de d\u00e9c\u00e8s, mais sa compagne Audrey Crespo-Mara affirme qu\u2019il est&hellip;\n","protected":false},"author":2,"featured_media":247883,"comment_status":"","ping_status":"","sticky":false,"template":"","format":"standard","meta":{"footnotes":""},"categories":[8],"tags":[17979,58,59,1011,27,10058],"class_list":{"0":"post-247882","1":"post","2":"type-post","3":"status-publish","4":"format-standard","5":"has-post-thumbnail","7":"category-divertissement","8":"tag-audrey-crespo-mara","9":"tag-divertissement","10":"tag-entertainment","11":"tag-fr","12":"tag-france","13":"tag-thierry-ardisson"},"share_on_mastodon":{"url":"https:\/\/pubeurope.com\/@fr\/114847788797336740","error":""},"_links":{"self":[{"href":"https:\/\/www.europesays.com\/fr\/wp-json\/wp\/v2\/posts\/247882","targetHints":{"allow":["GET"]}}],"collection":[{"href":"https:\/\/www.europesays.com\/fr\/wp-json\/wp\/v2\/posts"}],"about":[{"href":"https:\/\/www.europesays.com\/fr\/wp-json\/wp\/v2\/types\/post"}],"author":[{"embeddable":true,"href":"https:\/\/www.europesays.com\/fr\/wp-json\/wp\/v2\/users\/2"}],"replies":[{"embeddable":true,"href":"https:\/\/www.europesays.com\/fr\/wp-json\/wp\/v2\/comments?post=247882"}],"version-history":[{"count":0,"href":"https:\/\/www.europesays.com\/fr\/wp-json\/wp\/v2\/posts\/247882\/revisions"}],"wp:featuredmedia":[{"embeddable":true,"href":"https:\/\/www.europesays.com\/fr\/wp-json\/wp\/v2\/media\/247883"}],"wp:attachment":[{"href":"https:\/\/www.europesays.com\/fr\/wp-json\/wp\/v2\/media?parent=247882"}],"wp:term":[{"taxonomy":"category","embeddable":true,"href":"https:\/\/www.europesays.com\/fr\/wp-json\/wp\/v2\/categories?post=247882"},{"taxonomy":"post_tag","embeddable":true,"href":"https:\/\/www.europesays.com\/fr\/wp-json\/wp\/v2\/tags?post=247882"}],"curies":[{"name":"wp","href":"https:\/\/api.w.org\/{rel}","templated":true}]}}