{"id":247888,"date":"2025-07-13T20:24:16","date_gmt":"2025-07-13T20:24:16","guid":{"rendered":"https:\/\/www.europesays.com\/fr\/247888\/"},"modified":"2025-07-13T20:24:16","modified_gmt":"2025-07-13T20:24:16","slug":"pourquoi-le-monde-devient-un-far-west-mediapart","status":"publish","type":"post","link":"https:\/\/www.europesays.com\/fr\/247888\/","title":{"rendered":"Pourquoi le monde devient un far-west &#8211; Mediapart"},"content":{"rendered":"<ol>\n<li><a href=\"https:\/\/news.google.com\/rss\/articles\/CBMilgFBVV95cUxQVERPUlhMc2tISWxEMmxhb1RYOEZIeFE4Z0QyVGo4aWhnRjgxYnAzMXBKQmlzd09QRTUyUlRiU1F6TnVPM0lSWXZGUWlaVmRPZVJVbEgzdzdPNXNVanJJcmdiazZDUjRFUmVoMlRPMlZkeGNnaS1YTDlGYV9sQ3V0dVpmRFJYLTRLMXVBRDJDYmFfRnRkblE?oc=5\" target=\"_blank\" rel=\"noopener\">Pourquoi le monde devient un far-west<\/a>&nbsp;&nbsp;Mediapart<\/li>\n<li><a href=\"https:\/\/news.google.com\/rss\/articles\/CBMimAFBVV95cUxPY3loWEg4ajcwbUV5VG9mY2VvRFh5Y0JWZXpBMXhxY1pwSlZ2NENjUTI3T0hCTFh5ZTh5Wm5TTXNhc2JVdUwtZ05tUEM1bVFCVjE2dVdGNFQ3TENkM1JhaTVyVndCeXhYdjhZblNBYUNyNkNKZlFtTUtWT0FEMm9sU1d5cndIcEdmMmljYWswWkJPemNtdWs1Tg?oc=5\" target=\"_blank\" rel=\"noopener\">Parti pris : De la force du droit au droit de la force<\/a>&nbsp;&nbsp;Politis.fr<\/li>\n<li><a href=\"https:\/\/news.google.com\/rss\/articles\/CBMipgFBVV95cUxPWmplcGdWV3pIM2JqOXU3TmRJVnl3VUdvWXBWam90Z3NtVUJIcWpzOGVxeEpXWjRGb1VncnE4R1c5Z3dLaENjcDVTR3lQZ0YzMkxhNFhhUjY4Nl9aTWNFOFlya29BcDB6Nnk4Nm1SQ3l2S25YOWgwRXJIMHZuaXczbVFmbXVUQmJMa3pvSUdURndSbDNWOFBVUmNrWjZYdm1zb1B0d3J3?oc=5\" target=\"_blank\" rel=\"noopener\">Le droit international est mort, \u00ab vive \u00bb le droit international inhumain !<\/a>&nbsp;&nbsp;Espacemanager<\/li>\n<li><a href=\"https:\/\/news.google.com\/rss\/articles\/CBMiowFBVV95cUxNSkxsVE1BSTEtTV93UUF4cjFXejg1ZkRLZDVLWmxDUGpoc2haR1lYV1Eyc2JEa0ZLakluZ3d1UWNXVUU3UEt3cXcyUEFBS3hnSWR3NWtOUUs2M3pDME5xNF9KaGFFbVRlWmw0V1M5b0V5MFdMajdKSC13ZndDOUxDLUpITWVCcWRIWFZQcEFUc1VvdTJsVVFmRUZpQ1NEdXhZdmtv?oc=5\" target=\"_blank\" rel=\"noopener\">Onu, Cpi, Tnp : le double standard au c\u0153ur de la faillite du Droit international<\/a>&nbsp;&nbsp;lequotidien.sn<\/li>\n<li><a href=\"https:\/\/news.google.com\/rss\/articles\/CBMivwFBVV95cUxNT0FwZi1sUFRFaUh5Mjc4dmVkQ3dFR0liOUxPY0YxNW5Nb1dlQV9nNVczM2ZJdmZHWkZBbnpUQk9jSE1wWlJ1aFEwa2VDOVgxZV9jMnRhaG9DTFBUTHF4bWUwN1E4VHFWSDVhWVdzbVIwVHkwM0ZvTTFRUWFjNzNYTzVvN2FYVFQ4emgxajMzLW55TGhkTXFyR3J1RmJUVnR2QUJYYjRnRTV2NXZfSzhpSDctZVBhUTg5NGVzNk1VQQ?oc=5\" target=\"_blank\" rel=\"noopener\">Le droit international, outil de progr\u00e8s ou de domination : des r\u00e8gles \u00e0 double face<\/a>&nbsp;&nbsp;Politis.fr<\/li>\n<\/ol>\n","protected":false},"excerpt":{"rendered":"Pourquoi le monde devient un far-west&nbsp;&nbsp;Mediapart Parti pris : De la force du droit au droit de la&hellip;\n","protected":false},"author":2,"featured_media":247889,"comment_status":"","ping_status":"","sticky":false,"template":"","format":"standard","meta":{"footnotes":""},"categories":[5],"tags":[11,1081,1011,27,14,12,28],"class_list":{"0":"post-247888","1":"post","2":"type-post","3":"status-publish","4":"format-standard","5":"has-post-thumbnail","7":"category-international","8":"tag-actualites","9":"tag-crimes-de-guerre","10":"tag-fr","11":"tag-france","12":"tag-international","13":"tag-news","14":"tag-world"},"share_on_mastodon":{"url":"https:\/\/pubeurope.com\/@fr\/114847800568614779","error":""},"_links":{"self":[{"href":"https:\/\/www.europesays.com\/fr\/wp-json\/wp\/v2\/posts\/247888","targetHints":{"allow":["GET"]}}],"collection":[{"href":"https:\/\/www.europesays.com\/fr\/wp-json\/wp\/v2\/posts"}],"about":[{"href":"https:\/\/www.europesays.com\/fr\/wp-json\/wp\/v2\/types\/post"}],"author":[{"embeddable":true,"href":"https:\/\/www.europesays.com\/fr\/wp-json\/wp\/v2\/users\/2"}],"replies":[{"embeddable":true,"href":"https:\/\/www.europesays.com\/fr\/wp-json\/wp\/v2\/comments?post=247888"}],"version-history":[{"count":0,"href":"https:\/\/www.europesays.com\/fr\/wp-json\/wp\/v2\/posts\/247888\/revisions"}],"wp:featuredmedia":[{"embeddable":true,"href":"https:\/\/www.europesays.com\/fr\/wp-json\/wp\/v2\/media\/247889"}],"wp:attachment":[{"href":"https:\/\/www.europesays.com\/fr\/wp-json\/wp\/v2\/media?parent=247888"}],"wp:term":[{"taxonomy":"category","embeddable":true,"href":"https:\/\/www.europesays.com\/fr\/wp-json\/wp\/v2\/categories?post=247888"},{"taxonomy":"post_tag","embeddable":true,"href":"https:\/\/www.europesays.com\/fr\/wp-json\/wp\/v2\/tags?post=247888"}],"curies":[{"name":"wp","href":"https:\/\/api.w.org\/{rel}","templated":true}]}}