{"id":247890,"date":"2025-07-13T20:25:09","date_gmt":"2025-07-13T20:25:09","guid":{"rendered":"https:\/\/www.europesays.com\/fr\/247890\/"},"modified":"2025-07-13T20:25:09","modified_gmt":"2025-07-13T20:25:09","slug":"a-quimper-une-femme-de-37-ans-meurt-dans-un-accident-sur-la-rn165","status":"publish","type":"post","link":"https:\/\/www.europesays.com\/fr\/247890\/","title":{"rendered":"\u00c0 Quimper, une femme de 37 ans meurt dans un accident sur la RN165"},"content":{"rendered":"<p>C\u2019est un accident tragique qui est survenu, ce dimanche 13 juillet 2025, peu avant 17 h, \u00e0 Quimper. Plusieurs voitures transportant des membres d\u2019une m\u00eame famille se suivaient, sur la RN165, \u00e0 hauteur de la zone de Gourvily, lorsqu\u2019une d\u2019entre elles, avec \u00e0 son bord une conductrice, une passag\u00e8re \u00e0 l\u2019avant et deux enfants en bas \u00e2ge \u00e0 l\u2019arri\u00e8re, a fait plusieurs tonneaux, \u00e0 la suite d\u2019une perte de contr\u00f4le. Dans le choc, la passag\u00e8re, \u00e2g\u00e9e de 37 ans, a \u00e9t\u00e9 \u00e9ject\u00e9e de la voiture. Malgr\u00e9 l\u2019intervention rapide des secours, elle n\u2019a pu \u00eatre r\u00e9anim\u00e9e. \ufeff<\/p>\n<p>Aux c\u00f4t\u00e9s de la gendarmerie, six v\u00e9hicules de pompiers ont \u00e9t\u00e9 mobilis\u00e9s sur les lieux, ainsi que deux v\u00e9hicules de d\u00e9sincarc\u00e9ration, n\u00e9cessaires pour extraire la conductrice et les enfants de la voiture. Ils ont \u00e9t\u00e9 transport\u00e9s \u00e0 l\u2019h\u00f4pital. \u00c9videmment choqu\u00e9s, les autres membres de la famille qui ont assist\u00e9 \u00e0 l\u2019accident ont \u00e9galement \u00e9t\u00e9 pris en charge.<\/p>\n<p>Une enqu\u00eate a \u00e9t\u00e9 ouverte pour comprendre les circonstances exactes.<\/p>\n<p>La victime habitait Briec<\/p>\n<p>Originaire de Briec, la victime faisait partie de la communaut\u00e9 turque de la commune. Une communaut\u00e9 qui compte 450 \u00e0 500 membres, indique le pr\u00e9sident de l\u2019association culturelle et sportive turque de Briec, Fikret Cetin, qui se dit choqu\u00e9 et attrist\u00e9, ce dimanche soir.<\/p>\n","protected":false},"excerpt":{"rendered":"C\u2019est un accident tragique qui est survenu, ce dimanche 13 juillet 2025, peu avant 17 h, \u00e0 Quimper.&hellip;\n","protected":false},"author":2,"featured_media":247891,"comment_status":"","ping_status":"","sticky":false,"template":"","format":"standard","meta":{"footnotes":""},"categories":[4],"tags":[3085,11,829,765,118,3321,1011,27,12,3319,25,656,5009],"class_list":{"0":"post-247890","1":"post","2":"type-post","3":"status-publish","4":"format-standard","5":"has-post-thumbnail","7":"category-france","8":"tag-accidents","9":"tag-actualites","10":"tag-bretagne","11":"tag-en-continu","12":"tag-faits-divers","13":"tag-finistere","14":"tag-fr","15":"tag-france","16":"tag-news","17":"tag-quimper","18":"tag-republique-francaise","19":"tag-securite","20":"tag-securite-routiere"},"share_on_mastodon":{"url":"https:\/\/pubeurope.com\/@fr\/114847804503680900","error":""},"_links":{"self":[{"href":"https:\/\/www.europesays.com\/fr\/wp-json\/wp\/v2\/posts\/247890","targetHints":{"allow":["GET"]}}],"collection":[{"href":"https:\/\/www.europesays.com\/fr\/wp-json\/wp\/v2\/posts"}],"about":[{"href":"https:\/\/www.europesays.com\/fr\/wp-json\/wp\/v2\/types\/post"}],"author":[{"embeddable":true,"href":"https:\/\/www.europesays.com\/fr\/wp-json\/wp\/v2\/users\/2"}],"replies":[{"embeddable":true,"href":"https:\/\/www.europesays.com\/fr\/wp-json\/wp\/v2\/comments?post=247890"}],"version-history":[{"count":0,"href":"https:\/\/www.europesays.com\/fr\/wp-json\/wp\/v2\/posts\/247890\/revisions"}],"wp:featuredmedia":[{"embeddable":true,"href":"https:\/\/www.europesays.com\/fr\/wp-json\/wp\/v2\/media\/247891"}],"wp:attachment":[{"href":"https:\/\/www.europesays.com\/fr\/wp-json\/wp\/v2\/media?parent=247890"}],"wp:term":[{"taxonomy":"category","embeddable":true,"href":"https:\/\/www.europesays.com\/fr\/wp-json\/wp\/v2\/categories?post=247890"},{"taxonomy":"post_tag","embeddable":true,"href":"https:\/\/www.europesays.com\/fr\/wp-json\/wp\/v2\/tags?post=247890"}],"curies":[{"name":"wp","href":"https:\/\/api.w.org\/{rel}","templated":true}]}}