{"id":247894,"date":"2025-07-13T20:27:17","date_gmt":"2025-07-13T20:27:17","guid":{"rendered":"https:\/\/www.europesays.com\/fr\/247894\/"},"modified":"2025-07-13T20:27:17","modified_gmt":"2025-07-13T20:27:17","slug":"saint-heand-les-travaux-de-la-place-de-leglise-vont-commencer","status":"publish","type":"post","link":"https:\/\/www.europesays.com\/fr\/247894\/","title":{"rendered":"Saint-H\u00e9and. Les travaux de la place de l\u2019\u00e9glise vont commencer"},"content":{"rendered":"<p>D\u00e8s 2014, l\u2019\u00e9quipe municipale s\u2019est appuy\u00e9e sur des d\u00e9marches participatives associant les habitants pour travailler sur ce projet de r\u00e9novation de la place de l\u2019\u00e9glise. Inscrit dans l\u2019Agenda 21, c\u2019est notamment gr\u00e2ce au bureau d\u2019\u00e9tudes R\u00e9alit\u00e9s que le projet prend forme aujourd\u2019hui, financ\u00e9 en partie par le plan de relance de Saint-\u00c9tienne M\u00e9tropole.<\/p>\n<p>Lieu incontournable du village, la place de l\u2019\u00e9glise est le lieu de toutes les rencontres. En accueillant entre autres les trois march\u00e9s hebdomadaires, les \u00e9v\u00e8nements festifs et les c\u00e9r\u00e9monies, la place de&#8230;<\/p>\n","protected":false},"excerpt":{"rendered":"D\u00e8s 2014, l\u2019\u00e9quipe municipale s\u2019est appuy\u00e9e sur des d\u00e9marches participatives associant les habitants pour travailler sur ce projet&hellip;\n","protected":false},"author":2,"featured_media":247895,"comment_status":"","ping_status":"","sticky":false,"template":"","format":"standard","meta":{"footnotes":""},"categories":[9653],"tags":[1111,11,2430,4749,33,7539,1777,674,1011,27,12,25,4001,9664,22839],"class_list":{"0":"post-247894","1":"post","2":"type-post","3":"status-publish","4":"format-standard","5":"has-post-thumbnail","7":"category-saint-etienne","8":"tag-actu","9":"tag-actualites","10":"tag-auvergne-rhone-alpes","11":"tag-btp-et-chantiers","12":"tag-economie","13":"tag-edition-loire-sud","14":"tag-eu","15":"tag-europe","16":"tag-fr","17":"tag-france","18":"tag-news","19":"tag-republique-francaise","20":"tag-saint-etienne","21":"tag-saint-etienne-bassin","22":"tag-saint-heand"},"share_on_mastodon":{"url":"https:\/\/pubeurope.com\/@fr\/114847812357040131","error":""},"_links":{"self":[{"href":"https:\/\/www.europesays.com\/fr\/wp-json\/wp\/v2\/posts\/247894","targetHints":{"allow":["GET"]}}],"collection":[{"href":"https:\/\/www.europesays.com\/fr\/wp-json\/wp\/v2\/posts"}],"about":[{"href":"https:\/\/www.europesays.com\/fr\/wp-json\/wp\/v2\/types\/post"}],"author":[{"embeddable":true,"href":"https:\/\/www.europesays.com\/fr\/wp-json\/wp\/v2\/users\/2"}],"replies":[{"embeddable":true,"href":"https:\/\/www.europesays.com\/fr\/wp-json\/wp\/v2\/comments?post=247894"}],"version-history":[{"count":0,"href":"https:\/\/www.europesays.com\/fr\/wp-json\/wp\/v2\/posts\/247894\/revisions"}],"wp:featuredmedia":[{"embeddable":true,"href":"https:\/\/www.europesays.com\/fr\/wp-json\/wp\/v2\/media\/247895"}],"wp:attachment":[{"href":"https:\/\/www.europesays.com\/fr\/wp-json\/wp\/v2\/media?parent=247894"}],"wp:term":[{"taxonomy":"category","embeddable":true,"href":"https:\/\/www.europesays.com\/fr\/wp-json\/wp\/v2\/categories?post=247894"},{"taxonomy":"post_tag","embeddable":true,"href":"https:\/\/www.europesays.com\/fr\/wp-json\/wp\/v2\/tags?post=247894"}],"curies":[{"name":"wp","href":"https:\/\/api.w.org\/{rel}","templated":true}]}}