{"id":247896,"date":"2025-07-13T20:28:17","date_gmt":"2025-07-13T20:28:17","guid":{"rendered":"https:\/\/www.europesays.com\/fr\/247896\/"},"modified":"2025-07-13T20:28:17","modified_gmt":"2025-07-13T20:28:17","slug":"les-benevoles-de-verts-de-terre-preparent-leur-salon","status":"publish","type":"post","link":"https:\/\/www.europesays.com\/fr\/247896\/","title":{"rendered":"les b\u00e9n\u00e9voles de Verts-de-Terre pr\u00e9parent leur salon"},"content":{"rendered":"<p>Si le salon de l\u2019agriculture paysanne et de l\u2019alimentation, nomm\u00e9 Verts-de-Terre, est organis\u00e9 par l\u2019association \u00e9ponyme, la manifestation repose sur un r\u00e9seau important. \u00ab\u00a0Nous avons beaucoup travaill\u00e9 sur les partenariats\u00a0\u00bb, explique Jean-Marc Chazot, partie prenante de ce salon depuis l\u2019origine en 2017.<\/p>\n<p>Une volont\u00e9 commune\u00a0: redonner sa place \u00e0 l\u2019agriculture paysanne<\/p>\n<p>Fabrique de la transition, Conf\u00e9d\u00e9ration paysanne, ADEAR (Associations pour le d\u00e9veloppement de l\u2019emploi agricole et rural), le r\u00e9seau des Amap (Association pour le maintien de l\u2019agriculture paysanne), le GRAP (Groupement r\u00e9gional alimentaire de proximit\u00e9)\u2026&#8230;<\/p>\n","protected":false},"excerpt":{"rendered":"Si le salon de l\u2019agriculture paysanne et de l\u2019alimentation, nomm\u00e9 Verts-de-Terre, est organis\u00e9 par l\u2019association \u00e9ponyme, la manifestation&hellip;\n","protected":false},"author":2,"featured_media":247897,"comment_status":"","ping_status":"","sticky":false,"template":"","format":"standard","meta":{"footnotes":""},"categories":[9653],"tags":[1111,11,2430,1687,7539,1777,674,1685,1011,27,12,25,4001,7538],"class_list":{"0":"post-247896","1":"post","2":"type-post","3":"status-publish","4":"format-standard","5":"has-post-thumbnail","7":"category-saint-etienne","8":"tag-actu","9":"tag-actualites","10":"tag-auvergne-rhone-alpes","11":"tag-culture-loisirs","12":"tag-edition-loire-sud","13":"tag-eu","14":"tag-europe","15":"tag-foire-et-salon","16":"tag-fr","17":"tag-france","18":"tag-news","19":"tag-republique-francaise","20":"tag-saint-etienne","21":"tag-saint-etienne-ville"},"share_on_mastodon":{"url":"https:\/\/pubeurope.com\/@fr\/114847816196100633","error":""},"_links":{"self":[{"href":"https:\/\/www.europesays.com\/fr\/wp-json\/wp\/v2\/posts\/247896","targetHints":{"allow":["GET"]}}],"collection":[{"href":"https:\/\/www.europesays.com\/fr\/wp-json\/wp\/v2\/posts"}],"about":[{"href":"https:\/\/www.europesays.com\/fr\/wp-json\/wp\/v2\/types\/post"}],"author":[{"embeddable":true,"href":"https:\/\/www.europesays.com\/fr\/wp-json\/wp\/v2\/users\/2"}],"replies":[{"embeddable":true,"href":"https:\/\/www.europesays.com\/fr\/wp-json\/wp\/v2\/comments?post=247896"}],"version-history":[{"count":0,"href":"https:\/\/www.europesays.com\/fr\/wp-json\/wp\/v2\/posts\/247896\/revisions"}],"wp:featuredmedia":[{"embeddable":true,"href":"https:\/\/www.europesays.com\/fr\/wp-json\/wp\/v2\/media\/247897"}],"wp:attachment":[{"href":"https:\/\/www.europesays.com\/fr\/wp-json\/wp\/v2\/media?parent=247896"}],"wp:term":[{"taxonomy":"category","embeddable":true,"href":"https:\/\/www.europesays.com\/fr\/wp-json\/wp\/v2\/categories?post=247896"},{"taxonomy":"post_tag","embeddable":true,"href":"https:\/\/www.europesays.com\/fr\/wp-json\/wp\/v2\/tags?post=247896"}],"curies":[{"name":"wp","href":"https:\/\/api.w.org\/{rel}","templated":true}]}}