{"id":24790,"date":"2025-04-14T17:29:14","date_gmt":"2025-04-14T17:29:14","guid":{"rendered":"https:\/\/www.europesays.com\/fr\/24790\/"},"modified":"2025-04-14T17:29:14","modified_gmt":"2025-04-14T17:29:14","slug":"entre-lex-mari-et-le-nouveau-compagnon-la-rencontre-finit-en-fracture-du-nez","status":"publish","type":"post","link":"https:\/\/www.europesays.com\/fr\/24790\/","title":{"rendered":"entre l&rsquo;ex-mari et le nouveau compagnon, la rencontre finit en fracture du nez"},"content":{"rendered":"<p>Le t\u00e9moin cl\u00e9 dans cette affaire \u00e9tait le client du salon de coiffure. Ce dernier a racont\u00e9 aux agents de police avoir vu dans le miroir l\u2019altercation <a href=\"https:\/\/www.laprovence.com\/article\/faits-divers-justice\/1208510584260515\/couple-dentrepreneurs-soupconne-davoir-escroque-sa-propre-societe-lex-epouse-condamnee-son-ex-mari-relaxe\" target=\"_blank\" rel=\"nofollow noopener\">entre les deux hommes devant le commerce<\/a>, la chute du coiffeur au sol. Il s\u2019est pr\u00e9cipit\u00e9, s\u2019interposant entre la victime face contre terre, et son agresseur qui continuait \u00e0 essayer de le frapper. Bassem*, le jeune coiffeur libanais, avait eu le nez fractur\u00e9, l\u2019arcade sourcili\u00e8re ouverte et avait d\u00fb passer \u00eatre op\u00e9r\u00e9 quelques jours apr\u00e8s la rixe, survenue le 20 mars \u00e0 Marseille. Son assaillant, Wissem S., a \u00e9cop\u00e9 d\u2019un an de prison avec sursis ce jeudi 10 avril devant le tribunal correctionnel.<\/p>\n","protected":false},"excerpt":{"rendered":"Le t\u00e9moin cl\u00e9 dans cette affaire \u00e9tait le client du salon de coiffure. Ce dernier a racont\u00e9 aux&hellip;\n","protected":false},"author":2,"featured_media":24791,"comment_status":"","ping_status":"","sticky":false,"template":"","format":"standard","meta":{"footnotes":""},"categories":[2814],"tags":[17,1111,11,8927,2834,1777,674,274,8928,1011,27,8926,884,12,4565,882,5486,25],"class_list":{"0":"post-24790","1":"post","2":"type-post","3":"status-publish","4":"format-standard","5":"has-post-thumbnail","7":"category-marseille","8":"tag-17","9":"tag-actu","10":"tag-actualites","11":"tag-compagnon","12":"tag-entre","13":"tag-eu","14":"tag-europe","15":"tag-faits-divers-justice","16":"tag-finit","17":"tag-fr","18":"tag-france","19":"tag-lex-mari","20":"tag-marseille","21":"tag-news","22":"tag-nouveau","23":"tag-provence-alpes-cote-dazur","24":"tag-rencontre","25":"tag-republique-francaise"},"share_on_mastodon":{"url":"https:\/\/pubeurope.com\/@fr\/114337504563317770","error":""},"_links":{"self":[{"href":"https:\/\/www.europesays.com\/fr\/wp-json\/wp\/v2\/posts\/24790","targetHints":{"allow":["GET"]}}],"collection":[{"href":"https:\/\/www.europesays.com\/fr\/wp-json\/wp\/v2\/posts"}],"about":[{"href":"https:\/\/www.europesays.com\/fr\/wp-json\/wp\/v2\/types\/post"}],"author":[{"embeddable":true,"href":"https:\/\/www.europesays.com\/fr\/wp-json\/wp\/v2\/users\/2"}],"replies":[{"embeddable":true,"href":"https:\/\/www.europesays.com\/fr\/wp-json\/wp\/v2\/comments?post=24790"}],"version-history":[{"count":0,"href":"https:\/\/www.europesays.com\/fr\/wp-json\/wp\/v2\/posts\/24790\/revisions"}],"wp:featuredmedia":[{"embeddable":true,"href":"https:\/\/www.europesays.com\/fr\/wp-json\/wp\/v2\/media\/24791"}],"wp:attachment":[{"href":"https:\/\/www.europesays.com\/fr\/wp-json\/wp\/v2\/media?parent=24790"}],"wp:term":[{"taxonomy":"category","embeddable":true,"href":"https:\/\/www.europesays.com\/fr\/wp-json\/wp\/v2\/categories?post=24790"},{"taxonomy":"post_tag","embeddable":true,"href":"https:\/\/www.europesays.com\/fr\/wp-json\/wp\/v2\/tags?post=24790"}],"curies":[{"name":"wp","href":"https:\/\/api.w.org\/{rel}","templated":true}]}}