{"id":247905,"date":"2025-07-13T20:42:23","date_gmt":"2025-07-13T20:42:23","guid":{"rendered":"https:\/\/www.europesays.com\/fr\/247905\/"},"modified":"2025-07-13T20:42:23","modified_gmt":"2025-07-13T20:42:23","slug":"les-resultats-du-second-groupe-devoiles-pour-lacademie-de-grenoble-le-taux-de-reussite-global-seleve-a-934-2","status":"publish","type":"post","link":"https:\/\/www.europesays.com\/fr\/247905\/","title":{"rendered":"les r\u00e9sultats du second groupe d\u00e9voil\u00e9s pour l&rsquo;acad\u00e9mie de Grenoble, le taux de r\u00e9ussite global s\u2019\u00e9l\u00e8ve \u00e0 93,4%"},"content":{"rendered":"<p>Les r\u00e9sultats du second groupe sont tomb\u00e9s. Ce sont 1728 laur\u00e9ats qui rejoignent les bacheliers de la premi\u00e8re session.<\/p>\n<p>Ils \u00e9taient 2421 \u00e9l\u00e8ves a pass\u00e9 les rattrapages du Baccalaur\u00e9at dans l\u2019acad\u00e9mie de Grenoble. Les r\u00e9sultats du second groupe sont tomb\u00e9s. Ils sont alors 1 728 laur\u00e9ats en plus.<\/p>\n<p>Le nombre de bacheliers pour la session 2025 s\u2019\u00e9l\u00e8ve donc \u00e0 33 339, soit un taux de r\u00e9ussite de 93,4%. L\u2019ann\u00e9e derni\u00e8re, le taux s\u2019\u00e9levait \u00e0 93,1%.<\/p>\n<p><strong>Les taux de r\u00e9ussite dans chaque d\u00e9partement<\/strong><\/p>\n<p>Si l\u2019on se penche d\u00e9partement par d\u00e9partement, le taux de r\u00e9ussite au baccalaur\u00e9at g\u00e9n\u00e9ral est plus \u00e9lev\u00e9 en Savoie avec un taux global de 98,1%. Elle est suivie par l\u2019Ard\u00e8che (97,8%), puis de la Dr\u00f4me et de l\u2019Is\u00e8re (97,1%). C\u2019est la Haute-Savoie qui termine dernier avec un taux de r\u00e9ussite de 96,9%.<\/p>\n<p>Du c\u00f4t\u00e9 du baccalaur\u00e9at technologique, c\u2019est l\u2019Ard\u00e8che qui arrive largement en t\u00eate avec un taux de r\u00e9ussite global de 95,7%. Elle est suivie par l\u2019Is\u00e8re (92,6%), puis de la Dr\u00f4me (91,8%), de la Haute-Savoie (91,5%), et enfin de la Savoie (91,1%).<\/p>\n<p>Enfin pour le baccalaur\u00e9at professionnel, l\u2019\u00e9cart entre les d\u00e9partements se creuse. C\u2019est l\u2019Ard\u00e8che qui arrive en premier avec un taux de r\u00e9ussite globale de 90,8%. Elle est suivie par la Savoie (89,1%), puis l\u2019Is\u00e8re (85,6%) et la Haute-Savoie (85,3%). La Dr\u00f4me termine derni\u00e8re avec un taux de r\u00e9ussite de 79,4%.<\/p>\n<p>Plus de mentions pour la session 2025<\/p>\n<p>Au niveau des mentions, c\u2019est la mention \u00ab\u00a0Assez bien\u00a0\u00bb qui est majoritaire puisqu\u2019ils sont 31,2% \u00e0 l\u2019avoir obtenu contre 21,8% pour la mention \u00ab\u00a0Bien\u00a0\u00bb, 9,3% pour la mention \u00ab\u00a0Tr\u00e8s bien\u00a0\u00bb, et 1,1% de mention \u00ab\u00a0Tr\u00e8s bien avec f\u00e9licitations du jury\u00a0\u00bb. Au total, 63,3% ont obtenu une mention, contre 62,2% l\u2019ann\u00e9e derni\u00e8re.<\/p>\n","protected":false},"excerpt":{"rendered":"Les r\u00e9sultats du second groupe sont tomb\u00e9s. Ce sont 1728 laur\u00e9ats qui rejoignent les bacheliers de la premi\u00e8re&hellip;\n","protected":false},"author":2,"featured_media":242223,"comment_status":"","ping_status":"","sticky":false,"template":"","format":"standard","meta":{"footnotes":""},"categories":[9566],"tags":[1111,11,2813,2430,1109,251,1112,2811,1777,674,118,1011,27,21780,2731,14004,1922,1110,1114,108,12,316,25,2812,517,800],"class_list":{"0":"post-247905","1":"post","2":"type-post","3":"status-publish","4":"format-standard","5":"has-post-thumbnail","7":"category-grenoble","8":"tag-actu","9":"tag-actualites","10":"tag-article","11":"tag-auvergne-rhone-alpes","12":"tag-breves","13":"tag-culture","14":"tag-depeches","15":"tag-economique","16":"tag-eu","17":"tag-europe","18":"tag-faits-divers","19":"tag-fr","20":"tag-france","21":"tag-gf38","22":"tag-grenoble","23":"tag-grenoblemag","24":"tag-info","25":"tag-informations","26":"tag-infos","27":"tag-isere","28":"tag-news","29":"tag-politique","30":"tag-republique-francaise","31":"tag-sociale","32":"tag-sport","33":"tag-transports"},"share_on_mastodon":{"url":"https:\/\/pubeurope.com\/@fr\/114847871321815526","error":""},"_links":{"self":[{"href":"https:\/\/www.europesays.com\/fr\/wp-json\/wp\/v2\/posts\/247905","targetHints":{"allow":["GET"]}}],"collection":[{"href":"https:\/\/www.europesays.com\/fr\/wp-json\/wp\/v2\/posts"}],"about":[{"href":"https:\/\/www.europesays.com\/fr\/wp-json\/wp\/v2\/types\/post"}],"author":[{"embeddable":true,"href":"https:\/\/www.europesays.com\/fr\/wp-json\/wp\/v2\/users\/2"}],"replies":[{"embeddable":true,"href":"https:\/\/www.europesays.com\/fr\/wp-json\/wp\/v2\/comments?post=247905"}],"version-history":[{"count":0,"href":"https:\/\/www.europesays.com\/fr\/wp-json\/wp\/v2\/posts\/247905\/revisions"}],"wp:featuredmedia":[{"embeddable":true,"href":"https:\/\/www.europesays.com\/fr\/wp-json\/wp\/v2\/media\/242223"}],"wp:attachment":[{"href":"https:\/\/www.europesays.com\/fr\/wp-json\/wp\/v2\/media?parent=247905"}],"wp:term":[{"taxonomy":"category","embeddable":true,"href":"https:\/\/www.europesays.com\/fr\/wp-json\/wp\/v2\/categories?post=247905"},{"taxonomy":"post_tag","embeddable":true,"href":"https:\/\/www.europesays.com\/fr\/wp-json\/wp\/v2\/tags?post=247905"}],"curies":[{"name":"wp","href":"https:\/\/api.w.org\/{rel}","templated":true}]}}