{"id":247908,"date":"2025-07-13T20:44:23","date_gmt":"2025-07-13T20:44:23","guid":{"rendered":"https:\/\/www.europesays.com\/fr\/247908\/"},"modified":"2025-07-13T20:44:23","modified_gmt":"2025-07-13T20:44:23","slug":"sa-maison-denfance-a-rheu-pres-de-rennes-un-gamin-bouillonnant-passionne-par-le-football","status":"publish","type":"post","link":"https:\/\/www.europesays.com\/fr\/247908\/","title":{"rendered":"sa maison d&rsquo;enfance \u00e0 Rheu pr\u00e8s de Rennes \u00ab\u00a0un gamin bouillonnant, passionn\u00e9 par le football\u00a0\u00bb"},"content":{"rendered":"<p>Avant les stades et les projecteurs, il y avait cette maison. Une maison ordinaire, <strong>nich\u00e9e au Rheu<\/strong>, \u00e0 l&rsquo;ouest de Rennes, dans une rue tranquille o\u00f9 tout le monde se conna\u00eet. C&rsquo;est l\u00e0 qu&rsquo;a grandi <a href=\"https:\/\/www.lejournaldelamaison.fr\/le-journal-de-la-maison\/ou-habitent-joueurs-psg-2025-512857.html\" rel=\"nofollow noopener\" target=\"_blank\" data-ylk=\"slk:D\u00e9sir\u00e9 Dou\u00e9;elm:context_link;itc:0;sec:content-canvas\" class=\"link \">D\u00e9sir\u00e9 Dou\u00e9<\/a>, au c\u0153ur d&rsquo;un foyer modeste mais anim\u00e9, o\u00f9 le ballon roulait du matin au soir. Dans un r\u00e9cent portrait relay\u00e9 par Ouest-France et France Bleu, l&rsquo;environnement et les proches r\u00e9v\u00e8lent <strong>la simplicit\u00e9 et l&rsquo;authenticit\u00e9<\/strong> des premiers pas d&rsquo;un prodige.<\/p>\n<p>Une maison simple mais pleine de souvenirs<\/p>\n<p>Rien ne distingue <a href=\"https:\/\/www.lejournaldelamaison.fr\/le-journal-de-la-maison\/reportages-maisons\/maisons-bord-de-mer\/claude-brasseur-je-nai-jamais-eu-limpression-de-travailler-dans-sa-maison-familiale-nichee-dans-un-village-medieval-sur-les-hauteurs-de-nice-aujourdhui-transformee-e-514065.html\" rel=\"nofollow noopener\" target=\"_blank\" data-ylk=\"slk:la maison familiale;elm:context_link;itc:0;sec:content-canvas\" class=\"link \">la maison familiale<\/a> de Dou\u00e9 des autres pavillons du quartier. Fa\u00e7ade beige, petit jardin, <strong>silence presque rural<\/strong>. Mais pour les habitants du Rheu, c&rsquo;est l\u00e0 qu&rsquo;est n\u00e9 <strong>un talent hors norme<\/strong>. Dans le jardin, les gamins jouaient au foot comme d&rsquo;autres construisent des cabanes.<\/p>\n<p>Une voisine raconte : \u00ab\u00a0On l&rsquo;a vu tirer dans le ballon ici <strong>tous les jours<\/strong>, avec son fr\u00e8re et ses cousins.\u00a0\u00bb M\u00eame les grillages portent encore <strong>les marques des balles<\/strong> qui ricochaient sans rel\u00e2che. <a href=\"https:\/\/www.lejournaldelamaison.fr\/le-journal-de-la-maison\/reportages-maisons\/maisons-reportages-maisons\/andre-manoukian-grand-pere-bad-boy-nous-ouvre-portes-maison-discrete-chamonix-ressource-famille-plus-beaux-endroits-monde-509250.html\" rel=\"nofollow noopener\" target=\"_blank\" data-ylk=\"slk:Lire la suite sur Le Journal de la Maison;elm:context_link;itc:0;sec:content-canvas\" class=\"link \">Lire la suite sur Le Journal de la Maison<\/a><\/p>\n","protected":false},"excerpt":{"rendered":"Avant les stades et les projecteurs, il y avait cette maison. Une maison ordinaire, nich\u00e9e au Rheu, \u00e0&hellip;\n","protected":false},"author":2,"featured_media":247909,"comment_status":"","ping_status":"","sticky":false,"template":"","format":"standard","meta":{"footnotes":""},"categories":[2821],"tags":[1111,11,829,1777,674,1011,27,38839,38838,38837,12,584,25,9578],"class_list":{"0":"post-247908","1":"post","2":"type-post","3":"status-publish","4":"format-standard","5":"has-post-thumbnail","7":"category-rennes","8":"tag-actu","9":"tag-actualites","10":"tag-bretagne","11":"tag-eu","12":"tag-europe","13":"tag-fr","14":"tag-france","15":"tag-france-bleu","16":"tag-la-qu","17":"tag-maison-familiale","18":"tag-news","19":"tag-rennes","20":"tag-republique-francaise","21":"tag-rheu"},"share_on_mastodon":{"url":"https:\/\/pubeurope.com\/@fr\/114847879223954179","error":""},"_links":{"self":[{"href":"https:\/\/www.europesays.com\/fr\/wp-json\/wp\/v2\/posts\/247908","targetHints":{"allow":["GET"]}}],"collection":[{"href":"https:\/\/www.europesays.com\/fr\/wp-json\/wp\/v2\/posts"}],"about":[{"href":"https:\/\/www.europesays.com\/fr\/wp-json\/wp\/v2\/types\/post"}],"author":[{"embeddable":true,"href":"https:\/\/www.europesays.com\/fr\/wp-json\/wp\/v2\/users\/2"}],"replies":[{"embeddable":true,"href":"https:\/\/www.europesays.com\/fr\/wp-json\/wp\/v2\/comments?post=247908"}],"version-history":[{"count":0,"href":"https:\/\/www.europesays.com\/fr\/wp-json\/wp\/v2\/posts\/247908\/revisions"}],"wp:featuredmedia":[{"embeddable":true,"href":"https:\/\/www.europesays.com\/fr\/wp-json\/wp\/v2\/media\/247909"}],"wp:attachment":[{"href":"https:\/\/www.europesays.com\/fr\/wp-json\/wp\/v2\/media?parent=247908"}],"wp:term":[{"taxonomy":"category","embeddable":true,"href":"https:\/\/www.europesays.com\/fr\/wp-json\/wp\/v2\/categories?post=247908"},{"taxonomy":"post_tag","embeddable":true,"href":"https:\/\/www.europesays.com\/fr\/wp-json\/wp\/v2\/tags?post=247908"}],"curies":[{"name":"wp","href":"https:\/\/api.w.org\/{rel}","templated":true}]}}