{"id":247914,"date":"2025-07-13T20:47:16","date_gmt":"2025-07-13T20:47:16","guid":{"rendered":"https:\/\/www.europesays.com\/fr\/247914\/"},"modified":"2025-07-13T20:47:16","modified_gmt":"2025-07-13T20:47:16","slug":"les-resultats-dans-lacademie-de-nice-sont-disponibles","status":"publish","type":"post","link":"https:\/\/www.europesays.com\/fr\/247914\/","title":{"rendered":"les r\u00e9sultats dans l&rsquo;acad\u00e9mie de Nice sont disponibles"},"content":{"rendered":"<p>            Par<br \/>\n        <strong><br \/>\n            <a href=\"https:\/\/actu.fr\/auteur\/thomas-blanc\" title=\"Consulter tous les articles de Thomas Blanc\" rel=\"nofollow noopener\" target=\"_blank\">Thomas Blanc<\/a><br \/>\n        <\/strong><\/p>\n<p>        Publi\u00e9 le<\/p>\n<p>            9 juil. 2025 \u00e0 10h03        <\/p>\n<p>Le <strong>premier grand test<\/strong> de la scolarit\u00e9 des \u00e9l\u00e8ves fran\u00e7ais livre son verdict ce <strong>mercredi 9\u00a0juillet<\/strong> en ce qui concerne l\u2019acad\u00e9mie de <a href=\"https:\/\/actu.fr\/?s=nice\" rel=\"nofollow noopener\" target=\"_blank\">Nice<\/a>.<\/p>\n<p class=\" wall-content\">D\u00e9couvrez les r\u00e9sultats pour le <a href=\"https:\/\/actu.fr\/?s=brevet\" rel=\"nofollow noopener\" target=\"_blank\">dipl\u00f4me national du brevet<\/a> 2025.<\/p>\n<p>Les r\u00e9sultats \u00e0 17h<\/p>\n<p class=\" wall-content\">Presque <strong>deux semaines apr\u00e8s leurs \u00e9preuves<\/strong>, qui se sont tenues les jeudi\u00a026 et vendredi 27\u00a0juin 2025, les coll\u00e9giens et coll\u00e9giennes peuvent d\u00e9couvrir leurs r\u00e9sultats au dipl\u00f4me national du brevet des coll\u00e8ges.<\/p>\n<p class=\" wall-content\">\u00c0 Nice, ces derniers sont publi\u00e9s <strong>\u00e0 17h<\/strong> ce mercredi 9\u00a0juillet.<\/p>\n<p class=\" wall-content\">Pour les consulter, rendez-vous directement <a href=\"https:\/\/examens.actu.fr\/\" rel=\"nofollow noopener\" target=\"_blank\">sur notre site d\u00e9di\u00e9<\/a> ou sur <strong>celui du minist\u00e8re de l\u2019\u00c9ducation nationale<\/strong> en cliquant sur\u00a0<a href=\"https:\/\/resultats.examens-concours.gouv.fr\/DNB\/A23\" rel=\"nofollow noopener\" target=\"_blank\">ce lien<\/a>.<\/p>\n<p>Pas obligatoire pour aller au lyc\u00e9e<\/p>\n<p class=\" wall-content\">Dans tout le pays, ce sont <strong>865.881 jeunes<\/strong> qui se sont pr\u00e9sent\u00e9s aux \u00e9preuves.<\/p>\n<p>Vid\u00e9os : en ce moment sur Actu<\/p>\n<p class=\" wall-content\">Dans les <a href=\"https:\/\/actu.fr\/?s=alpes+maritimes\" rel=\"nofollow noopener\" target=\"_blank\">Alpes-Maritimes<\/a> et le <a href=\"https:\/\/actu.fr\/?s=var\" rel=\"nofollow noopener\" target=\"_blank\">Var<\/a>, territoire de l\u2019acad\u00e9mie de Nice, ils sont <strong>26\u2009197 \u00e0 attendre<\/strong> de savoir si la fin de leur cycle coll\u00e8ge se fera avec l\u2019obtention du brevet ou pas.<\/p>\n<p class=\" wall-content\">Ceux ayant \u00e9chou\u00e9 de peu \u00e0 obtenir ce premier dipl\u00f4me pourront toujours se pr\u00e9senter aux \u00e9preuves de <strong>rattrapage programm\u00e9es les 8 et 9\u00a0septembre 2025<\/strong>.<\/p>\n<p class=\" wall-content\">Mais pas de panique, obtenir le brevet n\u2019est\u00a0<a href=\"https:\/\/actu.fr\/societe\/brevet-2025-l-examen-est-il-obligatoire-pour-passer-en-seconde_62876332.html\" rel=\"nofollow noopener\" target=\"_blank\">pas obligatoire pour pouvoir filer en classe de Seconde<\/a>.<\/p>\n<p class=\" wall-content\">Suivez toute l\u2019actualit\u00e9 de vos villes et m\u00e9dias favoris en vous inscrivant \u00e0 <a href=\"https:\/\/moncompte.actu.fr\" title=\"D\u00e9couvez Mon Actu\" rel=\"nofollow noopener\" data-trk=\"{&quot;cta&quot;:{&quot;action&quot;:&quot;https:\\\/\\\/moncompte.actu.fr&quot;,&quot;category&quot;:&quot;mon compte&quot;,&quot;from&quot;:&quot;article footer&quot;,&quot;name&quot;:&quot;Mon actu&quot;,&quot;type&quot;:&quot;cta&quot;}}\" target=\"_blank\">Mon Actu<\/a>.<\/p>\n","protected":false},"excerpt":{"rendered":"Par Thomas Blanc Publi\u00e9 le 9 juil. 2025 \u00e0 10h03 Le premier grand test de la scolarit\u00e9 des&hellip;\n","protected":false},"author":2,"featured_media":247915,"comment_status":"","ping_status":"","sticky":false,"template":"","format":"standard","meta":{"footnotes":""},"categories":[2819],"tags":[1111,11,36556,1057,1777,674,1011,27,12,2401,882,25,104],"class_list":{"0":"post-247914","1":"post","2":"type-post","3":"status-publish","4":"format-standard","5":"has-post-thumbnail","7":"category-nice","8":"tag-actu","9":"tag-actualites","10":"tag-brevet-dnb","11":"tag-education","12":"tag-eu","13":"tag-europe","14":"tag-fr","15":"tag-france","16":"tag-news","17":"tag-nice","18":"tag-provence-alpes-cote-dazur","19":"tag-republique-francaise","20":"tag-societe"},"share_on_mastodon":{"url":"https:\/\/pubeurope.com\/@fr\/114847891051052487","error":""},"_links":{"self":[{"href":"https:\/\/www.europesays.com\/fr\/wp-json\/wp\/v2\/posts\/247914","targetHints":{"allow":["GET"]}}],"collection":[{"href":"https:\/\/www.europesays.com\/fr\/wp-json\/wp\/v2\/posts"}],"about":[{"href":"https:\/\/www.europesays.com\/fr\/wp-json\/wp\/v2\/types\/post"}],"author":[{"embeddable":true,"href":"https:\/\/www.europesays.com\/fr\/wp-json\/wp\/v2\/users\/2"}],"replies":[{"embeddable":true,"href":"https:\/\/www.europesays.com\/fr\/wp-json\/wp\/v2\/comments?post=247914"}],"version-history":[{"count":0,"href":"https:\/\/www.europesays.com\/fr\/wp-json\/wp\/v2\/posts\/247914\/revisions"}],"wp:featuredmedia":[{"embeddable":true,"href":"https:\/\/www.europesays.com\/fr\/wp-json\/wp\/v2\/media\/247915"}],"wp:attachment":[{"href":"https:\/\/www.europesays.com\/fr\/wp-json\/wp\/v2\/media?parent=247914"}],"wp:term":[{"taxonomy":"category","embeddable":true,"href":"https:\/\/www.europesays.com\/fr\/wp-json\/wp\/v2\/categories?post=247914"},{"taxonomy":"post_tag","embeddable":true,"href":"https:\/\/www.europesays.com\/fr\/wp-json\/wp\/v2\/tags?post=247914"}],"curies":[{"name":"wp","href":"https:\/\/api.w.org\/{rel}","templated":true}]}}