{"id":247918,"date":"2025-07-13T20:51:27","date_gmt":"2025-07-13T20:51:27","guid":{"rendered":"https:\/\/www.europesays.com\/fr\/247918\/"},"modified":"2025-07-13T20:51:27","modified_gmt":"2025-07-13T20:51:27","slug":"fc-nantes-mercato-castro-a-deja-identifie-le-successeur-dabline-cest-un-crack","status":"publish","type":"post","link":"https:\/\/www.europesays.com\/fr\/247918\/","title":{"rendered":"FC Nantes\u00a0Mercato\u00a0: Castro a d\u00e9j\u00e0 identifi\u00e9 le successeur d\u2019Abline, c&rsquo;est un crack !"},"content":{"rendered":"<p><strong>Alors que Matthis Abline (22 ans) pourrait boucler un transfert record au mercato estival, le <a href=\"https:\/\/www.butfootballclub.fr\/fc-nantes-les-canaris-simposent-face-a-laval-grace-a-un-double-de-mostafa-mohamed\/\" rel=\"nofollow noopener\" target=\"_blank\">FC Nantes<\/a> n\u2019a pas tra\u00een\u00e9 pour activer un plan B\u2026 qui pourrait vite devenir un plan A tr\u00e8s s\u00e9duisant.\u00a0<\/strong><\/p>\n<p><strong>\ud83d\udfe5 Rumeur<\/strong><\/p>\n<p>L\u2019avenir de Matthis Abline pourrait conditionner la suite du mercato estival. Et, selon <a href=\"https:\/\/www.teamfootball.fr\/mercato\/mercato-fcna-30me-pour-abline-castro-prepare-un-gros-coup-en-attaque\/\" rel=\"nofollow noopener\" target=\"_blank\">Team Football<\/a>, Luis Castro en est bien conscient et se projette d\u00e9j\u00e0 sur son successeur\u00a0: Dor Turgeman, la p\u00e9pite du Maccabi Tel Aviv.\u00a0<\/p>\n<p>\u00c0 21 ans, l\u2019attaquant isra\u00e9lien coche toutes les cases aux yeux du coach portugais, qui le consid\u00e8re comme sa cible num\u00e9ro un pour remplacer Abline. Avec 20 buts et 6 passes d\u00e9cisives en 44 matchs cette saison, dont 4 buts et 3 assists en Europa League, Turgeman n\u2019a pas seulement les statistiques pour lui. C\u2019est sa capacit\u00e9 \u00e0 briller dans les grands rendez-vous et \u00e0 r\u00e9p\u00e9ter les efforts dans un jeu de pressing intense qui a tap\u00e9 dans l\u2019\u0153il du staff du FC Nantes.<\/p>\n<p>Turgeman coche tous les cases <\/p>\n<p>Glasgow a d\u00e9j\u00e0 vu une offre de 4 M\u20ac refus\u00e9e, et des clubs comme Alkmaar et le Werder Br\u00eame sont sur le dossier. Mais le FC Nantes a un argument cl\u00e9 : la promesse d\u2019un r\u00f4le central dans le projet de jeu de Luis Castro. Le joueur veut du temps de jeu, un projet clair, et un club o\u00f9 il peut continuer sa progression. Le FCN coche toutes les cases.<\/p>\n<p>Estim\u00e9 \u00e0 5 M\u20ac, Dor Turgeman repr\u00e9sente une belle opportunit\u00e9 de march\u00e9, avec un fort potentiel de revente. Puissant, rapide, intelligent dans ses d\u00e9placements, il incarne parfaitement l\u2019attaquant moderne que veut Luis Castro. Le <a href=\"https:\/\/www.butfootballclub.fr\/fc-nantes-mercato-le-successeur-de-castelletto-cible-a-letranger\/\" rel=\"nofollow noopener\" target=\"_blank\">FC Nantes<\/a> tient peut-\u00eatre son futur serial buteur.<\/p>\n","protected":false},"excerpt":{"rendered":"Alors que Matthis Abline (22 ans) pourrait boucler un transfert record au mercato estival, le FC Nantes n\u2019a&hellip;\n","protected":false},"author":2,"featured_media":247919,"comment_status":"","ping_status":"","sticky":false,"template":"","format":"standard","meta":{"footnotes":""},"categories":[2818],"tags":[1111,11,448,1777,674,63,1011,27,66,3388,766,12,2636,25,10662],"class_list":{"0":"post-247918","1":"post","2":"type-post","3":"status-publish","4":"format-standard","5":"has-post-thumbnail","7":"category-nantes","8":"tag-actu","9":"tag-actualites","10":"tag-champions-league","11":"tag-eu","12":"tag-europe","13":"tag-football","14":"tag-fr","15":"tag-france","16":"tag-ligue-1","17":"tag-matchs","18":"tag-nantes","19":"tag-news","20":"tag-pays-de-la-loire","21":"tag-republique-francaise","22":"tag-transferts"},"share_on_mastodon":{"url":"https:\/\/pubeurope.com\/@fr\/114847906705046975","error":""},"_links":{"self":[{"href":"https:\/\/www.europesays.com\/fr\/wp-json\/wp\/v2\/posts\/247918","targetHints":{"allow":["GET"]}}],"collection":[{"href":"https:\/\/www.europesays.com\/fr\/wp-json\/wp\/v2\/posts"}],"about":[{"href":"https:\/\/www.europesays.com\/fr\/wp-json\/wp\/v2\/types\/post"}],"author":[{"embeddable":true,"href":"https:\/\/www.europesays.com\/fr\/wp-json\/wp\/v2\/users\/2"}],"replies":[{"embeddable":true,"href":"https:\/\/www.europesays.com\/fr\/wp-json\/wp\/v2\/comments?post=247918"}],"version-history":[{"count":0,"href":"https:\/\/www.europesays.com\/fr\/wp-json\/wp\/v2\/posts\/247918\/revisions"}],"wp:featuredmedia":[{"embeddable":true,"href":"https:\/\/www.europesays.com\/fr\/wp-json\/wp\/v2\/media\/247919"}],"wp:attachment":[{"href":"https:\/\/www.europesays.com\/fr\/wp-json\/wp\/v2\/media?parent=247918"}],"wp:term":[{"taxonomy":"category","embeddable":true,"href":"https:\/\/www.europesays.com\/fr\/wp-json\/wp\/v2\/categories?post=247918"},{"taxonomy":"post_tag","embeddable":true,"href":"https:\/\/www.europesays.com\/fr\/wp-json\/wp\/v2\/tags?post=247918"}],"curies":[{"name":"wp","href":"https:\/\/api.w.org\/{rel}","templated":true}]}}