{"id":247922,"date":"2025-07-13T20:54:12","date_gmt":"2025-07-13T20:54:12","guid":{"rendered":"https:\/\/www.europesays.com\/fr\/247922\/"},"modified":"2025-07-13T20:54:12","modified_gmt":"2025-07-13T20:54:12","slug":"la-fete-des-moissons-le-27-juillet-haute-garonne-lapeyrouse-fossat","status":"publish","type":"post","link":"https:\/\/www.europesays.com\/fr\/247922\/","title":{"rendered":"La f\u00eate des moissons le 27 juillet &#8211; Haute Garonne &#8211; Lapeyrouse-Fossat"},"content":{"rendered":"<p data-start=\"200\" data-end=\"538\"><strong>Lapeyrouse-Fossat s&rsquo;appr\u00eate \u00e0 c\u00e9l\u00e9brer la f\u00eate des moissons, qui aura lieu le dimanche 27 juillet. Au programme : traditions agricoles, convivialit\u00e9, musique et un grand repas champ\u00eatre pr\u00e9par\u00e9 avec soin par les b\u00e9n\u00e9voles de l&rsquo;association La Vie d&rsquo;Antan.<\/strong><\/p>\n<p data-start=\"595\" data-end=\"868\">D\u00e8s 10 h 30, le cort\u00e8ge de tracteurs ouvrira les festivit\u00e9s avec un d\u00e9part vers les champs. \u00c0 11 h 00, la traditionnelle coupe de bl\u00e9 et la confection de gerbes, symboles forts de cette f\u00eate rurale qui met \u00e0 l&rsquo;honneur le travail des moissonneurs.<\/p>\n<p data-start=\"870\" data-end=\"1136\">Apr\u00e8s l&rsquo;effort, le r\u00e9confort : \u00e0 12 h 15, un ap\u00e9ritif offert par la municipalit\u00e9 rassemblera petits et grands sur la place du village. \u00c0 13 h 00, place au repas champ\u00eatre (sur inscription), v\u00e9ritable moment de partage autour des produits du terroir.<\/p>\n<p>Cette ann\u00e9e, le menu promet de ravir les papilles :<\/p>\n<p data-start=\"1242\" data-end=\"1327\">Entr\u00e9e fra\u00eecheur du potager : melon, tomates de saison &amp; charcuterie savoureuse<\/p>\n<p data-start=\"1330\" data-end=\"1456\">Le festin des moissonneurs : cochon farci \u00e0 la broche, pommes grenailles, haricots verts, flan de l\u00e9gumes et champignons<\/p>\n<p data-start=\"1459\" data-end=\"1547\">Fromage &amp; dessert du verger : tarte \u00e0 l&rsquo;abricot dor\u00e9e, comme chez nos grands-m\u00e8res.<\/p>\n<p data-start=\"1550\" data-end=\"1615\">Le tout accompagn\u00e9 de vin rouge et ros\u00e9, suivi d&rsquo;un caf\u00e9.<\/p>\n<p data-start=\"1617\" data-end=\"2029\">Un repas complet \u00e0 25 \u20ac pour les adultes et 15 \u20ac pour les enfants de moins de 10 ans. Inscription obligatoire avant le 20 juillet 2025.<\/p>\n<p data-start=\"2074\" data-end=\"2419\">Les festivit\u00e9s se poursuivront l&rsquo;apr\u00e8s-midi avec un nouveau cort\u00e8ge de tracteurs \u00e0 15 h 30, suivi d&rsquo;une deuxi\u00e8me d\u00e9monstration de moisson \u00e0 16 h 00. Enfin, \u00e0 17 h 00, les participants retrouveront la place du village pour une exposition de mat\u00e9riel agricole, moment id\u00e9al pour \u00e9changer et transmettre la m\u00e9moire des gestes d&rsquo;autrefois.<\/p>\n<p data-start=\"2426\" data-end=\"2771\">Renseignements et inscriptions : C\u00e9dric (06 12 22 46 45) ou Marc (06 78 06 82 89). Bulletin d&rsquo;inscription sur le flyer distribu\u00e9 ou \u00e0 t\u00e9l\u00e9charger sur https:\/\/www.lapeyrouse-fossat.fr\/le-village\/decouvrir-le-village\/agenda\/detailevenement\/499\/la-vie-dantan-fete-des-moissons.html.<\/p>\n","protected":false},"excerpt":{"rendered":"Lapeyrouse-Fossat s&rsquo;appr\u00eate \u00e0 c\u00e9l\u00e9brer la f\u00eate des moissons, qui aura lieu le dimanche 27 juillet. Au programme :&hellip;\n","protected":false},"author":2,"featured_media":247923,"comment_status":"","ping_status":"","sticky":false,"template":"","format":"standard","meta":{"footnotes":""},"categories":[2816],"tags":[1111,11,1777,674,1011,27,12,2680,301,25,2312],"class_list":{"0":"post-247922","1":"post","2":"type-post","3":"status-publish","4":"format-standard","5":"has-post-thumbnail","7":"category-toulouse","8":"tag-actu","9":"tag-actualites","10":"tag-eu","11":"tag-europe","12":"tag-fr","13":"tag-france","14":"tag-news","15":"tag-occitanie","16":"tag-premium","17":"tag-republique-francaise","18":"tag-toulouse"},"share_on_mastodon":{"url":"https:\/\/pubeurope.com\/@fr\/114847918586416959","error":""},"_links":{"self":[{"href":"https:\/\/www.europesays.com\/fr\/wp-json\/wp\/v2\/posts\/247922","targetHints":{"allow":["GET"]}}],"collection":[{"href":"https:\/\/www.europesays.com\/fr\/wp-json\/wp\/v2\/posts"}],"about":[{"href":"https:\/\/www.europesays.com\/fr\/wp-json\/wp\/v2\/types\/post"}],"author":[{"embeddable":true,"href":"https:\/\/www.europesays.com\/fr\/wp-json\/wp\/v2\/users\/2"}],"replies":[{"embeddable":true,"href":"https:\/\/www.europesays.com\/fr\/wp-json\/wp\/v2\/comments?post=247922"}],"version-history":[{"count":0,"href":"https:\/\/www.europesays.com\/fr\/wp-json\/wp\/v2\/posts\/247922\/revisions"}],"wp:featuredmedia":[{"embeddable":true,"href":"https:\/\/www.europesays.com\/fr\/wp-json\/wp\/v2\/media\/247923"}],"wp:attachment":[{"href":"https:\/\/www.europesays.com\/fr\/wp-json\/wp\/v2\/media?parent=247922"}],"wp:term":[{"taxonomy":"category","embeddable":true,"href":"https:\/\/www.europesays.com\/fr\/wp-json\/wp\/v2\/categories?post=247922"},{"taxonomy":"post_tag","embeddable":true,"href":"https:\/\/www.europesays.com\/fr\/wp-json\/wp\/v2\/tags?post=247922"}],"curies":[{"name":"wp","href":"https:\/\/api.w.org\/{rel}","templated":true}]}}