{"id":247930,"date":"2025-07-13T20:59:10","date_gmt":"2025-07-13T20:59:10","guid":{"rendered":"https:\/\/www.europesays.com\/fr\/247930\/"},"modified":"2025-07-13T20:59:10","modified_gmt":"2025-07-13T20:59:10","slug":"simon-bedard-5e-du-3-000-m-a-marseille","status":"publish","type":"post","link":"https:\/\/www.europesays.com\/fr\/247930\/","title":{"rendered":"Simon B\u00e9dard 5e du 3\u00a0000\u00a0m \u00e0 Marseille"},"content":{"rendered":"<p>Simon B\u00e9dard (Haute-Bretagne Athl\u00e9tisme) s\u2019est class\u00e9 5e du 3\u00a0000 m en 7\u201947\u2019\u201958. Beno\u00eet Campion (Stade Brestois) a pris la 8e place du 1\u00a0500 m en 3\u201935\u2019\u201981. Julia Ch\u00e9rot (AP Vannes) s\u2019est class\u00e9e 7e du 800 m en 2\u201904\u2019\u201929. La sauteuse en hauteur Sol\u00e8ne Gicquel (Stade Rennais) a d\u00fb se contenter d\u2019une barre \u00e0 1,82 m.<\/p>\n<p class=\"titre-tech\">Les r\u00e9sultats<\/p>\n<p class=\"tech\"><strong class=\"tech\">MASCULINS. 3\u00a0000 m\u00a0: <\/strong>1. Flavien Szot (Racing Multi Athlon) 7\u201941\u2019\u201963\u00a0; 5. Simon B\u00e9dard (Haute-Bretagne Athl\u00e9tisme) 7\u201947\u2019\u201958.<\/p>\n<p class=\"tech\"><strong class=\"tech\">1\u00a0500 m\u00a0: <\/strong>1. Heithem Chenitef (Alg\u00e9rie) 3\u201934\u2019\u201948\u00a0; 8. Beno\u00eet Campion (Stade Brestois) 3\u201935\u2019\u201981.<\/p>\n<p class=\"tech\"><strong class=\"tech\">F\u00c9MININES. 800 m\u00a0:<\/strong> 1. Anna Wielgosz (Pologne) 2\u201900\u2019\u201908\u00a0; 7. Julia Ch\u00e9rot (AP Vannes) 2\u201904\u2019\u201929. <\/p>\n<p class=\"tech\"><strong class=\"tech\">Hauteur : <\/strong>1. Tatiana Gkousin (Gr\u00e8ce) 1,88 m; 5. Sol\u00e8ne Gicquel (Stade Rennais) 1,82 m.<\/p>\n","protected":false},"excerpt":{"rendered":"Simon B\u00e9dard (Haute-Bretagne Athl\u00e9tisme) s\u2019est class\u00e9 5e du 3\u00a0000 m en 7\u201947\u2019\u201958. Beno\u00eet Campion (Stade Brestois) a pris&hellip;\n","protected":false},"author":2,"featured_media":247931,"comment_status":"","ping_status":"","sticky":false,"template":"","format":"standard","meta":{"footnotes":""},"categories":[2814],"tags":[1111,11,4132,3166,1777,674,1011,27,884,12,882,25,60],"class_list":{"0":"post-247930","1":"post","2":"type-post","3":"status-publish","4":"format-standard","5":"has-post-thumbnail","7":"category-marseille","8":"tag-actu","9":"tag-actualites","10":"tag-athletisme","11":"tag-en-continu-sports","12":"tag-eu","13":"tag-europe","14":"tag-fr","15":"tag-france","16":"tag-marseille","17":"tag-news","18":"tag-provence-alpes-cote-dazur","19":"tag-republique-francaise","20":"tag-sports"},"share_on_mastodon":{"url":"https:\/\/pubeurope.com\/@fr\/114847938892510689","error":""},"_links":{"self":[{"href":"https:\/\/www.europesays.com\/fr\/wp-json\/wp\/v2\/posts\/247930","targetHints":{"allow":["GET"]}}],"collection":[{"href":"https:\/\/www.europesays.com\/fr\/wp-json\/wp\/v2\/posts"}],"about":[{"href":"https:\/\/www.europesays.com\/fr\/wp-json\/wp\/v2\/types\/post"}],"author":[{"embeddable":true,"href":"https:\/\/www.europesays.com\/fr\/wp-json\/wp\/v2\/users\/2"}],"replies":[{"embeddable":true,"href":"https:\/\/www.europesays.com\/fr\/wp-json\/wp\/v2\/comments?post=247930"}],"version-history":[{"count":0,"href":"https:\/\/www.europesays.com\/fr\/wp-json\/wp\/v2\/posts\/247930\/revisions"}],"wp:featuredmedia":[{"embeddable":true,"href":"https:\/\/www.europesays.com\/fr\/wp-json\/wp\/v2\/media\/247931"}],"wp:attachment":[{"href":"https:\/\/www.europesays.com\/fr\/wp-json\/wp\/v2\/media?parent=247930"}],"wp:term":[{"taxonomy":"category","embeddable":true,"href":"https:\/\/www.europesays.com\/fr\/wp-json\/wp\/v2\/categories?post=247930"},{"taxonomy":"post_tag","embeddable":true,"href":"https:\/\/www.europesays.com\/fr\/wp-json\/wp\/v2\/tags?post=247930"}],"curies":[{"name":"wp","href":"https:\/\/api.w.org\/{rel}","templated":true}]}}