{"id":247932,"date":"2025-07-13T21:00:28","date_gmt":"2025-07-13T21:00:28","guid":{"rendered":"https:\/\/www.europesays.com\/fr\/247932\/"},"modified":"2025-07-13T21:00:28","modified_gmt":"2025-07-13T21:00:28","slug":"en-images-amel-bent-chimene-badi-et-pres-de-10-000-festivaliers-a-saint-priest-pour-music-en-ciel","status":"publish","type":"post","link":"https:\/\/www.europesays.com\/fr\/247932\/","title":{"rendered":"En images. Amel Bent, Chim\u00e8ne Badi&#8230; et pr\u00e8s de 10 000 festivaliers \u00e0 Saint-Priest pour Music en Ciel"},"content":{"rendered":"<p>Ce week-end, le festival Music en Ciel, \u00e0 Saint-Priest, c\u00e9l\u00e8bre son 10e anniversaire. Samedi soir, pr\u00e8s de 10\u00a0000 festivaliers se sont press\u00e9s sur la place Ferdinand-Buisson pour assister \u00e0 un spectacle de choix avec en t\u00eate d\u2019affiche Vernis Rouge, Chim\u00e8ne Badi et Amel Bent qui ont su enflammer la sc\u00e8ne. Ce dimanche soir, Music en Ciel promet de poursuivre sur sa lanc\u00e9e, avec le feu d\u2019artifice du 14\u00a0juillet en prime.<\/p>\n","protected":false},"excerpt":{"rendered":"Ce week-end, le festival Music en Ciel, \u00e0 Saint-Priest, c\u00e9l\u00e8bre son 10e anniversaire. Samedi soir, pr\u00e8s de 10\u00a0000&hellip;\n","protected":false},"author":2,"featured_media":247933,"comment_status":"","ping_status":"","sticky":false,"template":"","format":"standard","meta":{"footnotes":""},"categories":[1889],"tags":[1111,11,2430,1687,3152,1777,674,1011,27,2797,2798,2428,873,12,4043,25,2429,4605,4606,953],"class_list":{"0":"post-247932","1":"post","2":"type-post","3":"status-publish","4":"format-standard","5":"has-post-thumbnail","7":"category-lyon","8":"tag-actu","9":"tag-actualites","10":"tag-auvergne-rhone-alpes","11":"tag-culture-loisirs","12":"tag-edition-est-lyonnais","13":"tag-eu","14":"tag-europe","15":"tag-fr","16":"tag-france","17":"tag-galerie-loisirs","18":"tag-galerie-photo","19":"tag-lyon","20":"tag-musique","21":"tag-news","22":"tag-repas-et-the-dansant","23":"tag-republique-francaise","24":"tag-rhone","25":"tag-saint-priest","26":"tag-saint-priest-ville","27":"tag-soiree"},"share_on_mastodon":{"url":"https:\/\/pubeurope.com\/@fr\/114847942292917550","error":""},"_links":{"self":[{"href":"https:\/\/www.europesays.com\/fr\/wp-json\/wp\/v2\/posts\/247932","targetHints":{"allow":["GET"]}}],"collection":[{"href":"https:\/\/www.europesays.com\/fr\/wp-json\/wp\/v2\/posts"}],"about":[{"href":"https:\/\/www.europesays.com\/fr\/wp-json\/wp\/v2\/types\/post"}],"author":[{"embeddable":true,"href":"https:\/\/www.europesays.com\/fr\/wp-json\/wp\/v2\/users\/2"}],"replies":[{"embeddable":true,"href":"https:\/\/www.europesays.com\/fr\/wp-json\/wp\/v2\/comments?post=247932"}],"version-history":[{"count":0,"href":"https:\/\/www.europesays.com\/fr\/wp-json\/wp\/v2\/posts\/247932\/revisions"}],"wp:featuredmedia":[{"embeddable":true,"href":"https:\/\/www.europesays.com\/fr\/wp-json\/wp\/v2\/media\/247933"}],"wp:attachment":[{"href":"https:\/\/www.europesays.com\/fr\/wp-json\/wp\/v2\/media?parent=247932"}],"wp:term":[{"taxonomy":"category","embeddable":true,"href":"https:\/\/www.europesays.com\/fr\/wp-json\/wp\/v2\/categories?post=247932"},{"taxonomy":"post_tag","embeddable":true,"href":"https:\/\/www.europesays.com\/fr\/wp-json\/wp\/v2\/tags?post=247932"}],"curies":[{"name":"wp","href":"https:\/\/api.w.org\/{rel}","templated":true}]}}