{"id":247934,"date":"2025-07-13T21:01:13","date_gmt":"2025-07-13T21:01:13","guid":{"rendered":"https:\/\/www.europesays.com\/fr\/247934\/"},"modified":"2025-07-13T21:01:13","modified_gmt":"2025-07-13T21:01:13","slug":"feu-dartifice-de-lyon-une-attention-particuliere-aux-oiseaux","status":"publish","type":"post","link":"https:\/\/www.europesays.com\/fr\/247934\/","title":{"rendered":"Feu d&rsquo;artifice de Lyon : une attention particuli\u00e8re aux oiseaux"},"content":{"rendered":"<p>Apr\u00e8s \u00ab Les feux olympiques \u00bb qui rendaient hommage aux valeurs du sport, cette ann\u00e9e la Ville de Lyon invite les Lyonnaises et les Lyonnais \u00e0 lever les yeux vers le ciel pour un 14 juillet sous le signe des \u00e9toiles. Un \u00e9v\u00e8nement qui comme chaque ann\u00e9e sera \u00e9coresponsable \u00e0 plus d\u2019un titre\u2026<\/p>\n<p>\u00c0 l\u2019occasion de la <strong>F\u00eate nationale<\/strong>, le traditionnel <strong>feu d\u2019artifice<\/strong> embrasera le ciel lyonnais ce lundi <strong>14 juillet 2025<\/strong> \u00e0 partir de 22h30, depuis la <strong>colline de Fourvi\u00e8re<\/strong>. Un <strong>spectacle f\u00e9erique et gratuit<\/strong>, visible depuis toute la ville.<\/p>\n<p>\u00ab <strong>Lyon au plus pr\u00e8s des \u00e9toiles<\/strong> \u00bb, c\u2019est l\u2019intitul\u00e9 du<strong> spectacle<\/strong>\u2026\u00a0\u00bbPas simplement un <strong>feu d\u2019artifice<\/strong>, une exp\u00e9rience qui invite \u00e0 r\u00eaver, \u00e0 s\u2019\u00e9merveiller et \u00e0 <strong>contempler l\u2019immensit\u00e9 du ciel \u00e9toil\u00e9<\/strong>. Au-del\u00e0 de notre perception habituelle\u00a0\u00bb selon la <strong>Ville de Lyon<\/strong>.<\/p>\n<p>Pendant 20 minutes, le public sera transport\u00e9 dans un <strong>voyage sensoriel<\/strong> \u00e0 travers une <strong>succession de constellations pyrotechniques po\u00e9tiques, color\u00e9es et envoutantes<\/strong>.<\/p>\n<p>Le <strong>feu d\u2019artifice de Lyon<\/strong> se composera de <strong>15 s\u00e9quences<\/strong>, un <strong>pr\u00e9-tableau<\/strong> et un <strong>bouquet final grandiose<\/strong>. Il se d\u00e9ploiera dans le ciel au-dessus de la <strong>colline de Fourvi\u00e8re<\/strong>. Pour mettre en valeur le site avec des milliers de reflets color\u00e9s et de vibrations. La prestation sera r\u00e9alis\u00e9e par la soci\u00e9t\u00e9 <a href=\"https:\/\/www.etienne-lacroix.com\/evenementiel.php\" target=\"_blank\" rel=\"noreferrer noopener\"><strong>ETIENNE LACROIX \u2013 RUGGIERI<\/strong><\/a>.<\/p>\n<p>Ecoutez aussi : <a href=\"https:\/\/www.lyondemain.fr\/au-bob-un-composteur-collectif-pour-initier-aux-bons-gestes\/\" target=\"_blank\" rel=\"noreferrer noopener\">Au Bob, un composteur collectif pour initier aux bons gestes<\/a><\/p>\n<p>Un spectacle pyrotechnique \u00e9coresponsable, soucieux de la faune et de la flore<\/p>\n<p>Depuis plus de 15 ans, la soci\u00e9t\u00e9 <strong>Etienne Lacroix \u2013 Ruggieri<\/strong> se consacre au d\u00e9veloppement d\u2019une offre de <strong>feu d\u2019artifice plus \u00e9cologique<\/strong>. Pionni\u00e8re dans le domaine, elle est aujourd\u2019hui <strong>certifi\u00e9e ISO 14001<\/strong> pour la qualit\u00e9 de son management environnemental.<\/p>\n<p>Les bombes utilis\u00e9es sont principalement en papier et carton recycl\u00e9, 100% biod\u00e9gradables. Etudi\u00e9es pour ne pas g\u00e9n\u00e9rer de d\u00e9chets (pas de retomb\u00e9es)\u2026<\/p>\n<p>Par ailleurs, une attention toute particuli\u00e8re pour la <strong>faune<\/strong> et \u00e0 la <strong>flore<\/strong>. En effet, la soci\u00e9t\u00e9 con\u00e7oit le <strong>feu d\u2019artifice de Lyon<\/strong> en pr\u00e9voyant une <strong>mont\u00e9e en puissance progressive<\/strong>. Objectif : <strong>accoutumer les oiseaux<\/strong>. Comme si un orage approchait. Ils vont ainsi s\u2019abriter. Peut \u00eatre fuir pour se r\u00e9fugier ailleurs le temps du <strong>spectacle<\/strong>.<\/p>\n<p>Ecoutez aussi : <a href=\"https:\/\/www.lyondemain.fr\/eclairage-urbain-lyon-sobriete-biodiversite\/\" target=\"_blank\" rel=\"noreferrer noopener\">Direction de l\u2019Eclairage Urbain de Lyon : et la lumi\u00e8re s\u2019adoucit\u2026<\/a><\/p>\n<p>Un dispositif sp\u00e9cifique de s\u00e9curisation des quais de Sa\u00f4ne rive gauche<\/p>\n<p>Afin de garantir les meilleures <strong>conditions de s\u00e9curit\u00e9<\/strong> autour des festivit\u00e9s du 14 juillet, plus de <strong>50 agents municipaux<\/strong> (policiers municipaux et agents de surveillance de la voie publique (ASVP)) seront pr\u00e9sents aux c\u00f4t\u00e9s des forces de s\u00e9curit\u00e9 de l\u2019\u00c9tat. Ils interviendront pour encadrer les rassemblements. Assurer la r\u00e9gulation des flux et veiller au respect des r\u00e8gles de s\u00e9curit\u00e9 sur l\u2019espace public.<\/p>\n<p><strong>80 agents de s\u00e9curit\u00e9 priv\u00e9e<\/strong> seront \u00e9galement pr\u00e9sents pour encadrer le <strong>dispositif de s\u00e9curit\u00e9<\/strong> de ce 14 juillet. En compl\u00e9ment, les<strong> ASVP<\/strong> seront mobilis\u00e9s pour<strong> g\u00e9rer le stationnement<\/strong>. Notamment dans les zones de forte affluence, afin de faciliter l<strong>\u2019acc\u00e8s des secours<\/strong> et garantir la <strong>fluidit\u00e9 des d\u00e9placements pi\u00e9tons<\/strong>.<\/p>\n<p>A noter un <strong>dispositif sp\u00e9cifique de s\u00e9curisation des quais de Sa\u00f4ne rive gauche<\/strong> activ\u00e9 \u00e0 partir de 19 heures, ce 14 juillet. Avec la mise en place de <strong>dispositifs anti-b\u00e9lier<\/strong> aux points strat\u00e9giques. Egalement un <strong>renforcement des patrouilles<\/strong> et de la rel\u00e8ve assur\u00e9e en soir\u00e9e. Une <strong>interdiction de circulation automobile et des deux-roues motoris\u00e9s<\/strong> dans le p\u00e9rim\u00e8tre du feu d\u2019artifice Enfin, une <strong>r\u00e9gulation du trafic sur la p\u00e9riph\u00e9rie imm\u00e9diate<\/strong> pour limiter les engorgements\u2026<\/p>\n<p>Ecoutez aussi : <a href=\"https:\/\/www.lyondemain.fr\/bourdons-atlas-arthropologia\/\" target=\"_blank\" rel=\"noreferrer noopener\">Bourdons : un atlas et une liste rouge \u00e9tablis par Arthropologia<\/a><\/p>\n<p><img fetchpriority=\"high\" decoding=\"async\" width=\"1200\" height=\"675\" src=\"https:\/\/www.europesays.com\/fr\/wp-content\/uploads\/2025\/07\/feu-dartifice-de-Lyon.jpg\" alt=\"feu d'artifice de Lyon\" class=\"wp-image-250484\"  \/><br \/>\nJ\u2019aime \u00e7a\u00a0:<\/p>\n<p>J\u2019aime chargement\u2026<\/p>\n<p><a class=\"sd-link-color\"\/><\/p>\n<p>\n\tArticles similaires\n<\/p>\n<p>\t\t\t\t<img decoding=\"async\" src=\"https:\/\/www.europesays.com\/fr\/wp-content\/uploads\/2025\/07\/1752440473_506_7866158698e17e8ed633c05e8f8e7fe5d9e057ad78661c4dc34e413abb6b9f19\" alt=\"G\u00e9rald Bouchon\"\/><\/p>\n<p>Pionnier des radios libres, passionn\u00e9 de radio, journaliste et dirigeant de m\u00e9dias \u00e9co-responsables..<\/p>\n","protected":false},"excerpt":{"rendered":"Apr\u00e8s \u00ab Les feux olympiques \u00bb qui rendaient hommage aux valeurs du sport, cette ann\u00e9e la Ville de&hellip;\n","protected":false},"author":2,"featured_media":247935,"comment_status":"","ping_status":"","sticky":false,"template":"","format":"standard","meta":{"footnotes":""},"categories":[1889],"tags":[10915,1111,11,2430,1777,674,38840,7186,10917,16701,1011,27,2428,12,4964,10595,38841,25,3140,3291],"class_list":{"0":"post-247934","1":"post","2":"type-post","3":"status-publish","4":"format-standard","5":"has-post-thumbnail","7":"category-lyon","8":"tag-14-juillet","9":"tag-actu","10":"tag-actualites","11":"tag-auvergne-rhone-alpes","12":"tag-eu","13":"tag-europe","14":"tag-faune-sauvage","15":"tag-festivites","16":"tag-fete-nationale","17":"tag-feu-dartifice","18":"tag-fr","19":"tag-france","20":"tag-lyon","21":"tag-news","22":"tag-oiseaux","23":"tag-protection-animale","24":"tag-pyrotechnique","25":"tag-republique-francaise","26":"tag-spectacle","27":"tag-ville-de-lyon"},"share_on_mastodon":{"url":"https:\/\/pubeurope.com\/@fr\/114847946530831411","error":""},"_links":{"self":[{"href":"https:\/\/www.europesays.com\/fr\/wp-json\/wp\/v2\/posts\/247934","targetHints":{"allow":["GET"]}}],"collection":[{"href":"https:\/\/www.europesays.com\/fr\/wp-json\/wp\/v2\/posts"}],"about":[{"href":"https:\/\/www.europesays.com\/fr\/wp-json\/wp\/v2\/types\/post"}],"author":[{"embeddable":true,"href":"https:\/\/www.europesays.com\/fr\/wp-json\/wp\/v2\/users\/2"}],"replies":[{"embeddable":true,"href":"https:\/\/www.europesays.com\/fr\/wp-json\/wp\/v2\/comments?post=247934"}],"version-history":[{"count":0,"href":"https:\/\/www.europesays.com\/fr\/wp-json\/wp\/v2\/posts\/247934\/revisions"}],"wp:featuredmedia":[{"embeddable":true,"href":"https:\/\/www.europesays.com\/fr\/wp-json\/wp\/v2\/media\/247935"}],"wp:attachment":[{"href":"https:\/\/www.europesays.com\/fr\/wp-json\/wp\/v2\/media?parent=247934"}],"wp:term":[{"taxonomy":"category","embeddable":true,"href":"https:\/\/www.europesays.com\/fr\/wp-json\/wp\/v2\/categories?post=247934"},{"taxonomy":"post_tag","embeddable":true,"href":"https:\/\/www.europesays.com\/fr\/wp-json\/wp\/v2\/tags?post=247934"}],"curies":[{"name":"wp","href":"https:\/\/api.w.org\/{rel}","templated":true}]}}