{"id":247946,"date":"2025-07-13T21:10:11","date_gmt":"2025-07-13T21:10:11","guid":{"rendered":"https:\/\/www.europesays.com\/fr\/247946\/"},"modified":"2025-07-13T21:10:11","modified_gmt":"2025-07-13T21:10:11","slug":"guerre-en-ukraine-zelensky-accuse-la-russie-de-multiplier-les-actes-de-terreur","status":"publish","type":"post","link":"https:\/\/www.europesays.com\/fr\/247946\/","title":{"rendered":"Guerre en Ukraine: Zelensky accuse la Russie de multiplier les actes de \u00ab\u00a0terreur\u00a0\u00bb"},"content":{"rendered":"<p class=\"ap-StoryElement ap-StoryElement--mb ap-StoryText\">Les forces russes ont \u00e9galement largu\u00e9 plus de 1.200 bombes planantes<a href=\"https:\/\/www.lalibre.be\/international\/europe\/guerre-ukraine-russie\/\" target=\"_blank\" rel=\"noopener\"> sur l&rsquo;Ukraine<\/a> cette semaine et lanc\u00e9 83 missiles, a d\u00e9clar\u00e9 le pr\u00e9sident sur Telegram dimanche.<\/p>\n<p class=\"ap-StoryElement ap-StoryElement--mb ap-StoryText\">\u00ab\u00a0Les Russes augmentent la terreur contre les villes et les municipalit\u00e9s, pour intimider encore plus notre peuple\u00a0\u00bb, a \u00e9crit Zelensky.<\/p>\n<p class=\"ap-StoryElement ap-StoryElement--mb ap-StoryText\">Volodymyr Zelensky a salu\u00e9 l&rsquo;efficacit\u00e9 de la d\u00e9fense a\u00e9rienne ukrainienne, notamment les drones intercepteurs d\u00e9velopp\u00e9s sp\u00e9cialement pour neutraliser les engins explosifs. Plusieurs centaines de drones d&rsquo;attaque de fabrication iranienne Shahed ont ainsi \u00e9t\u00e9 abattus ces derniers jours, selon lui.<\/p>\n","protected":false},"excerpt":{"rendered":"Les forces russes ont \u00e9galement largu\u00e9 plus de 1.200 bombes planantes sur l&rsquo;Ukraine cette semaine et lanc\u00e9 83&hellip;\n","protected":false},"author":2,"featured_media":247947,"comment_status":"","ping_status":"","sticky":false,"template":"","format":"standard","meta":{"footnotes":""},"categories":[1590],"tags":[11,1777,674,1146,12,132,220],"class_list":{"0":"post-247946","1":"post","2":"type-post","3":"status-publish","4":"format-standard","5":"has-post-thumbnail","7":"category-ukraine","8":"tag-actualites","9":"tag-eu","10":"tag-europe","11":"tag-guerre","12":"tag-news","13":"tag-russie","14":"tag-ukraine"},"share_on_mastodon":{"url":"https:\/\/pubeurope.com\/@fr\/114847981415406711","error":""},"_links":{"self":[{"href":"https:\/\/www.europesays.com\/fr\/wp-json\/wp\/v2\/posts\/247946","targetHints":{"allow":["GET"]}}],"collection":[{"href":"https:\/\/www.europesays.com\/fr\/wp-json\/wp\/v2\/posts"}],"about":[{"href":"https:\/\/www.europesays.com\/fr\/wp-json\/wp\/v2\/types\/post"}],"author":[{"embeddable":true,"href":"https:\/\/www.europesays.com\/fr\/wp-json\/wp\/v2\/users\/2"}],"replies":[{"embeddable":true,"href":"https:\/\/www.europesays.com\/fr\/wp-json\/wp\/v2\/comments?post=247946"}],"version-history":[{"count":0,"href":"https:\/\/www.europesays.com\/fr\/wp-json\/wp\/v2\/posts\/247946\/revisions"}],"wp:featuredmedia":[{"embeddable":true,"href":"https:\/\/www.europesays.com\/fr\/wp-json\/wp\/v2\/media\/247947"}],"wp:attachment":[{"href":"https:\/\/www.europesays.com\/fr\/wp-json\/wp\/v2\/media?parent=247946"}],"wp:term":[{"taxonomy":"category","embeddable":true,"href":"https:\/\/www.europesays.com\/fr\/wp-json\/wp\/v2\/categories?post=247946"},{"taxonomy":"post_tag","embeddable":true,"href":"https:\/\/www.europesays.com\/fr\/wp-json\/wp\/v2\/tags?post=247946"}],"curies":[{"name":"wp","href":"https:\/\/api.w.org\/{rel}","templated":true}]}}