{"id":247951,"date":"2025-07-13T21:13:26","date_gmt":"2025-07-13T21:13:26","guid":{"rendered":"https:\/\/www.europesays.com\/fr\/247951\/"},"modified":"2025-07-13T21:13:26","modified_gmt":"2025-07-13T21:13:26","slug":"thierry-breton-a-t-il-avoue-que-lue-avait-annule-lelection-en-roumanie-et-comptait-faire-de-meme-en-allemagne-liberation","status":"publish","type":"post","link":"https:\/\/www.europesays.com\/fr\/247951\/","title":{"rendered":"Thierry Breton a-t-il avou\u00e9 que l\u2019UE avait annul\u00e9 l\u2019\u00e9lection en Roumanie et comptait faire de m\u00eame en Allemagne ? \u2013 Lib\u00e9ration"},"content":{"rendered":"<p class=\"sc-ksZaOG ehjQrN text-element\">Derni\u00e8re joute en date du <a href=\"https:\/\/www.liberation.fr\/international\/amerique\/elon-musk-du-soutien-a-obama-a-donald-trump-itineraire-dun-cresus-erratique-20250111_NRB2T7UYFJARTLAQIKQNUFTP6Q\/\" target=\"_blank\" rel=\"noreferrer noopener\" title=\"https:\/\/www.liberation.fr\/international\/amerique\/elon-musk-du-soutien-a-obama-a-donald-trump-itineraire-dun-cresus-erratique-20250111_NRB2T7UYFJARTLAQIKQNUFTP6Q\/\">milliardaire d\u2019extr\u00eame droite<\/a> : Elon Musk s\u2019en est pris r\u00e9cemment \u00e0 l\u2019ancien commissaire europ\u00e9en au march\u00e9 int\u00e9rieur, Thierry Breton. Samedi 11 janvier, sur son r\u00e9seau social X, celui qui est d\u00e9sormais engag\u00e9 corps et \u00e2me <a href=\"https:\/\/www.liberation.fr\/international\/europe\/lui-il-ose-entre-elon-musk-et-alice-weidel-cheffe-de-file-de-lextreme-droite-allemande-faux-debat-et-vrai-passe-plats-20250109_6TZGD2RKSRDIZOEGW3JJKOTGHE\/\" target=\"_blank\" rel=\"noreferrer noopener\" title=\"https:\/\/www.liberation.fr\/international\/europe\/lui-il-ose-entre-elon-musk-et-alice-weidel-cheffe-de-file-de-lextreme-droite-allemande-faux-debat-et-vrai-passe-plats-20250109_6TZGD2RKSRDIZOEGW3JJKOTGHE\/\">aux c\u00f4t\u00e9s de l\u2019AfD<\/a>, parti x\u00e9nophobe allemand, dans la course aux \u00e9lections f\u00e9d\u00e9rales du 23 f\u00e9vrier,<b> <\/b>a publiquement moqu\u00e9 la \u00absurprenante absurdit\u00e9\u00bb de Thierry Breton, qualifi\u00e9 sobrement de \u00abtyran de l\u2019Europe\u00bb.<\/p>\n<p class=\"sc-ksZaOG ehjQrN text-element\">Musk s\u2019appuie sur une publication de Visegrad24, m\u00e9dia en ligne conservateur polonais. Cette derni\u00e8re affirme : \u00abL\u2019ancien commissaire europ\u00e9en Thierry Breton dit que l\u2019Union europ\u00e9enne dispose de m\u00e9canismes pour annuler une potentielle victoire de l\u2019AfD aux \u00e9lections : \u201cOn l\u2019a fait en Roumanie et on le fera \u00e9videmment en Allemagne si n\u00e9cessaire\u201d.\u00bb Et d\u2019accompagner son tweet d\u2019un extrait vid\u00e9o de vingt secondes, tir\u00e9 d\u2019une interview en date du 9 janvier dans l\u2019\u00e9mission Apolline Matin, sur RMC. On y entend Thierry Breton tenir ces propos : \u00abAttendons de voir ce qu\u2019il va se passer et pour l\u2019instant, gardons notre sang-froid et faisons appliquer nos lois en Europe, lorsque celles-ci risquent d\u2019\u00eatre circonvenues et qu\u2019elles peuvent, si on ne les applique pas, conduire \u00e0 des interf\u00e9rences. On l\u2019a fait en Roumanie, il faudra \u00e9videmment le faire, si c\u2019est n\u00e9cessaire, en Allemagne.\u00bb<\/p>\n<p class=\"sc-ksZaOG ehjQrN text-element\">Avant Visegrad24 \u2013 et avant Musk \u2013 c\u2019est <a href=\"https:\/\/www.liberation.fr\/politique\/myriam-palomba-de-la-presse-people-et-du-complotisme-dur-20230413_GKZ4IQOUPFFZ3D3P74CGPAW3OM\/\" target=\"_blank\" rel=\"noreferrer noopener\" title=\"https:\/\/www.liberation.fr\/politique\/myriam-palomba-de-la-presse-people-et-du-complotisme-dur-20230413_GKZ4IQOUPFFZ3D3P74CGPAW3OM\/\">Myriam Palomba<\/a>, chroniqueuse sur TPMP et candidate aux derni\u00e8res europ\u00e9ennes sur la liste d\u2019extr\u00eame droite de Florian Philippot, <a href=\"https:\/\/x.com\/myriampalomba\/status\/1877701761923690721?s=46&amp;t=rCLLBxQhyeLVC-Bgko-BLg\" target=\"_blank\" title=\"https:\/\/x.com\/myriampalomba\/status\/1877701761923690721?s=46&amp;t=rCLLBxQhyeLVC-Bgko-BLg\">qui a relay\u00e9 cette s\u00e9quence d\u00e8s le 10 janvier<\/a>, s\u2019insurgeant : \u00abIncroyable. Le censeur pro-europ\u00e9en Thierry Breton vient d\u2019avouer que l\u2019UE avait fait annuler les \u00e9lections en Roumanie et qu\u2019elle se permettra de le faire aussi en Allemagne si l\u2019AfD gagnait.\u00bb<\/p>\n<p class=\"sc-ksZaOG ehjQrN text-element\">Sur X, samedi matin, Thierry Breton a ripost\u00e9 au tweet de Musk : \u00abTyran de l\u2019Europe ? Wow ! Mais non, Elon Musk : l\u2019Union europ\u00e9enne ne dispose pas d\u2019un m\u00e9canisme pour annuler une \u00e9lection, o\u00f9 que ce soit dans l\u2019Union europ\u00e9enne. Ce n\u2019est pas du tout ce qui est dit dans la vid\u00e9o, qui porte uniquement sur l\u2019application du DSA et des obligations de mod\u00e9ration. Mauvaise traduction\u2026 ou \u00e9ni\u00e8me fake news ?\u00bb<\/p>\n<blockquote class=\"twitter-tweet\">\n<p lang=\"en\" dir=\"ltr\">Tyrant of Europe\ud83e\udd34? Wow! <br \/>But No <a href=\"https:\/\/twitter.com\/elonmusk?ref_src=twsrc%5Etfw\" target=\"_blank\" rel=\"noopener\">@elonmusk<\/a>: the EU has NO mechanism to nullify any election anywhere in EU. Not at all what is said in the video below related only to the application of the DSA and its moderation obligations. Lost in translation \ud83c\udfa5\u2026or another fake news\ud83e\udd21? <a href=\"https:\/\/t.co\/oqh8wI4O55\">https:\/\/t.co\/oqh8wI4O55<\/a><\/p>\n<p>\u2014 Thierry Breton (@ThierryBreton) <a href=\"https:\/\/twitter.com\/ThierryBreton\/status\/1877996580503990539?ref_src=twsrc%5Etfw\" target=\"_blank\" rel=\"noopener\">January 11, 2025<\/a><\/p><\/blockquote>\n<p class=\"sc-ksZaOG ehjQrN text-element\">Isol\u00e9es d\u2019une interview qui dure environ sept minutes, les vingt secondes partag\u00e9es par la complosph\u00e8re et l\u2019extr\u00eame droite ne mentionnent pas explicitement l\u2019objet des propos de Thierry Breton : en l\u2019occurrence, le DSA, pour \u00abDigital Services Act\u00bb, soit en Fran\u00e7ais, le \u00abr\u00e8glement europ\u00e9en sur les services num\u00e9riques\u00bb, comme le mentionne l\u2019ex-commissaire europ\u00e9en dans son tweet.<\/p>\n<p class=\"sc-ksZaOG ehjQrN text-element\">Concr\u00e8tement, ce dernier est interrog\u00e9 par Apolline de Malherbe sur \u00able bras de fer d\u00e9lirant\u00bb entre Elon Musk, Donald Trump et l\u2019Europe, \u00e0 quelques heures de la conversation sur X programm\u00e9e entre le propri\u00e9taire du r\u00e9seau social et Alice Weidel, candidate pour le parti d\u2019extr\u00eame droite allemand, et alors qu\u2019Elon Musk r\u00e9clame par ailleurs quotidiennement la d\u00e9mission du Premier ministre britannique.<\/p>\n<p class=\"sc-ksZaOG ehjQrN text-element\">Thierry Breton r\u00e9pond en se focalisant sur le DSA. Il dit ainsi : \u00abLors du dernier mandat \u00e0 la Commission, j\u2019ai \u00e9t\u00e9 celui qui a port\u00e9 cette loi sur les r\u00e9seaux sociaux, et je le dis tr\u00e8s clairement \u00e0 votre micro : certainement pas pour brider la parole. [\u2026] Donc au fond, [Musk] a le droit de s\u2019exprimer. En revanche, s\u2019il le fait sur les r\u00e9seaux sociaux qui sont r\u00e9gul\u00e9s en Europe, alors l\u00e0 l\u2019Europe a son mot \u00e0 dire, c\u2019est la loi que j\u2019ai port\u00e9e et qui a \u00e9t\u00e9 vot\u00e9e par nos instances d\u00e9mocratiques, par le Parlement europ\u00e9en et le Conseil. Et cette loi, elle dit quoi ? Tout simplement que lorsque vous utilisez un r\u00e9seau social, il y a un effet amplificateur. C\u2019est \u00e7a qui est contr\u00f4l\u00e9, pour \u00e9viter qu\u2019on fasse n\u2019importe quoi.\u00bb Et de poursuivre : \u00abA partir du moment o\u00f9 il op\u00e8re en Europe, o\u00f9 nous avons des lois pour contr\u00f4ler l\u2019amplification faite artificiellement par des algorithmes et qui peuvent interf\u00e9rer dans nos \u00e9lections, nos d\u00e9mocraties, sur nos enfants, alors l\u00e0 \u00e9videmment, nous, on r\u00e9gule.\u00bb<\/p>\n<p class=\"sc-ksZaOG ehjQrN text-element\">Thierry Breton \u00e9voque ensuite le cas pr\u00e9cis de la Roumanie. A cette occasion, et contrairement \u00e0 ce qu\u2019il affirme dans sa r\u00e9ponse \u00e0 Elon Musk, il prononce une phrase pr\u00eatant \u00e0 confusion : \u00abJe ne doute pas que [la loi] sera appliqu\u00e9e. [\u2026] Cela a \u00e9t\u00e9 fait du reste sur TikTok, ce r\u00e9seau chinois dont on a eu des suspicions qu\u2019il avait \u00e9t\u00e9 utilis\u00e9, manipul\u00e9, pour interf\u00e9rer dans les \u00e9lections en Roumanie.\u00bb Il pr\u00e9cise, liant lui-m\u00eame le DSA \u00e0 l\u2019annulation des \u00e9lections roumaines : \u00abC\u2019est all\u00e9, pr\u00e9cis\u00e9ment parce qu\u2019on applique cette loi, jusqu\u2019\u00e0 l\u2019invalidation des \u00e9lections.\u00bb<\/p>\n<p class=\"sc-ksZaOG ehjQrN text-element\">Puis il encha\u00eene au sujet du scrutin \u00e0 venir en Allemagne : \u00abJ\u2019avais d\u00e9j\u00e0 annonc\u00e9 \u00e0 Elon Musk, quand j\u2019\u00e9tais encore en poste au mois d\u2019ao\u00fbt, que m\u00eame lorsqu\u2019il faisait des discussions politiques retransmises en Europe avec une plateforme qui elle-m\u00eame est r\u00e9gul\u00e9e, il doit suivre les r\u00e8gles europ\u00e9ennes. L\u00e0, avec l\u2019AfD, il faut les suivre, Je suis certain qu\u2019on va prendre toutes les mesures pour s\u2019assurer qu\u2019il respecte la loi et s\u2019il ne la respecte pas, il y a des amendes et la possibilit\u00e9 d\u2019interdiction.\u00bb Enfin, dans les toutes derni\u00e8res secondes de l\u2019interview, Thierry Breton invite \u00e0 attendre de voir si Musk sera effectivement nomm\u00e9 dans l\u2019administration Trump. C\u2019est cette phrase qui sera ensuite isol\u00e9e sur les r\u00e9seaux : \u00abPour l\u2019instant, gardons notre sang-froid et faisons appliquer nos lois en Europe lorsque celles-ci risquent d\u2019\u00eatre circonvenues, et qu\u2019elles peuvent, si on ne les applique pas, conduire effectivement \u00e0 des interf\u00e9rences. On l\u2019a fait en Roumanie, il faudra \u00e9videmment le faire si c\u2019est n\u00e9cessaire en Allemagne.\u00bb<\/p>\n<p class=\"sc-ksZaOG ehjQrN text-element\">Dans les faits, en Roumanie <a href=\"https:\/\/www.ccr.ro\/comunicat-de-presa-6-decembrie-2024\/\" target=\"_blank\" title=\"https:\/\/www.ccr.ro\/comunicat-de-presa-6-decembrie-2024\/\" rel=\"noopener\">le 6 d\u00e9cembre, c\u2019est bien la Cour constitutionnelle <\/a>\u2013 et non l\u2019Union europ\u00e9enne \u2013 qui a d\u00e9cid\u00e9, \u00e0 l\u2019unanimit\u00e9, d\u2019annuler \u00abl\u2019ensemble du processus \u00e9lectoral concernant l\u2019\u00e9lection du pr\u00e9sident de la Roumanie\u00bb, \u00abafin de garantir l\u2019exactitude et la l\u00e9galit\u00e9\u00bb du scrutin. Le candidat d\u2019extr\u00eame droite Calin Georgescu, notamment oppos\u00e9 \u00e0 l\u2019aide militaire en Ukraine, \u00e9tait en t\u00eate du premier tour. Il a d\u00e9nonc\u00e9 un \u00abcoup d\u2019Etat\u00bb face \u00e0 cette d\u00e9cision, qui est intervenue suite \u00e0 la d\u00e9classification, par les autorit\u00e9s roumaines, de rapports des services de renseignements rapportant une campagne russe men\u00e9e sur TikTok, en faveur de Georgescu.<\/p>\n<p class=\"sc-ksZaOG ehjQrN text-element\">En parall\u00e8le, la Commission europ\u00e9enne a envoy\u00e9 \u00e0 TikTok <a href=\"https:\/\/fr.euronews.com\/my-europe\/2024\/12\/06\/lingerence-etrangere-dans-les-elections-roumaines-lue-demande-des-reponses-urgentes-a-tikt\" target=\"_blank\" rel=\"noopener\">une demande d\u2019information urgente<\/a> sur le sujet. Le 17 d\u00e9cembre, soit plus de dix jours apr\u00e8s l\u2019annulation de l\u2019\u00e9lection par les autorit\u00e9s roumaines, la Commission <a href=\"https:\/\/www.lemonde.fr\/pixels\/article\/2024\/12\/17\/presidentielle-en-roumanie-la-commission-europeenne-ouvre-une-enquete-contre-tiktok-apres-des-accusations-de-manipulations-electorales-russes_6453499_4408996.html\" target=\"_blank\" rel=\"noopener\">a ouvert une enqu\u00eate en vertu du DSA<\/a>. Ce r\u00e8glement europ\u00e9en sur les services num\u00e9riques, qui date d\u2019octobre 2022, vise notamment les fournisseurs d\u2019acc\u00e8s \u00e0 internet et les plateformes en ligne, parmi lesquelles <a href=\"https:\/\/digital-strategy.ec.europa.eu\/fr\/news\/digital-services-act-commission-designates-first-set-very-large-online-platforms-and-search-engines\" target=\"_blank\" rel=\"noopener\" title=\"https:\/\/digital-strategy.ec.europa.eu\/fr\/news\/digital-services-act-commission-designates-first-set-very-large-online-platforms-and-search-engines\">les r\u00e9seaux sociaux \u2013 dont X<\/a>. Il <a href=\"https:\/\/www.vie-publique.fr\/eclairage\/285115-dsa-le-reglement-sur-les-services-numeriques-ou-digital-services-act#:~:text=En%20cas%20de%20non%2Drespect%20du%20DSA%2C%20des%20astreintes%20et,leur%20chiffre%20d&#039;affaires%20mondial.\" target=\"_blank\" rel=\"noopener\">entend lutter<\/a> contre les contenus illicites en facilitant leur signalement et leur retrait, am\u00e9liorer la transparence en mati\u00e8re de mod\u00e9ration et enfin att\u00e9nuer les risques syst\u00e9miques g\u00e9n\u00e9r\u00e9s sur les droits fondamentaux, la sant\u00e9 publique ou encore les processus \u00e9lectoraux.<\/p>\n<p class=\"sc-ksZaOG ehjQrN text-element\">Ce r\u00e8glement pr\u00e9voit des sanctions envers les plateformes pouvant conduire \u00e0 des amendes et \u00e0 une interdiction du march\u00e9 europ\u00e9en. Dans le d\u00e9tail, <a href=\"https:\/\/eur-lex.europa.eu\/legal-content\/EN\/TXT\/?uri=CELEX%3A32022R2065\" target=\"_blank\" title=\"https:\/\/eur-lex.europa.eu\/legal-content\/EN\/TXT\/?uri=CELEX%3A32022R2065\" rel=\"noopener\">ce texte ne mentionne aucune marge de man\u0153uvre<\/a> quant \u00e0 une \u00e9ventuelle annulation d\u2019\u00e9lections dans les Etats membres.<\/p>\n<p class=\"sc-ksZaOG ehjQrN text-element\">Aupr\u00e8s de CheckNews, la Commission europ\u00e9enne confirme que le DSA ne peut en aucun cas aboutir \u00e0 une d\u00e9cision affectant le processus \u00e9lectoral, telle que l\u2019annulation d\u2019une \u00e9lection \u2013 et que le p\u00e9rim\u00e8tre de ce dernier se concentre sur les plateformes num\u00e9riques. Un porte-parole pr\u00e9cise ainsi : \u00abIl appartient aux autorit\u00e9s roumaines de prendre les d\u00e9cisions sur le processus \u00e9lectoral. Les \u00e9lections sont une comp\u00e9tence nationale et la Commission ne s\u2019occupe pas du processus \u00e9lectoral roumain, qui est l\u2019affaire des autorit\u00e9s roumaines. Cette d\u00e9cision d\u2019ouvrir une enqu\u00eate tient compte des informations re\u00e7ues \u00e0 partir de rapports de renseignement d\u00e9classifi\u00e9s des autorit\u00e9s roumaines ainsi que de rapports \u00e9manant de tiers. L\u2019enqu\u00eate porte \u00e9galement sur l\u2019analyse de rapports fournis par TikTok en 2023 et 2024, les r\u00e9ponses aux demandes d\u2019information de la Commission et des documents internes fournis par TikTok.\u00bb <\/p>\n<p class=\"sc-ksZaOG ehjQrN text-element\">La Commission indique en outre que l\u2019enqu\u00eate, toujours en cours, n\u2019a pas encore rendu ses conclusions. En Roumanie, le premier tour du scrutin est \u00e0 nouveau programm\u00e9 pour mai. Concernant sa phrase pouvant porter \u00e0 confusion, Thierry Breton, de son c\u00f4t\u00e9, reconna\u00eet aupr\u00e8s de CheckNews un \u00abraccourci de langage\u00bb et indique qu\u2019en \u00abtout \u00e9tat de cause, les autorit\u00e9s locales sont seules habilit\u00e9es \u00e0 prendre les d\u00e9cisions finales qu\u2019elles jugent utiles, et non pas le DSA\u00bb.<\/p>\n<p><script async src=\"https:\/\/platform.twitter.com\/widgets.js\" charset=\"utf-8\"><\/script><\/p>\n","protected":false},"excerpt":{"rendered":"Derni\u00e8re joute en date du milliardaire d\u2019extr\u00eame droite : Elon Musk s\u2019en est pris r\u00e9cemment \u00e0 l\u2019ancien commissaire&hellip;\n","protected":false},"author":2,"featured_media":247952,"comment_status":"","ping_status":"","sticky":false,"template":"","format":"standard","meta":{"footnotes":""},"categories":[1587],"tags":[11,672,1804,1805,1803,46,1777,674,1801,12,1802,4868,364],"class_list":{"0":"post-247951","1":"post","2":"type-post","3":"status-publish","4":"format-standard","5":"has-post-thumbnail","7":"category-allemagne","8":"tag-actualites","9":"tag-allemagne","10":"tag-bundesrepublik-deutschland","11":"tag-de","12":"tag-deutschland","13":"tag-elon-musk","14":"tag-eu","15":"tag-europe","16":"tag-germany","17":"tag-news","18":"tag-republique-federale-dallemagne","19":"tag-roumanie","20":"tag-union-europeenne"},"share_on_mastodon":{"url":"https:\/\/pubeurope.com\/@fr\/114847993194931183","error":""},"_links":{"self":[{"href":"https:\/\/www.europesays.com\/fr\/wp-json\/wp\/v2\/posts\/247951","targetHints":{"allow":["GET"]}}],"collection":[{"href":"https:\/\/www.europesays.com\/fr\/wp-json\/wp\/v2\/posts"}],"about":[{"href":"https:\/\/www.europesays.com\/fr\/wp-json\/wp\/v2\/types\/post"}],"author":[{"embeddable":true,"href":"https:\/\/www.europesays.com\/fr\/wp-json\/wp\/v2\/users\/2"}],"replies":[{"embeddable":true,"href":"https:\/\/www.europesays.com\/fr\/wp-json\/wp\/v2\/comments?post=247951"}],"version-history":[{"count":0,"href":"https:\/\/www.europesays.com\/fr\/wp-json\/wp\/v2\/posts\/247951\/revisions"}],"wp:featuredmedia":[{"embeddable":true,"href":"https:\/\/www.europesays.com\/fr\/wp-json\/wp\/v2\/media\/247952"}],"wp:attachment":[{"href":"https:\/\/www.europesays.com\/fr\/wp-json\/wp\/v2\/media?parent=247951"}],"wp:term":[{"taxonomy":"category","embeddable":true,"href":"https:\/\/www.europesays.com\/fr\/wp-json\/wp\/v2\/categories?post=247951"},{"taxonomy":"post_tag","embeddable":true,"href":"https:\/\/www.europesays.com\/fr\/wp-json\/wp\/v2\/tags?post=247951"}],"curies":[{"name":"wp","href":"https:\/\/api.w.org\/{rel}","templated":true}]}}