{"id":247955,"date":"2025-07-13T21:15:11","date_gmt":"2025-07-13T21:15:11","guid":{"rendered":"https:\/\/www.europesays.com\/fr\/247955\/"},"modified":"2025-07-13T21:15:11","modified_gmt":"2025-07-13T21:15:11","slug":"lue-qui-cherche-toujours-un-accord-avec-les-etats-unis-a-les-outils-pour-se-defendre","status":"publish","type":"post","link":"https:\/\/www.europesays.com\/fr\/247955\/","title":{"rendered":"L\u2019UE, qui cherche toujours un accord avec les Etats-Unis, \u00ab\u00a0a les outils\u00a0\u00bb pour se \u00ab\u00a0d\u00e9fendre\u00a0\u00bb"},"content":{"rendered":"<p>Les 27 sortent les dents apr\u00e8s les annonces am\u00e9ricaines. La cheffe de la <a href=\"https:\/\/www.20minutes.fr\/dossier\/diplomatie\" target=\"_blank\" class=\"color-ultramarine c-link\" rel=\"noopener\">diplomatie <\/a>europ\u00e9enne, Kaja Kallas, a rappel\u00e9 ce dimanche que l\u2019<a href=\"https:\/\/www.20minutes.fr\/dossier\/ue\" target=\"_blank\" class=\"color-ultramarine c-link\" rel=\"noopener\">Union europ\u00e9enne<\/a> avait \u00ab\u00a0les outils\u00a0\u00bb pour se d\u00e9fendre face aux <a href=\"https:\/\/www.20minutes.fr\/economie\/droits-douane-americains\/\" target=\"_blank\" class=\"color-ultramarine c-link\" rel=\"noopener\">droits de douane<\/a> am\u00e9ricains, en visant notamment les \u00ab\u00a0services\u00a0\u00bb que les Etats-Unis exportent aux Europ\u00e9ens. \u00ab\u00a0L\u2019UE a toujours cherch\u00e9 une solution n\u00e9goci\u00e9e. Mais, au besoin, elle a aussi les outils pour d\u00e9fendre ses int\u00e9r\u00eats\u00a0\u00bb, a-t-elle d\u00e9clar\u00e9 lors d\u2019une interview \u00e0 La Tribune Dimanche, dans la lign\u00e9e de la d\u00e9claration d\u2019<a href=\"https:\/\/www.20minutes.fr\/politique\/ursula-von-der-leyen\/\" target=\"_blank\" class=\"color-ultramarine c-link\" rel=\"noopener\">Ursula von\u00a0der\u00a0Leyen<\/a> la veille.<\/p>\n<\/p>\n<p>Juste apr\u00e8s l\u2019annonce de <a href=\"https:\/\/www.20minutes.fr\/dossier\/donald_trump\" target=\"_blank\" class=\"color-ultramarine c-link\" rel=\"noopener\">Donald Trump<\/a> samedi sur l\u2019imposition de droits de douane de 30\u00a0% d\u00e8s le 1er\u00a0ao\u00fbt pour les produits de l\u2019Union europ\u00e9enne et du Mexique import\u00e9s aux <a href=\"https:\/\/www.20minutes.fr\/monde\/etats-unis\/\" target=\"_blank\" class=\"color-ultramarine c-link\" rel=\"noopener\">Etats-Unis<\/a>, la pr\u00e9sidente de la Commission europ\u00e9enne avait critiqu\u00e9 cette d\u00e9cision tout en d\u00e9clarant que l\u2019UE \u00e9tait pr\u00eate \u00e0 \u00ab\u00a0poursuivre le travail vers un accord\u00a0\u00bb commercial avec Washington d\u2019ici le 1er\u00a0ao\u00fbt. Mais elle avait aussi rappel\u00e9 que l\u2019UE \u00e9tait pr\u00eate \u00e0 prendre \u00ab\u00a0toutes les mesures n\u00e9cessaires pour sauvegarder [ses] int\u00e9r\u00eats, y compris l\u2019adoption de contre-mesures proportionn\u00e9es si cela s\u2019av\u00e8re n\u00e9cessaire\u00a0\u00bb.<\/p>\n<p>La suspension des contre-mesures prolong\u00e9e<\/p>\n<p>En attendant, la pr\u00e9sidente de la <a href=\"https:\/\/www.20minutes.fr\/dossier\/commission_europeenne\" target=\"_blank\" class=\"color-ultramarine c-link\" rel=\"noopener\">Commission europ\u00e9enne<\/a> a d\u00e9clar\u00e9 ce dimanche que Bruxelles allait prolonger la suspension des contre-mesures aux droits de douane am\u00e9ricains sur l\u2019acier et l\u2019aluminium, qui devait expirer dans la nuit de lundi \u00e0 mardi. \u00ab\u00a0Les Etats-Unis nous ont envoy\u00e9 une lettre avec des mesures qui entreraient en vigueur sauf s\u2019il y a une solution n\u00e9goci\u00e9e, c\u2019est pourquoi nous prolongerons \u00e9galement la suspension de nos contre-mesures jusqu\u2019au d\u00e9but du mois d\u2019ao\u00fbt\u00a0\u00bb, a d\u00e9clar\u00e9 Ursula von\u00a0der\u00a0Leyen.<\/p>\n<p>Ce qui n\u2019emp\u00eache pas l\u2019UE de \u00ab\u00a0pr\u00e9parer des contre-mesures afin d\u2019\u00eatre pleinement pr\u00eats\u00a0\u00bb, a-t-elle ajout\u00e9. Bruxelles a notamment pr\u00e9par\u00e9 des droits de douane sur des produits am\u00e9ricains d\u2019une valeur d\u2019environ 21\u00a0milliards d\u2019euros, en r\u00e9ponse aux droits de douane de 25\u00a0% impos\u00e9s par Donald Trump plus t\u00f4t dans l\u2019ann\u00e9e sur les importations d\u2019acier et d\u2019aluminium. Mais elle a annonc\u00e9 en avril suspendre ces mesures pour laisser la place \u00e0 un accord commercial plus large avec l\u2019administration Trump.<\/p>\n<p>Une marge de man\u0153uvre sur les services<\/p>\n<p>La nouvelle surench\u00e8re de Donald Trump a suscit\u00e9 de vives r\u00e9actions en Europe, o\u00f9 des secteurs essentiels de l\u2019\u00e9conomie pourraient \u00eatre frapp\u00e9s, comme les voitures, les m\u00e9dicaments, les avions ou encore les vins. Le locataire de la Maison-Blanche justifie notamment ces mesures par l\u2019exc\u00e9dent commercial de l\u2019UE avec les \u00c9tats-Unis, qui a atteint 50\u00a0milliards d\u2019euros en\u00a02024, selon des chiffres du Conseil de l\u2019Union europ\u00e9enne.<\/p>\n<p><a href=\"https:\/\/www.20minutes.fr\/economie\/droits-douane-americains\/\" target=\"_blank\" class=\"c-link c-btn c-btn--primary\" rel=\"noopener\">Notre dossier sur les droits de douane am\u00e9ricains<\/a><\/p>\n<p>Mais en ne prenant en compte que les services, la tendance s\u2019inverse\u00a0: les 27 ont un d\u00e9ficit commercial de 150\u00a0milliards. La <a href=\"https:\/\/www.20minutes.fr\/hightech\/\" target=\"_blank\" class=\"color-ultramarine c-link\" rel=\"noopener\">tech <\/a>p\u00e8se particuli\u00e8rement lourd, \u00e0 travers la r\u00e9mun\u00e9ration des services informatiques et de l\u2019usage de logiciels am\u00e9ricains. Pour Kaja Kallas, l\u2019UE dispose d\u2019une marge de man\u0153uvre dans ce secteur pour r\u00e9pliquer face \u00e0 l\u2019offensive douani\u00e8re am\u00e9ricaine. \u00ab\u00a0Reste \u00e0 savoir si nous sommes pr\u00eats \u00e0 faire quelque chose\u00a0\u00bb, a-t-elle toutefois d\u00e9clar\u00e9 \u00e0 La Tribune Dimanche.<\/p>\n","protected":false},"excerpt":{"rendered":"Les 27 sortent les dents apr\u00e8s les annonces am\u00e9ricaines. La cheffe de la diplomatie europ\u00e9enne, Kaja Kallas, a&hellip;\n","protected":false},"author":2,"featured_media":247956,"comment_status":"","ping_status":"","sticky":false,"template":"","format":"standard","meta":{"footnotes":""},"categories":[1586],"tags":[47,11,2360,2196,75,33742,33,73,1777,674,1779,1011,27,12,25,1778,364,555,2544],"class_list":{"0":"post-247955","1":"post","2":"type-post","3":"status-publish","4":"format-standard","5":"has-post-thumbnail","7":"category-europe","8":"tag-actualite","9":"tag-actualites","10":"tag-bruxelles","11":"tag-commission-europeenne","12":"tag-donald-trump","13":"tag-droits-de-douane-americains","14":"tag-economie","15":"tag-etats-unis","16":"tag-eu","17":"tag-europe","18":"tag-european-union","19":"tag-fr","20":"tag-france","21":"tag-news","22":"tag-republique-francaise","23":"tag-ue","24":"tag-union-europeenne","25":"tag-union-europeenne-ue","26":"tag-ursula-von-der-leyen"},"share_on_mastodon":{"url":"https:\/\/pubeurope.com\/@fr\/114848001103541195","error":""},"_links":{"self":[{"href":"https:\/\/www.europesays.com\/fr\/wp-json\/wp\/v2\/posts\/247955","targetHints":{"allow":["GET"]}}],"collection":[{"href":"https:\/\/www.europesays.com\/fr\/wp-json\/wp\/v2\/posts"}],"about":[{"href":"https:\/\/www.europesays.com\/fr\/wp-json\/wp\/v2\/types\/post"}],"author":[{"embeddable":true,"href":"https:\/\/www.europesays.com\/fr\/wp-json\/wp\/v2\/users\/2"}],"replies":[{"embeddable":true,"href":"https:\/\/www.europesays.com\/fr\/wp-json\/wp\/v2\/comments?post=247955"}],"version-history":[{"count":0,"href":"https:\/\/www.europesays.com\/fr\/wp-json\/wp\/v2\/posts\/247955\/revisions"}],"wp:featuredmedia":[{"embeddable":true,"href":"https:\/\/www.europesays.com\/fr\/wp-json\/wp\/v2\/media\/247956"}],"wp:attachment":[{"href":"https:\/\/www.europesays.com\/fr\/wp-json\/wp\/v2\/media?parent=247955"}],"wp:term":[{"taxonomy":"category","embeddable":true,"href":"https:\/\/www.europesays.com\/fr\/wp-json\/wp\/v2\/categories?post=247955"},{"taxonomy":"post_tag","embeddable":true,"href":"https:\/\/www.europesays.com\/fr\/wp-json\/wp\/v2\/tags?post=247955"}],"curies":[{"name":"wp","href":"https:\/\/api.w.org\/{rel}","templated":true}]}}