{"id":247959,"date":"2025-07-13T21:17:09","date_gmt":"2025-07-13T21:17:09","guid":{"rendered":"https:\/\/www.europesays.com\/fr\/247959\/"},"modified":"2025-07-13T21:17:09","modified_gmt":"2025-07-13T21:17:09","slug":"meloni-met-en-garde-contre-une-guerre-commerciale-au-sein-de-loccident","status":"publish","type":"post","link":"https:\/\/www.europesays.com\/fr\/247959\/","title":{"rendered":"Meloni met en garde contre une \u00abguerre commerciale au sein de l&rsquo;Occident\u00bb"},"content":{"rendered":"<p class=\"fig-paragraph\">La premi\u00e8re ministre italienne Giorgia Meloni a mis en garde dimanche contre la perspective d&rsquo;une \u00abguerre commerciale au sein de l&rsquo;Occident\u00bb, au lendemain des annonces de\u00a0<a href=\"http:\/\/www.lefigaro.fr\/conjoncture\/droits-de-douane-donald-trump-annonce-une-hausse-de-30-pour-l-union-europeenne-20250712\" data-fig-type=\"NewsFlash\" data-gtm-custom-categorie=\"navigation\" data-gtm-custom-action=\"crossclick\" data-gtm-custom-label=\"Contextuel\" data-gtm-event=\"customEventSPE\" data-fig-domain=\"LEFIGARO\" rel=\"nofollow noopener\" target=\"_blank\">Donald Trump<\/a>\u00a0pr\u00e9voyant des droits de douane de 30% sur les produits de l&rsquo;Union europ\u00e9enne (UE).\u00abUne guerre commerciale au sein de l&rsquo;Occident nous affaiblirait tous face aux d\u00e9fis mondiaux auxquels nous sommes confront\u00e9s ensemble\u00bb, a d\u00e9clar\u00e9 Giorgia Meloni dans un communiqu\u00e9 diffus\u00e9 par ses services.<\/p>\n<p class=\"fig-paragraph\">\u00abL&rsquo;Europe dispose de la puissance \u00e9conomique et financi\u00e8re n\u00e9cessaire pour affirmer sa position et parvenir \u00e0 un accord \u00e9quitable et de bon sens. L&rsquo;Italie fera sa part. Comme toujours\u00bb, a-t-elle ajout\u00e9 alors que l&rsquo;UE temporise sa riposte dans l&rsquo;espoir d&rsquo;un accord.<\/p>\n<p>                                    <a class=\"fig-a11y-skip a11y-hidden\" href=\"#fig-a11y-skip-main-inarticle\"><br \/>\n        Passer la publicit\u00e9<br \/>\n    <\/a><\/p>\n<p class=\"fig-paragraph\">Donald Trump a annonc\u00e9 samedi que les produits import\u00e9s aux Etats-Unis en provenance de l&rsquo;UE et du Mexique seraient frapp\u00e9s de droits de douane de 30% \u00e0 partir du 1er ao\u00fbt.cDepuis, l&rsquo;opposition italienne a critiqu\u00e9 Mme Meloni et son parti d&rsquo;extr\u00eame droite Fratelli d&rsquo;Italia, le pr\u00e9sident du Mouvement 5 Etoiles (M5S) Giuseppe Conte l&rsquo;accusant notamment de \u00abbaisser la t\u00eate\u00bb face aux menaces de Washington.<\/p>\n<p class=\"fig-paragraph\">La pr\u00e9sidente de la Commission europ\u00e9enne Ursula von der Leyen a d\u00e9clar\u00e9 que Bruxelles n&rsquo;allait pas riposter aux droits de douane am\u00e9ricains sur l&rsquo;acier et l&rsquo;aluminium pour l&rsquo;instant, dans l&rsquo;espoir d&rsquo;obtenir un accord permettant d&rsquo;\u00e9viter de plus larges taxes de 30% sur l&rsquo;ensemble de ses produits export\u00e9s.<\/p>\n","protected":false},"excerpt":{"rendered":"La premi\u00e8re ministre italienne Giorgia Meloni a mis en garde dimanche contre la perspective d&rsquo;une \u00abguerre commerciale au&hellip;\n","protected":false},"author":2,"featured_media":247960,"comment_status":"","ping_status":"","sticky":false,"template":"","format":"standard","meta":{"footnotes":""},"categories":[2],"tags":[11,1011,27,3044,12,25],"class_list":{"0":"post-247959","1":"post","2":"type-post","3":"status-publish","4":"format-standard","5":"has-post-thumbnail","7":"category-actualites","8":"tag-actualites","9":"tag-fr","10":"tag-france","11":"tag-giorgia-meloni","12":"tag-news","13":"tag-republique-francaise"},"share_on_mastodon":{"url":"https:\/\/pubeurope.com\/@fr\/114848008953032900","error":""},"_links":{"self":[{"href":"https:\/\/www.europesays.com\/fr\/wp-json\/wp\/v2\/posts\/247959","targetHints":{"allow":["GET"]}}],"collection":[{"href":"https:\/\/www.europesays.com\/fr\/wp-json\/wp\/v2\/posts"}],"about":[{"href":"https:\/\/www.europesays.com\/fr\/wp-json\/wp\/v2\/types\/post"}],"author":[{"embeddable":true,"href":"https:\/\/www.europesays.com\/fr\/wp-json\/wp\/v2\/users\/2"}],"replies":[{"embeddable":true,"href":"https:\/\/www.europesays.com\/fr\/wp-json\/wp\/v2\/comments?post=247959"}],"version-history":[{"count":0,"href":"https:\/\/www.europesays.com\/fr\/wp-json\/wp\/v2\/posts\/247959\/revisions"}],"wp:featuredmedia":[{"embeddable":true,"href":"https:\/\/www.europesays.com\/fr\/wp-json\/wp\/v2\/media\/247960"}],"wp:attachment":[{"href":"https:\/\/www.europesays.com\/fr\/wp-json\/wp\/v2\/media?parent=247959"}],"wp:term":[{"taxonomy":"category","embeddable":true,"href":"https:\/\/www.europesays.com\/fr\/wp-json\/wp\/v2\/categories?post=247959"},{"taxonomy":"post_tag","embeddable":true,"href":"https:\/\/www.europesays.com\/fr\/wp-json\/wp\/v2\/tags?post=247959"}],"curies":[{"name":"wp","href":"https:\/\/api.w.org\/{rel}","templated":true}]}}