{"id":247965,"date":"2025-07-13T21:21:16","date_gmt":"2025-07-13T21:21:16","guid":{"rendered":"https:\/\/www.europesays.com\/fr\/247965\/"},"modified":"2025-07-13T21:21:16","modified_gmt":"2025-07-13T21:21:16","slug":"la-legende-hansen-est-impressionnee-par-un-jeune-joueur-tricolore","status":"publish","type":"post","link":"https:\/\/www.europesays.com\/fr\/247965\/","title":{"rendered":"la l\u00e9gende Hansen est impressionn\u00e9e par un jeune joueur tricolore"},"content":{"rendered":"<p>Son avis compte toujours autant. Double champion du monde en 2011 puis 2015 \u00e0 la t\u00eate des All Blacks, Steve Hansen s\u2019est depuis exil\u00e9 au Japon, o\u00f9 il entra\u00eene les Toyota Verblitz. Alors que le championnat est aujourd\u2019hui arr\u00eat\u00e9, le technicien est revenu dans son pays o\u00f9 il suit avec attention les premiers matchs de la s\u00e9lection.<\/p>\n<p>Hansen sous le charme d\u2019Attissogb\u00e9 et Guillard<\/p>\n<p>Apr\u00e8s une courte victoire face \u00e0 un XV de France remani\u00e9, les hommes de Scott Robertson sont monte\u00e9s en puissance ce samedi \u00e0 Wellington pour faire taire les critiques (43-17) . De son c\u00f4t\u00e9, Steve Hansen a \u00e9t\u00e9 bluff\u00e9 par deux jeunes joueurs fran\u00e7ais sur ce premier test, comme il l\u2019a confi\u00e9 \u00e0 <a href=\"https:\/\/www.rugbyrama.fr\/2025\/07\/10\/entretien-steve-hansen-theo-attissogbe-xv-de-france-me-plait-beaucoup-12815155.php\" rel=\"nofollow noopener\" target=\"_blank\">Midi Olympique.<\/a><\/p>\n<blockquote>\n<p>\u00ab\u00a0C\u2019\u00e9tait un super match de rugby. Les Fran\u00e7ais ont montr\u00e9 beaucoup d\u2019envie, avec notamment d\u2019excellents joueurs comme leur num\u00e9ro\u00a015, Attissogbe, ou le num\u00e9ro\u00a08, Guillard. Le premier est non seulement tr\u00e8s bon sous les ballons hauts mais tr\u00e8s cr\u00e9atif, dans le jeu courant. Il relance, mord dans la ligne et me pla\u00eet beaucoup. Guillard, lui, a concentr\u00e9 beaucoup de d\u00e9fenseurs n\u00e9o-z\u00e9landais avec de bonnes charges. Il a fait mal.\u00a0\u00bb<\/p>\n<\/blockquote>\n<p>Partagez cette info avec vos amis et vos proches en cliquant ici<br \/>Pour r\u00e9sumer<\/p>\n<p>Le double champion du monde n\u00e9o-z\u00e9landais Steve Hansen garde un \u0153il affut\u00e9 sur la tourn\u00e9e des Bleus en Nouvelle-Z\u00e9lande. L\u2019ancien s\u00e9lectionneur des All Blacks est impressionn\u00e9 par un jeune joueur fran\u00e7ais, \u00e0 savoir Th\u00e9o Attissogb\u00e9.<\/p>\n<p> <img decoding=\"async\" width=\"76\" height=\"76\" loading=\"lazy\" src=\"https:\/\/www.europesays.com\/fr\/wp-content\/uploads\/2025\/04\/avatar-quinze.png\" alt=\"Arnaud D\u00e9chelotte\"\/><\/p>\n","protected":false},"excerpt":{"rendered":"Son avis compte toujours autant. Double champion du monde en 2011 puis 2015 \u00e0 la t\u00eate des All&hellip;\n","protected":false},"author":2,"featured_media":247966,"comment_status":"","ping_status":"","sticky":false,"template":"","format":"standard","meta":{"footnotes":""},"categories":[1416],"tags":[1011,27,479,1468,60],"class_list":{"0":"post-247965","1":"post","2":"type-post","3":"status-publish","4":"format-standard","5":"has-post-thumbnail","7":"category-rugby","8":"tag-fr","9":"tag-france","10":"tag-rugby","11":"tag-rugby-football","12":"tag-sports"},"share_on_mastodon":{"url":"https:\/\/pubeurope.com\/@fr\/114848024775063927","error":""},"_links":{"self":[{"href":"https:\/\/www.europesays.com\/fr\/wp-json\/wp\/v2\/posts\/247965","targetHints":{"allow":["GET"]}}],"collection":[{"href":"https:\/\/www.europesays.com\/fr\/wp-json\/wp\/v2\/posts"}],"about":[{"href":"https:\/\/www.europesays.com\/fr\/wp-json\/wp\/v2\/types\/post"}],"author":[{"embeddable":true,"href":"https:\/\/www.europesays.com\/fr\/wp-json\/wp\/v2\/users\/2"}],"replies":[{"embeddable":true,"href":"https:\/\/www.europesays.com\/fr\/wp-json\/wp\/v2\/comments?post=247965"}],"version-history":[{"count":0,"href":"https:\/\/www.europesays.com\/fr\/wp-json\/wp\/v2\/posts\/247965\/revisions"}],"wp:featuredmedia":[{"embeddable":true,"href":"https:\/\/www.europesays.com\/fr\/wp-json\/wp\/v2\/media\/247966"}],"wp:attachment":[{"href":"https:\/\/www.europesays.com\/fr\/wp-json\/wp\/v2\/media?parent=247965"}],"wp:term":[{"taxonomy":"category","embeddable":true,"href":"https:\/\/www.europesays.com\/fr\/wp-json\/wp\/v2\/categories?post=247965"},{"taxonomy":"post_tag","embeddable":true,"href":"https:\/\/www.europesays.com\/fr\/wp-json\/wp\/v2\/tags?post=247965"}],"curies":[{"name":"wp","href":"https:\/\/api.w.org\/{rel}","templated":true}]}}