{"id":247967,"date":"2025-07-13T21:22:14","date_gmt":"2025-07-13T21:22:14","guid":{"rendered":"https:\/\/www.europesays.com\/fr\/247967\/"},"modified":"2025-07-13T21:22:14","modified_gmt":"2025-07-13T21:22:14","slug":"a-bientot-le-tennis-a-bientot-mon-amour-le-message-de-fognini-apres-avoir-confirme-sa-retraite","status":"publish","type":"post","link":"https:\/\/www.europesays.com\/fr\/247967\/","title":{"rendered":"\u00ab \u00c0 bient\u00f4t le tennis, \u00e0 bient\u00f4t mon amour \u00bb, le message de Fognini apr\u00e8s avoir confirm\u00e9 sa retraite"},"content":{"rendered":"<p>                <img decoding=\"async\" src=\"https:\/\/www.europesays.com\/fr\/wp-content\/uploads\/2025\/07\/FKVL.jpg\" alt=\"\u00ab \u00c0 bient\u00f4t le tennis, \u00e0 bient\u00f4t mon amour \u00bb, le message de Fognini apr\u00e8s avoir confirm\u00e9 sa retraite\"\/><\/p>\n<p>Fabio Fognini est d\u00e9sormais \u00e0 la retraite. \u00c0 38 ans, le joueur italien, ancien 9e mondial et vainqueur du Masters 1000 de Monte-Carlo en 2019, a disput\u00e9 son dernier match au premier tour de Wimbledon.<\/p>\n<p>Fognini a donn\u00e9 du fil \u00e0 retordre \u00e0 Carlos Alcaraz, double tenant du titre, mais a fini par c\u00e9der en cinq manches apr\u00e8s pr\u00e8s de 4h30 de jeu (7-5, 6-7, 7-5, 2-6, 6-1). Apr\u00e8s avoir officialis\u00e9 la fin de sa carri\u00e8re en conf\u00e9rence de presse quelques jours apr\u00e8s sa d\u00e9faite, le principal int\u00e9ress\u00e9 a publi\u00e9 un message sur ses r\u00e9seaux sociaux, 21 ans apr\u00e8s ses d\u00e9buts sur le circuit.<\/p>\n<p>\u00ab Bonjour \u00e0 tous, Apr\u00e8s quelques jours de r\u00e9flexion, j&rsquo;ai \u00e9crit cette pens\u00e9e pour vous. Ce moment est arriv\u00e9 et, au fond de moi, m\u00eame si je savais qu&rsquo;il arriverait, une partie de moi esp\u00e9rait qu&rsquo;il n&rsquo;arrive jamais.<\/p>\n<p>La d\u00e9cision n&rsquo;a pas \u00e9t\u00e9 facile \u00e0 prendre, mais je sens que c&rsquo;est le bon moment. Le tennis a \u00e9t\u00e9 mon univers : il m&rsquo;a fa\u00e7onn\u00e9, m&rsquo;a fait grandir, m&rsquo;a appris la r\u00e9sistance, la force et la patience, dans les victoires comme dans les d\u00e9faites. Il m&rsquo;a apport\u00e9 bien plus que ce que j&rsquo;aurais pu imaginer et je lui en serai toujours reconnaissant.<\/p>\n<p>Merci \u00e0 tous les entra\u00eeneurs, collaborateurs et sponsors qui m&rsquo;ont accompagn\u00e9 tout au long de mon parcours. Merci \u00e0 mes amis et \u00e0 tous ceux qui m&rsquo;ont soutenu, dans les jours heureux comme dans les plus difficiles. Votre affection a rendu ce voyage inoubliable. Et puis la famille, le pilier de tous mes succ\u00e8s. Merci maman et merci papa : sans vous, rien n&rsquo;aurait \u00e9t\u00e9 possible.<\/p>\n<p>Et \u00e0 toi, petite s\u0153ur, merci d&rsquo;avoir toujours \u00e9t\u00e9 mon premier soutien. Flavia (Pennetta), tu es la femme, la maman et la partenaire de vie dont j&rsquo;ai toujours r\u00eav\u00e9. Tu as \u00e9t\u00e9, tu es et tu seras ma r\u00e9f\u00e9rence. Merci de m&rsquo;avoir donn\u00e9 une famille de r\u00eave : trois beaux enfants qui sont ma raison de vivre.<\/p>\n<p>Un chapitre important de ma vie se ferme. Je pars le c\u0153ur plein de joie, fier du chemin parcouru et curieux de d\u00e9couvrir ce que l&rsquo;avenir me r\u00e9serve. Une chose est s\u00fbre : mon lien avec le tennis ne s&rsquo;arr\u00eate pas l\u00e0. \u00c0 bient\u00f4t le tennis, \u00e0 bient\u00f4t mon amour \u00bb, a \u00e9crit Fognini sur son compte Instagram.<\/p>\n","protected":false},"excerpt":{"rendered":"Fabio Fognini est d\u00e9sormais \u00e0 la retraite. \u00c0 38 ans, le joueur italien, ancien 9e mondial et vainqueur&hellip;\n","protected":false},"author":2,"featured_media":247968,"comment_status":"","ping_status":"","sticky":false,"template":"","format":"standard","meta":{"footnotes":""},"categories":[1415],"tags":[1011,27,60,1467],"class_list":{"0":"post-247967","1":"post","2":"type-post","3":"status-publish","4":"format-standard","5":"has-post-thumbnail","7":"category-tennis","8":"tag-fr","9":"tag-france","10":"tag-sports","11":"tag-tennis"},"share_on_mastodon":{"url":"https:\/\/pubeurope.com\/@fr\/114848028642046524","error":""},"_links":{"self":[{"href":"https:\/\/www.europesays.com\/fr\/wp-json\/wp\/v2\/posts\/247967","targetHints":{"allow":["GET"]}}],"collection":[{"href":"https:\/\/www.europesays.com\/fr\/wp-json\/wp\/v2\/posts"}],"about":[{"href":"https:\/\/www.europesays.com\/fr\/wp-json\/wp\/v2\/types\/post"}],"author":[{"embeddable":true,"href":"https:\/\/www.europesays.com\/fr\/wp-json\/wp\/v2\/users\/2"}],"replies":[{"embeddable":true,"href":"https:\/\/www.europesays.com\/fr\/wp-json\/wp\/v2\/comments?post=247967"}],"version-history":[{"count":0,"href":"https:\/\/www.europesays.com\/fr\/wp-json\/wp\/v2\/posts\/247967\/revisions"}],"wp:featuredmedia":[{"embeddable":true,"href":"https:\/\/www.europesays.com\/fr\/wp-json\/wp\/v2\/media\/247968"}],"wp:attachment":[{"href":"https:\/\/www.europesays.com\/fr\/wp-json\/wp\/v2\/media?parent=247967"}],"wp:term":[{"taxonomy":"category","embeddable":true,"href":"https:\/\/www.europesays.com\/fr\/wp-json\/wp\/v2\/categories?post=247967"},{"taxonomy":"post_tag","embeddable":true,"href":"https:\/\/www.europesays.com\/fr\/wp-json\/wp\/v2\/tags?post=247967"}],"curies":[{"name":"wp","href":"https:\/\/api.w.org\/{rel}","templated":true}]}}