{"id":247969,"date":"2025-07-13T21:24:11","date_gmt":"2025-07-13T21:24:11","guid":{"rendered":"https:\/\/www.europesays.com\/fr\/247969\/"},"modified":"2025-07-13T21:24:11","modified_gmt":"2025-07-13T21:24:11","slug":"alex-marquez-2e-reconnait-quil-fallait-survivre-au-sachsenring","status":"publish","type":"post","link":"https:\/\/www.europesays.com\/fr\/247969\/","title":{"rendered":"\u00c1lex M\u00e1rquez, 2e, reconna\u00eet qu&rsquo;il fallait survivre au Sachsenring"},"content":{"rendered":"<p>Voil\u00e0 une belle mani\u00e8re de c\u00e9l\u00e9brer son 100e Grand Prix en <a href=\"https:\/\/www.autohebdo.fr\/actualites\/motogp\" data-internallinksmanager029f6b8e52c=\"4\" title=\"MotoGP\" rel=\"nofollow noopener\" target=\"_blank\">MotoGP<\/a> ! Deux semaines apr\u00e8s sa lourde chute \u00e0 Assen et alors qu\u2019il ne partait que sixi\u00e8me, \u00c1lex M\u00e1rquez est parvenu \u00e0 remonter jusqu\u2019\u00e0 la deuxi\u00e8me place au Sachsenring. Tout sourire \u00e0 l\u2019arriv\u00e9e, le pilote Gresini maintenait tout de m\u00eame une poche de glace sur sa main gauche, signe qu\u2019il a pilot\u00e9 avec des s\u00e9quelles de son accident aux Pays-Bas.<\/p>\n<p>Une nouvelle fois dauphin de son fr\u00e8re, \u00c1lex M\u00e1rquez continue de s\u2019affirmer comme le deuxi\u00e8me homme de cette saison 2025, devan\u00e7ant \u00e0 nouveau un Francesco Bagnaia impuissant. Certes, l\u2019Espagnol a profit\u00e9 des chutes, mais il a aussi su les \u00e9viter et ne pas se laisser emporter. \u00ab\u00a0Je me suis donn\u00e9 \u00e0 100% chez moi puis en piste, confiait-il au micro de Canal+. J\u2019ai aussi \u00e9t\u00e9 un peu chanceux parce qu\u2019il y a eu des chutes devant moi, mais c\u2019est la course.\u00a0\u00bb<\/p>\n<p><b>Au regard de sa blessure, \u00c1lex M\u00e1rquez a de quoi \u00eatre satisfait<\/b><\/p>\n<p>Le Grand Prix d\u2019Allemagne ressemblait plus \u00e0 une course par \u00e9limination qu\u2019autre chose, bien qu\u2019il ait \u00e9t\u00e9 disput\u00e9 sur une piste s\u00e8che, contrairement \u00e0 la Course Sprint. \u00ab\u00a0Aujourd\u2019hui, le plus important, c\u2019\u00e9tait de survivre, confirmait M\u00e1rquez. Je suis tr\u00e8s heureux, c\u2019est incroyable d\u2019\u00eatre ici, je remercie tous ceux qui ont rendu cela possible : les docteurs, les physioth\u00e9rapeutes\u2026\u00a0\u00bb<\/p>\n<p>Apr\u00e8s deux semaines de r\u00e9cup\u00e9ration \u00e9clair suite \u00e0 son op\u00e9ration, l\u2019Espagnol se r\u00e9jouissait autant du chemin parcouru que du r\u00e9sultat. \u00ab\u00a0Je suis venu au Sachsenring pour marquer des points, et je finis sur le podium, souriait-il. C\u2019\u00e9tait dur physiquement, mais aussi mentalement : le docteur m\u2019a dit plusieurs fois de ne surtout pas tomber.\u00a0\u00bb<\/p>\n<p>Au championnat, \u00c1lex M\u00e1rquez compte d\u00e9sormais 83 points de retard sur son fr\u00e8re, soit un \u00e9cart qui semble impossible \u00e0 combler. En revanche, il continue de creuser l\u2019\u00e9cart sur Bagnaia : 64 unit\u00e9s s\u00e9parent d\u00e9sormais les deux hommes, \u00e0 l\u2019avantage de celui qui pilote la Ducati GP24. Le doubl\u00e9 M\u00e1rquez au championnat peut-il encore \u00eatre \u00e9vit\u00e9 ?<\/p>\n<p><strong>\u00c0 LIRE AUSSI &gt; <a href=\"https:\/\/www.autohebdo.fr\/actualites\/motogp\/marc-marquez-en-pleine-confiance-apres-sa-nouvelle-victoire-au-gp-dallemagne.html\" rel=\"nofollow noopener\" target=\"_blank\">Marc M\u00e1rquez \u00ab en pleine confiance \u00bb apr\u00e8s sa nouvelle victoire au GP d\u2019Allemagne<\/a><\/strong><\/p>\n","protected":false},"excerpt":{"rendered":"Voil\u00e0 une belle mani\u00e8re de c\u00e9l\u00e9brer son 100e Grand Prix en MotoGP ! Deux semaines apr\u00e8s sa lourde&hellip;\n","protected":false},"author":2,"featured_media":247287,"comment_status":"","ping_status":"","sticky":false,"template":"","format":"standard","meta":{"footnotes":""},"categories":[1413],"tags":[1011,27,1457,1456,60],"class_list":{"0":"post-247969","1":"post","2":"type-post","3":"status-publish","4":"format-standard","5":"has-post-thumbnail","7":"category-moto","8":"tag-fr","9":"tag-france","10":"tag-moto","11":"tag-motocycle","12":"tag-sports"},"share_on_mastodon":{"url":"https:\/\/pubeurope.com\/@fr\/114848036493755878","error":""},"_links":{"self":[{"href":"https:\/\/www.europesays.com\/fr\/wp-json\/wp\/v2\/posts\/247969","targetHints":{"allow":["GET"]}}],"collection":[{"href":"https:\/\/www.europesays.com\/fr\/wp-json\/wp\/v2\/posts"}],"about":[{"href":"https:\/\/www.europesays.com\/fr\/wp-json\/wp\/v2\/types\/post"}],"author":[{"embeddable":true,"href":"https:\/\/www.europesays.com\/fr\/wp-json\/wp\/v2\/users\/2"}],"replies":[{"embeddable":true,"href":"https:\/\/www.europesays.com\/fr\/wp-json\/wp\/v2\/comments?post=247969"}],"version-history":[{"count":0,"href":"https:\/\/www.europesays.com\/fr\/wp-json\/wp\/v2\/posts\/247969\/revisions"}],"wp:featuredmedia":[{"embeddable":true,"href":"https:\/\/www.europesays.com\/fr\/wp-json\/wp\/v2\/media\/247287"}],"wp:attachment":[{"href":"https:\/\/www.europesays.com\/fr\/wp-json\/wp\/v2\/media?parent=247969"}],"wp:term":[{"taxonomy":"category","embeddable":true,"href":"https:\/\/www.europesays.com\/fr\/wp-json\/wp\/v2\/categories?post=247969"},{"taxonomy":"post_tag","embeddable":true,"href":"https:\/\/www.europesays.com\/fr\/wp-json\/wp\/v2\/tags?post=247969"}],"curies":[{"name":"wp","href":"https:\/\/api.w.org\/{rel}","templated":true}]}}