{"id":247984,"date":"2025-07-13T21:33:22","date_gmt":"2025-07-13T21:33:22","guid":{"rendered":"https:\/\/www.europesays.com\/fr\/247984\/"},"modified":"2025-07-13T21:33:22","modified_gmt":"2025-07-13T21:33:22","slug":"dix-seances-pour-le-festival-du-dessin-anime-a-tence-du-23-au-29-juillet","status":"publish","type":"post","link":"https:\/\/www.europesays.com\/fr\/247984\/","title":{"rendered":"Dix s\u00e9ances pour le Festival du dessin anim\u00e9 \u00e0 Tence du 23 au 29 juillet"},"content":{"rendered":"<p>\t\t\t\t\t\t\t\t\t\t\t\t\t\t\t\t\t\t\t\t\t\t\t\t\t\t\t\t\t\t\t\t\t\t\t\t\t\t\t\t\t\t\t\t\t\t<img decoding=\"async\" src=\"https:\/\/www.europesays.com\/fr\/wp-content\/uploads\/2025\/07\/CARRE.gif\" alt=\"Annonces l\u00e9gales Une\"\/><\/p>\n<p>\t\t\t\t\t\t\t\t\t\t\t\t\t\t\t\t\t\t\t\t\t\t\t\t\t\t\t\t\t\t\t\t\t\t\t\t\t\t\t\t\t\t\t\t\t\t<img decoding=\"async\" src=\"https:\/\/www.europesays.com\/fr\/wp-content\/uploads\/2025\/07\/carre_copy_copy.gif\" alt=\"Fraisse David carr\u00e9 2024\"\/><\/p>\n<p><strong>Le Festival du dessin anim\u00e9 2025 de Cin\u00e9 Tence se d\u00e9roule du mercredi 23 au mardi 29 juillet.<\/strong><\/p>\n<p>Au programme, des films d&rsquo;animation pour tous les \u00e2ges : \u00ab\u00a0Elio\u00a0\u00bb, \u00ab\u00a0Buffalo Kids\u00a0\u00bb, \u00ab\u00a0Falcon Express\u00a0\u00bb, \u00ab\u00a0Maya, donne-moi un autre titre\u00a0\u00bb, \u00ab\u00a0Le tigre qui s&rsquo;invita pour le th\u00e9\u00a0\u00bb, \u00ab\u00a0Le Gruffalo\u00a0\u00bb, \u00ab\u00a0Shaun le mouton, la Ferme en folie, en avant-premi\u00e8re\u00a0\u00bb, \u00ab\u00a0Wallace et Gromit, les Inventuriers\u00a0\u00bb, \u00ab\u00a0Am\u00e9lie et la M\u00e9taphysique des tubes\u00a0\u00bb, \u00ab\u00a0Rock Bottom (ados-adultes)\u00a0\u00bb.<\/p>\n<p>A retrouver aussi \u00ab\u00a0Les Bravos\u00a0\u00bb du festival du Puy-en-Velay Court Mais Bon 2025. L&rsquo;association Le Disjoncteur sera pr\u00e9sente aux deux projections pour pr\u00e9senter ces courts-m\u00e9trages prim\u00e9s des plus grandes \u00e9coles internationales.<\/p>\n<p>Mais aussi des s\u00e9ances cin\u00e9-go\u00fbters, des projections suivies d&rsquo;une animation \u00ab\u00a0Gentils Monstres\u00a0\u00bb et le traditionnel jeu-concours.<\/p>\n<p>Retrouvez le programme complet sur <a href=\"https:\/\/www.cc-hautlignon.fr\/wp-content\/uploads\/2025\/06\/Programme_Festival_du_dessin_anime_-du-23-au-29-juillet_2025.pdf\" target=\"_blank\" rel=\"noopener\"><a href=\"https:\/\/www.cc-hautlignon.fr\/wp-content\/uploads\/2025\/06\/Programme_Festival_du_dessin_anime_-du-23-au-29-juillet_2025.pdf\" target=\"_blank\" rel=\"noopener\">https:\/\/www.cc-hautlignon.fr\/wp-content\/uploads\/2025\/06\/Programme_Festival_du_dessin_anime_-du-23-au-29-juillet_2025.pdf<\/a><\/p>\n","protected":false},"excerpt":{"rendered":"Le Festival du dessin anim\u00e9 2025 de Cin\u00e9 Tence se d\u00e9roule du mercredi 23 au mardi 29 juillet.&hellip;\n","protected":false},"author":2,"featured_media":247985,"comment_status":"","ping_status":"","sticky":false,"template":"","format":"standard","meta":{"footnotes":""},"categories":[1354],"tags":[2281,58,59,2282,1346,1011,27,2280,2284,2285,2283,1360],"class_list":{"0":"post-247984","1":"post","2":"type-post","3":"status-publish","4":"format-standard","5":"has-post-thumbnail","7":"category-films","8":"tag-actualite-43","9":"tag-divertissement","10":"tag-entertainment","11":"tag-faits-divers-auvergne","12":"tag-films","13":"tag-fr","14":"tag-france","15":"tag-information-haute-loire","16":"tag-infos-43","17":"tag-journal-haute-loire","18":"tag-la-commere-43","19":"tag-movies"},"share_on_mastodon":{"url":"https:\/\/pubeurope.com\/@fr\/114848071944552865","error":""},"_links":{"self":[{"href":"https:\/\/www.europesays.com\/fr\/wp-json\/wp\/v2\/posts\/247984","targetHints":{"allow":["GET"]}}],"collection":[{"href":"https:\/\/www.europesays.com\/fr\/wp-json\/wp\/v2\/posts"}],"about":[{"href":"https:\/\/www.europesays.com\/fr\/wp-json\/wp\/v2\/types\/post"}],"author":[{"embeddable":true,"href":"https:\/\/www.europesays.com\/fr\/wp-json\/wp\/v2\/users\/2"}],"replies":[{"embeddable":true,"href":"https:\/\/www.europesays.com\/fr\/wp-json\/wp\/v2\/comments?post=247984"}],"version-history":[{"count":0,"href":"https:\/\/www.europesays.com\/fr\/wp-json\/wp\/v2\/posts\/247984\/revisions"}],"wp:featuredmedia":[{"embeddable":true,"href":"https:\/\/www.europesays.com\/fr\/wp-json\/wp\/v2\/media\/247985"}],"wp:attachment":[{"href":"https:\/\/www.europesays.com\/fr\/wp-json\/wp\/v2\/media?parent=247984"}],"wp:term":[{"taxonomy":"category","embeddable":true,"href":"https:\/\/www.europesays.com\/fr\/wp-json\/wp\/v2\/categories?post=247984"},{"taxonomy":"post_tag","embeddable":true,"href":"https:\/\/www.europesays.com\/fr\/wp-json\/wp\/v2\/tags?post=247984"}],"curies":[{"name":"wp","href":"https:\/\/api.w.org\/{rel}","templated":true}]}}