{"id":247988,"date":"2025-07-13T21:36:11","date_gmt":"2025-07-13T21:36:11","guid":{"rendered":"https:\/\/www.europesays.com\/fr\/247988\/"},"modified":"2025-07-13T21:36:11","modified_gmt":"2025-07-13T21:36:11","slug":"laure-et-matthieu-six-mois-apres-leur-rupture-le-couple-star-de-maries-au-premier-regard-a-nouveau-reuni","status":"publish","type":"post","link":"https:\/\/www.europesays.com\/fr\/247988\/","title":{"rendered":"Laure et Matthieu : six mois apr\u00e8s leur rupture, le couple star de \u00ab\u00a0Mari\u00e9s au premier regard\u00a0\u00bb \u00e0 nouveau r\u00e9uni"},"content":{"rendered":"<p>On pensait leur histoire termin\u00e9e pour de bon. Et pourtant\u2026 Six semaines <strong>apr\u00e8s avoir annonc\u00e9 leur rupture,<\/strong> Laure et Matthieu, couple embl\u00e9matique de Mari\u00e9s au premier regard, se sont retrouv\u00e9s pour un moment tout particulier. Ce dimanche 13 juillet 2025, les deux ex ont <strong>mis leurs diff\u00e9rends de c\u00f4t\u00e9 pour se r\u00e9unir. <\/strong>Souvenez-vous, c\u2019\u00e9tait en 2021, dans la saison 5 de l\u2019\u00e9mission diffus\u00e9e sur M6, que Laure et Matthieu avaient \u00e9t\u00e9 r\u00e9unis par les experts. Entre eux, la magie avait op\u00e9r\u00e9 tout de suite : mariage \u00e0 la t\u00e9l\u00e9, love story sinc\u00e8re, premiers pas \u00e0 deux puis \u00e0 trois, et m\u00eame \u00e0 quatre\u2026 Le conte de f\u00e9es <strong>paraissait in\u00e9branlable. <\/strong>Et pourtant, la r\u00e9alit\u00e9 a fini par les rattraper.<\/p>\n<p>Laure et Matthieu : une rupture d\u00e9chirante <\/p>\n<p>Le 1er juin dernier, Laure Larrory a pris tout le monde de court en <strong>annon\u00e7ant leur s\u00e9paration sur Instagram. <\/strong>Un message long, poignant, dans lequel elle se livrait avec beaucoup de sinc\u00e9rit\u00e9 : \u00ab\u00a0Depuis longtemps, j\u2019ai essay\u00e9 de comprendre, de faire tenir, de ne pas baisser les bras. J\u2019ai esp\u00e9r\u00e9. J\u2019ai cru que l\u2019amour pouvait suffire (\u2026) Mais parfois, <strong>\u00e0 force de porter seul, <\/strong>on finit par se perdre soi-m\u00eame.\u201d\u00a0\u00bb. Des mots forts, suivis d\u2019une pr\u00e9cision qui n\u2019a \u00e9chapp\u00e9 \u00e0 personne : \u00ab\u00a0Cette d\u00e9cision ne m\u2019appartient pas enti\u00e8rement. Elle s\u2019est construite dans les silences, <strong>les d\u00e9calages, les blessures.\u00a0\u00bb.<\/strong><\/p>\n<p>Ce message, partag\u00e9 avec <strong>ses 615 000 abonn\u00e9s, <\/strong>a provoqu\u00e9 une vague d\u2019\u00e9motion. Car avec leurs deux filles, Lya (bient\u00f4t 4 ans) et Rose (tout juste un an), Laure et Matthieu semblaient \u00eatre <strong>l\u2019un des rares couples durables<\/strong> issus de la t\u00e9l\u00e9-r\u00e9alit\u00e9. Peu apr\u00e8s, la jeune maman a pris <a href=\"https:\/\/www.public.fr\/laure-et-matthieu-de-maries-au-premier-regard-apres-la-rupture-le-lifting-mammaire\" rel=\"nofollow noopener\" target=\"_blank\">une grosse d\u00e9cision qui marquait son nouveau d\u00e9part.<\/a><\/p>\n<p>S\u00e9par\u00e9s, mais soud\u00e9s : les deux ex r\u00e9unis pour f\u00eater l\u2019anniversaire de leur fille<\/p>\n<p>Malgr\u00e9 les blessures, les deux parents font front pour le bien de leurs enfants. Depuis leur s\u00e9paration, ils ont <strong>opt\u00e9 pour une garde altern\u00e9e, <\/strong>une semaine sur deux, avec partage \u00e9quitable des vacances scolaires. Une organisation pas toujours simple, mais qu\u2019ils semblent <strong>g\u00e9rer avec intelligence et respect. <\/strong>Ce samedi 12 juillet, Laure a surpris ses fans en annon\u00e7ant en story Instagram qu\u2019elle quittait le camping o\u00f9 elle passait ses vacances avec ses filles et sa m\u00e8re, direction Nancy : \u00ab\u00a0Avec ma m\u00e8re et les petites, <strong>on va commencer \u00e0 remonter aujourd\u2019hui <\/strong>en esp\u00e9rant qu\u2019il n\u2019y ait pas trop de monde sur la route.\u00a0\u00bb.<\/p>\n<p>Mais c\u2019est la suite qui a <strong>fait tiquer les internautes. <\/strong>Car si Matthieu devait r\u00e9cup\u00e9rer les filles le lendemain, Laure a pr\u00e9cis\u00e9 qu\u2019ils passeraient tous ensemble un moment en famille : \u00ab\u00a0Normalement, <strong>on doit manger ensemble<\/strong> et f\u00eater l\u2019anniversaire de Rose, souffler sa bougie.\u00a0\u00bb.<\/p>\n<p><img loading=\"lazy\" decoding=\"async\" width=\"582\" height=\"1024\" src=\"data:image\/svg+xml,%3Csvg%20xmlns=\" http:=\"\" alt=\"Laure et Matthieu : six mois apr\u00e8s leur rupture, le couple star de \u00ab\u00a0Mari\u00e9s au premier regard\u00a0\u00bb \u00e0 nouveau r\u00e9uni\" data-lazy- data-lazy- data-lazy-src=\"https:\/\/www.europesays.com\/fr\/wp-content\/uploads\/2025\/07\/IMG_9419-582x1024.jpeg\"\/><\/p>\n<p>\u00a9\ufe0f Screenshot Instagram \/ @laurelarroryoff<\/p>\n<p>Six semaines apr\u00e8s leur s\u00e9paration, Laure et Matthieu partagent un moment de famille \u00e9mouvant<\/p>\n<p>Depuis l\u2019annonce de leur s\u00e9paration, Laure et Matthieu ont <strong>gard\u00e9 une grande pudeur. <\/strong>Pas de d\u00e9ballage public. Matthieu s\u2019est tout de m\u00eame <a href=\"https:\/\/www.public.fr\/les-reproches-constants-matthieu-de-maries-au-premier-regard-son-message-tres-troublant-apres-la-rupture-davec-laure\" rel=\"nofollow noopener\" target=\"_blank\">exprim\u00e9 sur les raisons de leur rupture.<\/a> Malgr\u00e9 les messages ou les interrogations de leurs fans, ils n\u2019ont jamais sombr\u00e9 <strong>dans les r\u00e8glements de comptes. <\/strong>Bien au contraire. Ce d\u00e9jeuner en famille, six semaines seulement apr\u00e8s leur rupture officielle, envoie un beau message. Ils n\u2019ont peut-\u00eatre plus de futur amoureux ensemble, mais ils restent unis <strong>autour de ce qu\u2019ils ont de plus pr\u00e9cieux :<\/strong> leurs enfants.<\/p>\n<p>Alors, <strong>retour de flamme possible ? <\/strong>Ou simple entente cordiale entre ex bienveillants ? Pour le moment, l\u2019heure n\u2019est pas aux sp\u00e9culations, mais aux applaudissements. H\u00e9 oui, Laure et Matthieu prouvent qu\u2019apr\u00e8s l\u2019amour, il peut y avoir le respect, la tendresse, et <strong>une famille qui continue d\u2019exister autrement.<\/strong> Et c\u2019est touchant \u00e0 voir.<\/p>\n<p>      Mentionn\u00e9s dans cet article<\/p>\n<p>\u00c0 lire aussi<\/p>\n","protected":false},"excerpt":{"rendered":"On pensait leur histoire termin\u00e9e pour de bon. Et pourtant\u2026 Six semaines apr\u00e8s avoir annonc\u00e9 leur rupture, Laure&hellip;\n","protected":false},"author":2,"featured_media":247989,"comment_status":"","ping_status":"","sticky":false,"template":"","format":"standard","meta":{"footnotes":""},"categories":[8],"tags":[58,59,1011,27,6218],"class_list":{"0":"post-247988","1":"post","2":"type-post","3":"status-publish","4":"format-standard","5":"has-post-thumbnail","7":"category-divertissement","8":"tag-divertissement","9":"tag-entertainment","10":"tag-fr","11":"tag-france","12":"tag-maries-au-premier-regard"},"share_on_mastodon":{"url":"https:\/\/pubeurope.com\/@fr\/114848083983861277","error":""},"_links":{"self":[{"href":"https:\/\/www.europesays.com\/fr\/wp-json\/wp\/v2\/posts\/247988","targetHints":{"allow":["GET"]}}],"collection":[{"href":"https:\/\/www.europesays.com\/fr\/wp-json\/wp\/v2\/posts"}],"about":[{"href":"https:\/\/www.europesays.com\/fr\/wp-json\/wp\/v2\/types\/post"}],"author":[{"embeddable":true,"href":"https:\/\/www.europesays.com\/fr\/wp-json\/wp\/v2\/users\/2"}],"replies":[{"embeddable":true,"href":"https:\/\/www.europesays.com\/fr\/wp-json\/wp\/v2\/comments?post=247988"}],"version-history":[{"count":0,"href":"https:\/\/www.europesays.com\/fr\/wp-json\/wp\/v2\/posts\/247988\/revisions"}],"wp:featuredmedia":[{"embeddable":true,"href":"https:\/\/www.europesays.com\/fr\/wp-json\/wp\/v2\/media\/247989"}],"wp:attachment":[{"href":"https:\/\/www.europesays.com\/fr\/wp-json\/wp\/v2\/media?parent=247988"}],"wp:term":[{"taxonomy":"category","embeddable":true,"href":"https:\/\/www.europesays.com\/fr\/wp-json\/wp\/v2\/categories?post=247988"},{"taxonomy":"post_tag","embeddable":true,"href":"https:\/\/www.europesays.com\/fr\/wp-json\/wp\/v2\/tags?post=247988"}],"curies":[{"name":"wp","href":"https:\/\/api.w.org\/{rel}","templated":true}]}}