{"id":248001,"date":"2025-07-13T21:45:28","date_gmt":"2025-07-13T21:45:28","guid":{"rendered":"https:\/\/www.europesays.com\/fr\/248001\/"},"modified":"2025-07-13T21:45:28","modified_gmt":"2025-07-13T21:45:28","slug":"vtt-coline-clauzure-en-finale-b-a-aalen","status":"publish","type":"post","link":"https:\/\/www.europesays.com\/fr\/248001\/","title":{"rendered":"VTT. Coline Clauzure en finale B \u00e0 Aalen"},"content":{"rendered":"<p>Actuellement septi\u00e8me du classement g\u00e9n\u00e9ral de la coupe du monde de VTT XCE (eliminator), Coline Clauzure s\u2019est align\u00e9e au d\u00e9part de la manche de Aalen (Allemagne), ce samedi. <a href=\"https:\/\/www.estrepublicain.fr\/sport\/2025\/07\/05\/championnats-de-france-coline-clauzure-n-a-pas-reussi-a-monter-sur-le-podium\" target=\"_blank\" rel=\"noopener\">Dans la foul\u00e9e de sa cinqui\u00e8me place aux championnats de France<\/a> , la Nanc\u00e9ienne avait g\u00e9r\u00e9 sereinement cette manche de coupe du monde, jusqu\u2019\u00e0 l\u2019entame du deuxi\u00e8me tour de la demi-finale, o\u00f9 elle a vu les deux places qualificatives s\u2019\u00e9loigner inexorablement\u2026 Coline Clauzure a finalement pris la quatri\u00e8me place de la petite finale.<\/p>\n","protected":false},"excerpt":{"rendered":"Actuellement septi\u00e8me du classement g\u00e9n\u00e9ral de la coupe du monde de VTT XCE (eliminator), Coline Clauzure s\u2019est align\u00e9e&hellip;\n","protected":false},"author":2,"featured_media":248002,"comment_status":"","ping_status":"","sticky":false,"template":"","format":"standard","meta":{"footnotes":""},"categories":[9635],"tags":[1111,11,207,1704,1777,674,1011,27,775,1702,1703,12,25,517,1700],"class_list":{"0":"post-248001","1":"post","2":"type-post","3":"status-publish","4":"format-standard","5":"has-post-thumbnail","7":"category-nancy","8":"tag-actu","9":"tag-actualites","10":"tag-cyclisme","11":"tag-edition-nancy-et-agglomeration","12":"tag-eu","13":"tag-europe","14":"tag-fr","15":"tag-france","16":"tag-grand-est","17":"tag-nancy","18":"tag-nancy-ville-54b","19":"tag-news","20":"tag-republique-francaise","21":"tag-sport","22":"tag-sport-lorrain"},"share_on_mastodon":{"url":"https:\/\/pubeurope.com\/@fr\/114848119002728686","error":""},"_links":{"self":[{"href":"https:\/\/www.europesays.com\/fr\/wp-json\/wp\/v2\/posts\/248001","targetHints":{"allow":["GET"]}}],"collection":[{"href":"https:\/\/www.europesays.com\/fr\/wp-json\/wp\/v2\/posts"}],"about":[{"href":"https:\/\/www.europesays.com\/fr\/wp-json\/wp\/v2\/types\/post"}],"author":[{"embeddable":true,"href":"https:\/\/www.europesays.com\/fr\/wp-json\/wp\/v2\/users\/2"}],"replies":[{"embeddable":true,"href":"https:\/\/www.europesays.com\/fr\/wp-json\/wp\/v2\/comments?post=248001"}],"version-history":[{"count":0,"href":"https:\/\/www.europesays.com\/fr\/wp-json\/wp\/v2\/posts\/248001\/revisions"}],"wp:featuredmedia":[{"embeddable":true,"href":"https:\/\/www.europesays.com\/fr\/wp-json\/wp\/v2\/media\/248002"}],"wp:attachment":[{"href":"https:\/\/www.europesays.com\/fr\/wp-json\/wp\/v2\/media?parent=248001"}],"wp:term":[{"taxonomy":"category","embeddable":true,"href":"https:\/\/www.europesays.com\/fr\/wp-json\/wp\/v2\/categories?post=248001"},{"taxonomy":"post_tag","embeddable":true,"href":"https:\/\/www.europesays.com\/fr\/wp-json\/wp\/v2\/tags?post=248001"}],"curies":[{"name":"wp","href":"https:\/\/api.w.org\/{rel}","templated":true}]}}