{"id":248007,"date":"2025-07-13T21:49:16","date_gmt":"2025-07-13T21:49:16","guid":{"rendered":"https:\/\/www.europesays.com\/fr\/248007\/"},"modified":"2025-07-13T21:49:16","modified_gmt":"2025-07-13T21:49:16","slug":"transfert-montpellier-a-tente-alivereti-duguivalu-perpignan-negociations-stoppees-net","status":"publish","type":"post","link":"https:\/\/www.europesays.com\/fr\/248007\/","title":{"rendered":"Transfert. Montpellier a tent\u00e9 Alivereti Duguivalu (Perpignan) : n\u00e9gociations stopp\u00e9es net\u00a0!"},"content":{"rendered":"<p>            Par<br \/>\n        <strong><br \/>\n            <a href=\"https:\/\/actu.fr\/auteur\/redaction-rugby\" title=\"Consulter tous les articles de R\u00e9daction Rugby\" target=\"_blank\" rel=\"noopener\">R\u00e9daction Rugby<\/a><br \/>\n        <\/strong><\/p>\n<p>        Publi\u00e9 le<\/p>\n<p>            13 juil. 2025 \u00e0 12h34        <\/p>\n<p><a href=\"https:\/\/actu.fr\/rugby\/equipe\/montpellier_64dd31547b8c09c4fec881c3\/\" target=\"_blank\" rel=\"noopener\">Montpellier<\/a> esp\u00e9rait r\u00e9aliser un joli coup en attirant dans ses filets le 3\/4 polyvalent de Perpignan <a href=\"https:\/\/actu.fr\/rugby\/joueur\/duguivalu_64e9fad1df93c276aa319375\/\" target=\"_blank\" rel=\"noopener\">Alivereti Duguivalu<\/a> (27 ans). Des discussions ont \u00e9t\u00e9 engag\u00e9es, mais comme le rapporte <a href=\"https:\/\/www.rugbyscope.fr\/transferts-duguivalu-n-ira-pas-a-montpellier\/\" target=\"_blank\" rel=\"noopener\">Rugbyscope<\/a>, les n\u00e9gociations ont \u00e9t\u00e9 stopp\u00e9es net. Duguivalu n\u2019ira pas au MHR.<\/p>\n<p>Duguivalu sous contrat jusqu\u2019en 2026<\/p>\n<p class=\" wall-content\">Appel\u00e9 par le XV de France pour <a href=\"https:\/\/actu.fr\/sports\/rugby\/pro\/xv-de-france-avec-tom-spring-et-tyler-duguid-la-liste-des-bleus-pour-la-tournee-en-nouvelle-zelande_62816199.html\" target=\"_blank\" rel=\"noopener\">la tourn\u00e9e d\u2019\u00e9t\u00e9 en Nouvelle-Z\u00e9lande<\/a>, align\u00e9 par Galthi\u00e9 avec France A lors de <a href=\"https:\/\/actu.fr\/sports\/rugby\/xv-de-france\/angleterre-france-les-bleubites-se-sont-rebiffes-ce-qui-nous-a-plu-et-deplu_62806833.html\" target=\"_blank\" rel=\"noopener\">la victoire \u00e0 Twickenham<\/a> contre l\u2019Angleterre A, b\u00e9n\u00e9ficiant du statut <strong>JIFF<\/strong> (Joueur Issu de la Fili\u00e8re de Formation), Alivereti Duguivalu a la cote.<\/p>\n<p class=\" wall-content\">Le MHR, d\u00e9sireux d\u2019apporter de la polyvalence \u00e0 sa ligne de 3\/4 (\u00ab\u00a0Freddie\u00a0\u00bb peut aussi bien jouer centre qu\u2019ailier, NDLR), a entam\u00e9 des discussions ces derni\u00e8res semaines. Mais aucun accord n\u2019a \u00e9t\u00e9 trouv\u00e9, et les n\u00e9gociations sont m\u00eame termin\u00e9es.<\/p>\n<p class=\" wall-content\">Pr\u00e9cisons par ailleurs qu\u2019Alivereti Duguivalu est sous contrat jusqu\u2019en 2026, et que le MHR aurait d\u00fb s\u2019acquitter d\u2019indemnit\u00e9s s\u2019il avait voulu r\u00e9cup\u00e9rer le joueur. Tout en ayant l\u2019accord de l\u2019Usap, cela va de soi. Et pas s\u00fbr que le club catalan soit d\u00e9sireux de l\u00e2cher Duguivalu.<\/p>\n<p>Montpellier : 8 recrues, 13 d\u00e9parts<\/p>\n<p class=\" wall-content\">Apr\u00e8s une ann\u00e9e terne sur le plan sportif, Montpellier a d\u00e9cid\u00e9 de s\u00e9rieusement revoir ses plans pour l\u2019ann\u00e9e \u00e0 venir. Beaucoup de mouvements vont avoir lieu au sein de l\u2019effectif.\u00a0<\/p>\n<p>Vid\u00e9os : en ce moment sur Actu<\/p>\n<p class=\" wall-content\">Le MHR a officialis\u00e9 les arriv\u00e9es du talonneur n\u00e9o-z\u00e9landais Ricky Riccitelli, du deuxi\u00e8me ligne gallois Adam Beard, du 3e ligne australien Langi Gleeson, du demi de m\u00eal\u00e9e \u00e9cossais Ali Price, des centres anglais Lennonx Anyanwu et argentin Justo Piccardo, de l\u2019ailier du Racing 92 Donovan Taofifenua et de l\u2019arri\u00e8re australien Tom Banks. Tout en sachant que Valentin Welsh, Alex Masibaka, Matthieu Uhila et Karl Martin reviennent de pr\u00eat.<\/p>\n<p class=\" wall-content\">C\u00f4t\u00e9 d\u00e9parts, Montpellier perd Vano Karkadze, Paul Willemse, Nicolaas Van Rensburg, Sam Simmonds, Nicolas Martin, Cobus Reinach, Martin Doan, Jan Serfontein, Pierre Lucas, George Bridge, Julien Tissreon, Joshua Moorby et Anthony Bouthier.<\/p>\n<p class=\" wall-content\">Suivez toute l\u2019actualit\u00e9 de vos villes et m\u00e9dias favoris en vous inscrivant \u00e0 <a href=\"https:\/\/moncompte.actu.fr\" title=\"D\u00e9couvez Mon Actu\" rel=\"nofollow noopener\" data-trk=\"{&quot;cta&quot;:{&quot;action&quot;:&quot;https:\\\/\\\/moncompte.actu.fr&quot;,&quot;category&quot;:&quot;mon compte&quot;,&quot;from&quot;:&quot;article footer&quot;,&quot;name&quot;:&quot;Mon actu&quot;,&quot;type&quot;:&quot;cta&quot;}}\" target=\"_blank\">Mon Actu<\/a>.<\/p>\n","protected":false},"excerpt":{"rendered":"Par R\u00e9daction Rugby Publi\u00e9 le 13 juil. 2025 \u00e0 12h34 Montpellier esp\u00e9rait r\u00e9aliser un joli coup en attirant&hellip;\n","protected":false},"author":2,"featured_media":248008,"comment_status":"","ping_status":"","sticky":false,"template":"","format":"standard","meta":{"footnotes":""},"categories":[9599],"tags":[1111,11,1777,674,1011,27,2208,20544,12,2680,25,479,60,478,477,10744],"class_list":{"0":"post-248007","1":"post","2":"type-post","3":"status-publish","4":"format-standard","5":"has-post-thumbnail","7":"category-montpellier","8":"tag-actu","9":"tag-actualites","10":"tag-eu","11":"tag-europe","12":"tag-fr","13":"tag-france","14":"tag-montpellier","15":"tag-montpellier-herault-rugby-mhr","16":"tag-news","17":"tag-occitanie","18":"tag-republique-francaise","19":"tag-rugby","20":"tag-sports","21":"tag-top-14","22":"tag-transferts-rugby","23":"tag-usap-perpignan"},"share_on_mastodon":{"url":"https:\/\/pubeurope.com\/@fr\/114848134746737999","error":""},"_links":{"self":[{"href":"https:\/\/www.europesays.com\/fr\/wp-json\/wp\/v2\/posts\/248007","targetHints":{"allow":["GET"]}}],"collection":[{"href":"https:\/\/www.europesays.com\/fr\/wp-json\/wp\/v2\/posts"}],"about":[{"href":"https:\/\/www.europesays.com\/fr\/wp-json\/wp\/v2\/types\/post"}],"author":[{"embeddable":true,"href":"https:\/\/www.europesays.com\/fr\/wp-json\/wp\/v2\/users\/2"}],"replies":[{"embeddable":true,"href":"https:\/\/www.europesays.com\/fr\/wp-json\/wp\/v2\/comments?post=248007"}],"version-history":[{"count":0,"href":"https:\/\/www.europesays.com\/fr\/wp-json\/wp\/v2\/posts\/248007\/revisions"}],"wp:featuredmedia":[{"embeddable":true,"href":"https:\/\/www.europesays.com\/fr\/wp-json\/wp\/v2\/media\/248008"}],"wp:attachment":[{"href":"https:\/\/www.europesays.com\/fr\/wp-json\/wp\/v2\/media?parent=248007"}],"wp:term":[{"taxonomy":"category","embeddable":true,"href":"https:\/\/www.europesays.com\/fr\/wp-json\/wp\/v2\/categories?post=248007"},{"taxonomy":"post_tag","embeddable":true,"href":"https:\/\/www.europesays.com\/fr\/wp-json\/wp\/v2\/tags?post=248007"}],"curies":[{"name":"wp","href":"https:\/\/api.w.org\/{rel}","templated":true}]}}