{"id":248017,"date":"2025-07-13T21:56:17","date_gmt":"2025-07-13T21:56:17","guid":{"rendered":"https:\/\/www.europesays.com\/fr\/248017\/"},"modified":"2025-07-13T21:56:17","modified_gmt":"2025-07-13T21:56:17","slug":"une-maison-de-naissance-ouvrira-en-2026-a-schiltigheim","status":"publish","type":"post","link":"https:\/\/www.europesays.com\/fr\/248017\/","title":{"rendered":"une \u00ab maison de naissance \u00bb ouvrira en 2026 \u00e0 Schiltigheim"},"content":{"rendered":"<p>    <img loading=\"lazy\" width=\"1800\" height=\"900\" src=\"https:\/\/www.europesays.com\/fr\/wp-content\/uploads\/2025\/04\/jeanne-callthepolice.jpg\" class=\"attachment-full size-full\" alt=\"\" id=\"imageLove\" decoding=\"async\"  \/><\/p>\n<p id=\"breadcrumbs\"><a href=\"https:\/\/pokaa.fr\/\" rel=\"nofollow noopener\" target=\"_blank\">Accueil<\/a> \/ <a href=\"https:\/\/pokaa.fr\/categories\/actu\/\" rel=\"nofollow noopener\" target=\"_blank\">Info locale<\/a> \/ Choisir son accouchement : une \u00ab maison de naissance \u00bb ouvrira en 2026 \u00e0 Schiltigheim<\/p>\n<p>                    Info locale<\/p>\n<p class=\"p1\"><b>Le 8 juillet dernier, les Villes de Strasbourg et de Schiltigheim ont act\u00e9 avec l\u2019association Le Ber\u00e7\u2019O la cr\u00e9ation d\u2019une \u00ab maison de naissance \u00bb \u00e0 Schiltigheim \u00e0 l\u2019horizon 2026. Un lieu encore peu commun en France, qui sera d\u00e9di\u00e9 aux accouchements peu ou pas m\u00e9dicalis\u00e9s, avec un suivi de la grossesse assur\u00e9 par une \u00e9quipe de 8 sages-femmes lib\u00e9rales et 9 b\u00e9n\u00e9voles.<\/b><\/p>\n<p class=\"p1\">\u00ab\u00a0Le projet du Ber\u00e7\u2019O, c\u2019est un symbole fort : celui d\u2019un accouchement choisi, respect\u00e9, appropri\u00e9.\u00a0\u00bb C\u2019est par ces mots, <a href=\"https:\/\/www.facebook.com\/jeannebarseghianstrasbourg\/posts\/pfbid0yvUD4Zwhpsy3w171q2cTa24PqaGrpT1nM7bMmQLRcZeBUq82Nbu4QtptLnVY3i18l\" target=\"_blank\" rel=\"noopener nofollow\">sur sa page Facebook<\/a>, que Jeanne Barseghian pr\u00e9sente l\u2019initiative conjointe des Villes de Strasbourg et Schiltigheim : <b>une maison de naissance, qui va s\u2019installer au sein du CMCO des H\u00f4pitaux universitaires de Strasbourg<\/b>. Un projet peu commun en France, puisque seulement 10 maisons de naissance existent dans tout le pays, <a href=\"https:\/\/www.ifop.com\/wp-content\/uploads\/2024\/05\/120652-Presentation-et-synthese-communication.pdf\" target=\"_blank\" rel=\"noopener nofollow\">ce qui explique que seulement 27 % des femmes en ont d\u00e9j\u00e0 entendu parler<\/a>.<\/p>\n<p class=\"p1\">Mais si les maisons de naissance ne sont pas encore tr\u00e8s connues, elles semblent tout de m\u00eame remporter l\u2019adh\u00e9sion des femmes en \u00e2ge d\u2019avoir des enfants : <b>52% auraient aim\u00e9 avoir acc\u00e8s \u00e0 une maison de naissance, une proportion qui monte \u00e0 72% pour des grossesses en cours<\/b>, selon une enqu\u00eate Ifop de 2024 sur le territoire de l\u2019Eurom\u00e9tropole. D\u2019o\u00f9 l\u2019importance de d\u00e9velopper ce mod\u00e8le alternatif d\u2019accouchement et de suivi de grossesse. En Alsace, pourtant, il n\u2019y en a qu\u2019une seule : \u00e0 S\u00e9lestat. Mais cela va bient\u00f4t changer.<\/p>\n<p>    <img width=\"800\" height=\"534\" src=\"https:\/\/www.europesays.com\/fr\/wp-content\/uploads\/2025\/07\/2010-cmco-schiltigheim-67-26-800x534.jpg\" class=\"attachment-image-size-L size-image-size-L\" alt=\"2010-cmco-schiltigheim-67-26\" decoding=\"async\" loading=\"lazy\"  \/>         Le CMCO de Schiltigheim. \u00a9\u00a0Rey-de-Cr\u00e9cy \/ Document remis <\/p>\n<p>C\u2019est quoi cette future maison de naissance ?<\/p>\n<p class=\"p1\">Tr\u00e8s concr\u00e8tement, cette maison de naissance, projet port\u00e9 par Le Ber\u00e7\u2019O depuis 2021, est un lieu \u00ab\u00a0o\u00f9 l\u2019on peut accoucher de la fa\u00e7on la plus physiologique possible\u00a0\u00bb, selon Alexandre Feltz, adjoint \u00e0 la sant\u00e9. <b>Cela signifie que les femmes enceintes pourront accoucher de fa\u00e7on peu, ou pas du tout, m\u00e9dicalis\u00e9e<\/b>, avec des m\u00e9thodes douces, \u00ab\u00a0dans le respect du rythme naturel de la naissance\u00a0\u00bb.<\/p>\n<p class=\"p1\">Mais l\u2019accouchement n\u2019est pas la seule raison d\u2019\u00eatre d\u2019une maison de naissance. <b>Il y aura \u00e9galement tout un suivi qui d\u00e9marrera d\u00e8s le d\u00e9but de la grossesse et se terminera au moment du retour \u00e0 la maison<\/b>. Dans le cas de la future maison de naissance de Schiltigheim, le suivi sera assur\u00e9 par une \u00e9quipe de 8 sages-femmes lib\u00e9rales et de 9 b\u00e9n\u00e9voles. Un environnement \u00ab comme \u00e0 la maison \u00bb selon l\u2019adjoint.<\/p>\n<p>    <img width=\"800\" height=\"533\" src=\"https:\/\/www.europesays.com\/fr\/wp-content\/uploads\/2025\/07\/mother-1866621-1280-800x533.jpg\" class=\"attachment-image-size-L size-image-size-L\" alt=\"mere b\u00e9b\u00e9\" decoding=\"async\" loading=\"lazy\"  \/>         \u00a9 Pixabay \/ Photo d&rsquo;illustration <\/p>\n<p>Qui sera concern\u00e9e ?<\/p>\n<p class=\"p1\">Forc\u00e9ment, toutes les femmes ne pourront pas accoucher dans la future maison de naissance port\u00e9e par l\u2019association Le Ber\u00e7\u2019O. D\u00e9j\u00e0, selon Alexandre Feltz, <b>la structure pourra accueillir jusqu\u2019\u00e0 une centaine de femmes par an<\/b>. Un accompagnement privil\u00e9gi\u00e9, \u00ab qui permet de tisser de vrais liens entre les sages-femmes et les femmes enceintes \u00bb.<\/p>\n<p>                <a href=\"https:\/\/pokaa.fr\/2025\/03\/08\/au-service-de-la-sante-des-femmes-a-strasbourg-rencontre-avec-une-sage-femme-et-une-doula\/\" rel=\"nofollow noopener\" target=\"_blank\"><br \/>\n                    <img width=\"450\" height=\"270\" src=\"https:\/\/www.europesays.com\/fr\/wp-content\/uploads\/2025\/07\/1-6-450x270.png\" class=\"attachment-card-horizontal--same-subject size-card-horizontal--same-subject wp-post-image\" alt=\"\" decoding=\"async\" loading=\"lazy\"\/>                <\/a><\/p>\n<blockquote><p>\n        On est sur la question du droit des femmes, c\u2019est important qu\u2019elle puisse choisir la mani\u00e8re dont elles veulent accoucher.    <\/p><\/blockquote>\n<p>            Alexandre Feltz, adjoint \u00e0 la sant\u00e9<\/p>\n<p>Mais surtout, seules seront concern\u00e9es les grossesses dites \u00ab \u00e0 bas risque \u00bb selon Alexandre Feltz. Cette maison de naissance servira ainsi de compl\u00e9ment au panel de propositions d\u2019accouchements d\u00e9j\u00e0 existantes, <b>pour donner la capacit\u00e9 aux femmes de choisir la m\u00e9thode qui leur convient le mieux<\/b>. Et comme elle b\u00e9n\u00e9ficiera d\u2019une proximit\u00e9 imm\u00e9diate avec la maternit\u00e9 hospitali\u00e8re du CMCO, \u00e0 la moindre complication, les femmes enceintes pourront y \u00eatre transf\u00e9r\u00e9es.<\/p>\n<p>    <img width=\"800\" height=\"592\" src=\"https:\/\/www.europesays.com\/fr\/wp-content\/uploads\/2025\/07\/baby-4100420-1280-800x592.jpg\" class=\"attachment-image-size-L size-image-size-L\" alt=\"mere b\u00e9b\u00e9\" decoding=\"async\" loading=\"lazy\"  \/>         \u00a9 Pixabay \/ Photo d&rsquo;illustration <\/p>\n<p>Elle arrive quand cette maison de naissance ?<\/p>\n<p class=\"p1\">Avant de voir arriver cette future maison de naissance, il faudra encore s\u2019armer d\u2019un peu de patience : <b>le dossier est instruit par l\u2019Agence r\u00e9gionale de sant\u00e9, qui \u00ab\u00a0accueille le projet avec bienveillance\u00a0\u00bb selon Alexandre Feltz, mais qui est encore au stade du montage administratif<\/b>. Par ailleurs, l\u2019\u00e9quipe du Ber\u00e7\u2019O est en recherche des fonds n\u00e9cessaires pour mener les travaux et l\u2019\u00e9quipement des lieux. Elle a ainsi lanc\u00e9 un appel aux dons, <a href=\"https:\/\/www.helloasso.com\/associations\/maison-de-naissance-de-l-eurometropole-de-strasbourg\" target=\"_blank\" rel=\"noopener nofollow\">que vous pouvez retrouver ici<\/a>.<\/p>\n<p class=\"p1\">Ainsi, selon Alexandre Feltz,<b> l\u2019ouverture de la maison de naissance est pr\u00e9vue \u00e0 l\u2019horizon 2026<\/b>, une fois que les travaux auront pu d\u00e9buter. Un pas suppl\u00e9mentaire pour le droit des femmes de l\u2019Eurom\u00e9tropole, qui pourront choisir leur mani\u00e8re d\u2019accoucher.<\/p>\n","protected":false},"excerpt":{"rendered":"Accueil \/ Info locale \/ Choisir son accouchement : une \u00ab maison de naissance \u00bb ouvrira en 2026&hellip;\n","protected":false},"author":2,"featured_media":248018,"comment_status":"","ping_status":"","sticky":false,"template":"","format":"standard","meta":{"footnotes":""},"categories":[2820],"tags":[1111,11,1777,674,1011,27,775,15761,12,25,5512,640],"class_list":{"0":"post-248017","1":"post","2":"type-post","3":"status-publish","4":"format-standard","5":"has-post-thumbnail","7":"category-strasbourg","8":"tag-actu","9":"tag-actualites","10":"tag-eu","11":"tag-europe","12":"tag-fr","13":"tag-france","14":"tag-grand-est","15":"tag-maternite","16":"tag-news","17":"tag-republique-francaise","18":"tag-schiltigheim","19":"tag-strasbourg"},"share_on_mastodon":{"url":"https:\/\/pubeurope.com\/@fr\/114848162662742040","error":""},"_links":{"self":[{"href":"https:\/\/www.europesays.com\/fr\/wp-json\/wp\/v2\/posts\/248017","targetHints":{"allow":["GET"]}}],"collection":[{"href":"https:\/\/www.europesays.com\/fr\/wp-json\/wp\/v2\/posts"}],"about":[{"href":"https:\/\/www.europesays.com\/fr\/wp-json\/wp\/v2\/types\/post"}],"author":[{"embeddable":true,"href":"https:\/\/www.europesays.com\/fr\/wp-json\/wp\/v2\/users\/2"}],"replies":[{"embeddable":true,"href":"https:\/\/www.europesays.com\/fr\/wp-json\/wp\/v2\/comments?post=248017"}],"version-history":[{"count":0,"href":"https:\/\/www.europesays.com\/fr\/wp-json\/wp\/v2\/posts\/248017\/revisions"}],"wp:featuredmedia":[{"embeddable":true,"href":"https:\/\/www.europesays.com\/fr\/wp-json\/wp\/v2\/media\/248018"}],"wp:attachment":[{"href":"https:\/\/www.europesays.com\/fr\/wp-json\/wp\/v2\/media?parent=248017"}],"wp:term":[{"taxonomy":"category","embeddable":true,"href":"https:\/\/www.europesays.com\/fr\/wp-json\/wp\/v2\/categories?post=248017"},{"taxonomy":"post_tag","embeddable":true,"href":"https:\/\/www.europesays.com\/fr\/wp-json\/wp\/v2\/tags?post=248017"}],"curies":[{"name":"wp","href":"https:\/\/api.w.org\/{rel}","templated":true}]}}