{"id":24803,"date":"2025-04-14T17:36:09","date_gmt":"2025-04-14T17:36:09","guid":{"rendered":"https:\/\/www.europesays.com\/fr\/24803\/"},"modified":"2025-04-14T17:36:09","modified_gmt":"2025-04-14T17:36:09","slug":"kim-kardashian-viendra-a-paris-temoigner-devant-le-tribunal-au-proces-de-son-braquage-en-2016","status":"publish","type":"post","link":"https:\/\/www.europesays.com\/fr\/24803\/","title":{"rendered":"Kim Kardashian viendra \u00e0 Paris t\u00e9moigner devant le tribunal au proc\u00e8s de son braquage en 2016"},"content":{"rendered":"<p><img decoding=\"async\" class=\"caas-img caas-lazy has-preview\" src=\"https:\/\/www.europesays.com\/fr\/wp-content\/uploads\/2025\/04\/0537b07287504fef4928ab3102777e7b.jpeg\"\/><\/p>\n<p>La star am\u00e9ricaine Kim Kardashian viendra bien \u00e0 Paris t\u00e9moigner devant la cour d&rsquo;assises dans le cadre du proc\u00e8s de son spectaculaire braquage en octobre 2016, qui d\u00e9bute le 28 avril, a indiqu\u00e9 son avocat am\u00e9ricain, Michael Rhodes, dans un communiqu\u00e9 \u00e0 l&rsquo;AFP transmis par ses avocats fran\u00e7ais.<\/p>\n<p>\u00ab\u00a0Nous pouvons confirmer que Mme Kardashian t\u00e9moignera en personne au prochain proc\u00e8s p\u00e9nal fran\u00e7ais sur l&rsquo;incident de 2016 au cours duquel elle a \u00e9t\u00e9 ligot\u00e9e et d\u00e9valis\u00e9e sous la menace d&rsquo;une arme par des agresseurs masqu\u00e9s\u00a0\u00bb, explique ce communiqu\u00e9 transmis ce lundi 14 avril.<\/p>\n<p>Le proc\u00e8s <a href=\"https:\/\/www.bfmtv.com\/paris\/braquage-de-kim-kardashian-le-proces-debutera-le-28-avril-2025-devant-la-cour-d-assises-de-paris_AN-202401250693.html\" rel=\"nofollow noopener\" target=\"_blank\" data-ylk=\"slk:doit se tenir jusqu&#039;au 23 mai \u00e0 la cour d&#039;appel de Paris;elm:context_link;itc:0;sec:content-canvas\" class=\"link \">doit se tenir jusqu&rsquo;au 23 mai \u00e0 la cour d&rsquo;appel de Paris<\/a>. Selon le planning pr\u00e9visionnel, l&rsquo;audition de la c\u00e9l\u00e9brit\u00e9 est pr\u00e9vue le 13 mai. \u00ab\u00a0Pour l&rsquo;instant, Mme Kardashian r\u00e9serve son t\u00e9moignage pour la cour et les jur\u00e9s, et ne souhaite pas s&rsquo;expliquer davantage \u00e0 ce stade\u00a0\u00bb, ajoute l&rsquo;avocat dans le communiqu\u00e9.<\/p>\n<p>\u00ab\u00a0Elle a une profonde admiration pour le syst\u00e8me judiciaire fran\u00e7ais et a \u00e9t\u00e9 trait\u00e9e avec le plus grand respect par les autorit\u00e9s fran\u00e7aises\u00a0\u00bb, souligne le conseil am\u00e9ricain, qui ajoute qu'\u00a0\u00bbelle souhaite que le proc\u00e8s se d\u00e9roule conform\u00e9ment au droit fran\u00e7ais et dans le respect de toutes les parties\u00a0\u00bb.<\/p>\n<p>Menac\u00e9e avec une arme et ligot\u00e9e<\/p>\n<p>Dans la nuit du 2 au 3 octobre 2016, Kim Kardashian, alors \u00e2g\u00e9e de 36 ans, <a href=\"https:\/\/fr.news.yahoo.com\/braquage-kim-kardashian-cinq-ans-185559019.html\" data-ylk=\"slk:s&#039;\u00e9tait fait braquer par plusieurs hommes;elm:context_link;itc:0;sec:content-canvas;outcm:mb_qualified_link;_E:mb_qualified_link;ct:story;\" class=\"link  yahoo-link\" target=\"_blank\" rel=\"noopener\">s&rsquo;\u00e9tait fait braquer par plusieurs hommes<\/a>, certains habill\u00e9s en policiers, dans une discr\u00e8te r\u00e9sidence h\u00f4teli\u00e8re de luxe \u00e0 Paris, o\u00f9 elle \u00e9tait venue assister \u00e0 la Fashion Week. Des bijoux d&rsquo;une valeur de plus de six millions de dollars avaient \u00e9t\u00e9 d\u00e9rob\u00e9s et pour la plupart jamais retrouv\u00e9s.<\/p>\n<p>Deux voleurs l&rsquo;avaient menac\u00e9e avec une arme sur la tempe, avant de la ligoter et de la b\u00e2illonner. \u00ab\u00a0Il m&rsquo;a demand\u00e9 avec un fort accent fran\u00e7ais ma &lsquo;ring'\u00a0\u00bb (bague), avait-elle racont\u00e9 aux policiers juste apr\u00e8s le vol. \u00ab\u00a0Ils m&rsquo;ont attach\u00e9e (&#8230;) puis m&rsquo;ont port\u00e9e dans ma salle de bain\u00a0\u00bb, o\u00f9 la jeune femme avait \u00e9t\u00e9 enferm\u00e9e.<\/p>\n<p>Trois autres hommes faisaient le guet \u00e0 la r\u00e9ception, un sixi\u00e8me \u00e9tant au volant d&rsquo;un v\u00e9hicule pour assurer la fuite. Les braqueurs avaient emport\u00e9 plusieurs bijoux en diamant et en or, dont une pierre de 18,88 carats.<\/p>\n<p>Le groupe, d\u00e9crit par les policiers comme <a href=\"https:\/\/fr.news.yahoo.com\/avocats-annoncent-saisie-droits-dauteur-063916942.html\" data-ylk=\"slk:une bande de truands &quot;\u00e0 l&#039;ancienne&quot;;elm:context_link;itc:0;sec:content-canvas;outcm:mb_qualified_link;_E:mb_qualified_link;ct:story;\" class=\"link  yahoo-link\" target=\"_blank\" rel=\"noopener\">une bande de truands \u00ab\u00a0\u00e0 l&rsquo;ancienne\u00a0\u00bb<\/a>, est soup\u00e7onn\u00e9 d&rsquo;avoir r\u00e9alis\u00e9 le plus gros braquage au d\u00e9triment d&rsquo;un particulier des vingt derni\u00e8res ann\u00e9es en France. Douze personnes avaient \u00e9t\u00e9 renvoy\u00e9es devant la cour d&rsquo;assises dans cette affaire, mais seules dix d&rsquo;entre elles seront finalement jug\u00e9es: l&rsquo;un des accus\u00e9s, Marceau Baum-Gertner, est depuis d\u00e9c\u00e9d\u00e9, et le cas de Pierre Bouianere\u00a0sera disjoint \u00e0 l&rsquo;ouverture de l&rsquo;audience pour des raisons de sant\u00e9.<\/p>\n<p><a href=\"https:\/\/www.bfmtv.com\/police-justice\/kim-kardashian-viendra-a-paris-temoigner-devant-le-tribunal-au-proces-de-son-braquage-en-2016_AD-202504140609.html#xtor=AL-68\" rel=\"nofollow noopener\" target=\"_blank\" data-ylk=\"slk:Article original publi\u00e9 sur BFMTV.com;elm:context_link;itc:0;sec:content-canvas\" class=\"link \">Article original publi\u00e9 sur BFMTV.com<\/a><\/p>\n","protected":false},"excerpt":{"rendered":"La star am\u00e9ricaine Kim Kardashian viendra bien \u00e0 Paris t\u00e9moigner devant la cour d&rsquo;assises dans le cadre du&hellip;\n","protected":false},"author":2,"featured_media":24804,"comment_status":"","ping_status":"","sticky":false,"template":"","format":"standard","meta":{"footnotes":""},"categories":[1888],"tags":[1111,1928,11,1927,8933,1777,674,1011,27,8932,8935,8934,12,1926,626,1925,25],"class_list":{"0":"post-24803","1":"post","2":"type-post","3":"status-publish","4":"format-standard","5":"has-post-thumbnail","7":"category-paris","8":"tag-actu","9":"tag-actu-paris","10":"tag-actualites","11":"tag-actualites-paris","12":"tag-avocats-francais","13":"tag-eu","14":"tag-europe","15":"tag-fr","16":"tag-france","17":"tag-kim-kardashian","18":"tag-la-cour","19":"tag-michael-rhodes","20":"tag-news","21":"tag-news-paris","22":"tag-paris","23":"tag-paris-news","24":"tag-republique-francaise"},"share_on_mastodon":{"url":"https:\/\/pubeurope.com\/@fr\/114337532060833912","error":""},"_links":{"self":[{"href":"https:\/\/www.europesays.com\/fr\/wp-json\/wp\/v2\/posts\/24803","targetHints":{"allow":["GET"]}}],"collection":[{"href":"https:\/\/www.europesays.com\/fr\/wp-json\/wp\/v2\/posts"}],"about":[{"href":"https:\/\/www.europesays.com\/fr\/wp-json\/wp\/v2\/types\/post"}],"author":[{"embeddable":true,"href":"https:\/\/www.europesays.com\/fr\/wp-json\/wp\/v2\/users\/2"}],"replies":[{"embeddable":true,"href":"https:\/\/www.europesays.com\/fr\/wp-json\/wp\/v2\/comments?post=24803"}],"version-history":[{"count":0,"href":"https:\/\/www.europesays.com\/fr\/wp-json\/wp\/v2\/posts\/24803\/revisions"}],"wp:featuredmedia":[{"embeddable":true,"href":"https:\/\/www.europesays.com\/fr\/wp-json\/wp\/v2\/media\/24804"}],"wp:attachment":[{"href":"https:\/\/www.europesays.com\/fr\/wp-json\/wp\/v2\/media?parent=24803"}],"wp:term":[{"taxonomy":"category","embeddable":true,"href":"https:\/\/www.europesays.com\/fr\/wp-json\/wp\/v2\/categories?post=24803"},{"taxonomy":"post_tag","embeddable":true,"href":"https:\/\/www.europesays.com\/fr\/wp-json\/wp\/v2\/tags?post=24803"}],"curies":[{"name":"wp","href":"https:\/\/api.w.org\/{rel}","templated":true}]}}