{"id":248036,"date":"2025-07-13T22:08:11","date_gmt":"2025-07-13T22:08:11","guid":{"rendered":"https:\/\/www.europesays.com\/fr\/248036\/"},"modified":"2025-07-13T22:08:11","modified_gmt":"2025-07-13T22:08:11","slug":"linterdiction-dacces-aux-calanques-de-marseille-frustre-les-vacanciers","status":"publish","type":"post","link":"https:\/\/www.europesays.com\/fr\/248036\/","title":{"rendered":"l&rsquo;interdiction d&rsquo;acc\u00e8s aux calanques de Marseille frustre les vacanciers"},"content":{"rendered":"<p>La berline s\u2019avance, s\u00fbre d\u2019elle. Au volant, le conducteur du VTC interroge les agents Onet pr\u00e9sents devant la barri\u00e8re de Sormiou\u00a0: \u00ab\u00a0Ce serait pour aller au restaurant\u2026\u00a0\u00bb \u00ab\u00a0Impossible, lui r\u00e9pond-on. Le <a href=\"https:\/\/www.laprovence.com\/article\/societe\/26491192695038\/risque-incendie-tres-severe-ce-dimanche-interdiction-dacces-dans-tous-les-massifs-forestiers-des-bouches-du-rhone\" target=\"_blank\" rel=\"noopener\">massif est interdit d\u2019acc\u00e8s<\/a> et le restaurant est de toute fa\u00e7on ferm\u00e9 jusqu\u2019\u00e0 la fin du mois d\u2019ao\u00fbt.\u00a0\u00bb<\/p>\n<p>Dans le v\u00e9hicule, trois jeunes filles par\u00e9es pour une journ\u00e9e farniente dans la nature changent de visage, l\u2019excitation c\u00e9dant la place \u00e0 la d\u00e9ception. \u00ab\u00a0Personne ne peut entrer\u00a0\u00bb, insiste l\u2019agent. \u00ab\u00a0M\u00eame pas \u00e0 pied\u00a0?\u00a0\u00bb, s\u2019affolent les jeunes filles. \u00ab\u00a0M\u00eame pas.\u00a0\u00bb La sc\u00e8ne se r\u00e9p\u00e8te inlassablement depuis dix jours.\u00a0Sit\u00f4t gar\u00e9, Guillaume, 32\u00a0ans, se fait accoster par un agent qui l\u2019informe de l\u2019interdiction d\u2019acc\u00e8s. Venu en couple de Lyon pour d\u00e9jeuner dans le resto des calanques, une habitude prise \u00e0 chaque passage \u00e0 Marseille, il envisage d\u00e9j\u00e0 son plan B\u00a0: \u00ab\u00a0Tant pis, on ira voir si on peut manger aux <a href=\"https:\/\/www.laprovence.com\/article\/region\/1628516541820314\/patrimoine-a-marseille-partez-a-la-decouverte-des-vestiges-militaires-des-goudes\" target=\"_blank\" rel=\"noopener\">Goudes<\/a>.\u00a0\u00bb<\/p>\n","protected":false},"excerpt":{"rendered":"La berline s\u2019avance, s\u00fbre d\u2019elle. Au volant, le conducteur du VTC interroge les agents Onet pr\u00e9sents devant la&hellip;\n","protected":false},"author":2,"featured_media":248037,"comment_status":"","ping_status":"","sticky":false,"template":"","format":"standard","meta":{"footnotes":""},"categories":[2814],"tags":[17,1111,11,1007,1182,38851,18507,1777,674,1011,27,38850,884,12,29595,5055,882,16,25],"class_list":{"0":"post-248036","1":"post","2":"type-post","3":"status-publish","4":"format-standard","5":"has-post-thumbnail","7":"category-marseille","8":"tag-17","9":"tag-actu","10":"tag-actualites","11":"tag-aux","12":"tag-calanques","13":"tag-dacces","14":"tag-entrer","15":"tag-eu","16":"tag-europe","17":"tag-fr","18":"tag-france","19":"tag-linterdiction","20":"tag-marseille","21":"tag-news","22":"tag-personne","23":"tag-peut","24":"tag-provence-alpes-cote-dazur","25":"tag-region","26":"tag-republique-francaise"},"share_on_mastodon":{"url":"https:\/\/pubeurope.com\/@fr\/114848209541628958","error":""},"_links":{"self":[{"href":"https:\/\/www.europesays.com\/fr\/wp-json\/wp\/v2\/posts\/248036","targetHints":{"allow":["GET"]}}],"collection":[{"href":"https:\/\/www.europesays.com\/fr\/wp-json\/wp\/v2\/posts"}],"about":[{"href":"https:\/\/www.europesays.com\/fr\/wp-json\/wp\/v2\/types\/post"}],"author":[{"embeddable":true,"href":"https:\/\/www.europesays.com\/fr\/wp-json\/wp\/v2\/users\/2"}],"replies":[{"embeddable":true,"href":"https:\/\/www.europesays.com\/fr\/wp-json\/wp\/v2\/comments?post=248036"}],"version-history":[{"count":0,"href":"https:\/\/www.europesays.com\/fr\/wp-json\/wp\/v2\/posts\/248036\/revisions"}],"wp:featuredmedia":[{"embeddable":true,"href":"https:\/\/www.europesays.com\/fr\/wp-json\/wp\/v2\/media\/248037"}],"wp:attachment":[{"href":"https:\/\/www.europesays.com\/fr\/wp-json\/wp\/v2\/media?parent=248036"}],"wp:term":[{"taxonomy":"category","embeddable":true,"href":"https:\/\/www.europesays.com\/fr\/wp-json\/wp\/v2\/categories?post=248036"},{"taxonomy":"post_tag","embeddable":true,"href":"https:\/\/www.europesays.com\/fr\/wp-json\/wp\/v2\/tags?post=248036"}],"curies":[{"name":"wp","href":"https:\/\/api.w.org\/{rel}","templated":true}]}}