{"id":248038,"date":"2025-07-13T22:09:26","date_gmt":"2025-07-13T22:09:26","guid":{"rendered":"https:\/\/www.europesays.com\/fr\/248038\/"},"modified":"2025-07-13T22:09:26","modified_gmt":"2025-07-13T22:09:26","slug":"aurore-fleury-fait-descendre-le-chrono","status":"publish","type":"post","link":"https:\/\/www.europesays.com\/fr\/248038\/","title":{"rendered":"Aurore Fleury fait descendre le chrono"},"content":{"rendered":"<p>  Lise Thimon grappille quelques centi\u00e8mes<\/p>\n<p>Quatorzi\u00e8me dans la cit\u00e9 phoc\u00e9enne, sa partenaire de club <a href=\"https:\/\/www.estrepublicain.fr\/sport\/2025\/06\/29\/lise-thimon-monte-en-puissance-sur-5-000-m\" target=\"_blank\" rel=\"noopener\">Lise Thimon, en qu\u00eate de vitesse dans la perspective de Talence (o\u00f9 elle devrait s\u2019aligner sur 5.000 m)<\/a> , a &#8211; elle aussi &#8211; am\u00e9lior\u00e9 (de quelques centi\u00e8mes la concernant) sa meilleure marque de l\u2019\u00e9t\u00e9 sur 1.500 m (4\u201914\u2019\u201924). <\/p>\n<p class=\"note\">Le 1.500 m (F)\u00a0: 1. E.\u00a0Guerrero (ESP) 4\u201903\u2019\u201993, 2. M.\u00a0Perez (ESP) 4\u201904\u2019\u201909, 3. J.\u00a0Wind (SUI) 4\u201904\u2019\u201983, 4. N.\u00a0Wessel (GER) 4\u201906\u2019\u201989, 5. A.\u00a0Fleury (FRA) 4\u201907\u2019\u201909&#8230; 12. L.\u00a0Thimon (FRA) 4\u201914\u2019\u201924&#8230;<\/p>\n","protected":false},"excerpt":{"rendered":"Lise Thimon grappille quelques centi\u00e8mes Quatorzi\u00e8me dans la cit\u00e9 phoc\u00e9enne, sa partenaire de club Lise Thimon, en qu\u00eate&hellip;\n","protected":false},"author":2,"featured_media":248039,"comment_status":"","ping_status":"","sticky":false,"template":"","format":"standard","meta":{"footnotes":""},"categories":[2814],"tags":[1111,11,4132,3600,1704,1777,674,107,1701,1795,1011,27,10634,884,3457,11209,1702,1703,12,10422,882,25,517,1700,11703,14984],"class_list":{"0":"post-248038","1":"post","2":"type-post","3":"status-publish","4":"format-standard","5":"has-post-thumbnail","7":"category-marseille","8":"tag-actu","9":"tag-actualites","10":"tag-athletisme","11":"tag-bar-le-duc","12":"tag-edition-nancy-et-agglomeration","13":"tag-eu","14":"tag-europe","15":"tag-fil-info","16":"tag-fil-info-sport","17":"tag-fil-web","18":"tag-fr","19":"tag-france","20":"tag-luneville","21":"tag-marseille","22":"tag-meurthe-et-moselle","23":"tag-meuse","24":"tag-nancy","25":"tag-nancy-ville-54b","26":"tag-news","27":"tag-pont-a-mousson","28":"tag-provence-alpes-cote-dazur","29":"tag-republique-francaise","30":"tag-sport","31":"tag-sport-lorrain","32":"tag-tomblaine","33":"tag-toul"},"share_on_mastodon":{"url":"https:\/\/pubeurope.com\/@fr\/114848213483898174","error":""},"_links":{"self":[{"href":"https:\/\/www.europesays.com\/fr\/wp-json\/wp\/v2\/posts\/248038","targetHints":{"allow":["GET"]}}],"collection":[{"href":"https:\/\/www.europesays.com\/fr\/wp-json\/wp\/v2\/posts"}],"about":[{"href":"https:\/\/www.europesays.com\/fr\/wp-json\/wp\/v2\/types\/post"}],"author":[{"embeddable":true,"href":"https:\/\/www.europesays.com\/fr\/wp-json\/wp\/v2\/users\/2"}],"replies":[{"embeddable":true,"href":"https:\/\/www.europesays.com\/fr\/wp-json\/wp\/v2\/comments?post=248038"}],"version-history":[{"count":0,"href":"https:\/\/www.europesays.com\/fr\/wp-json\/wp\/v2\/posts\/248038\/revisions"}],"wp:featuredmedia":[{"embeddable":true,"href":"https:\/\/www.europesays.com\/fr\/wp-json\/wp\/v2\/media\/248039"}],"wp:attachment":[{"href":"https:\/\/www.europesays.com\/fr\/wp-json\/wp\/v2\/media?parent=248038"}],"wp:term":[{"taxonomy":"category","embeddable":true,"href":"https:\/\/www.europesays.com\/fr\/wp-json\/wp\/v2\/categories?post=248038"},{"taxonomy":"post_tag","embeddable":true,"href":"https:\/\/www.europesays.com\/fr\/wp-json\/wp\/v2\/tags?post=248038"}],"curies":[{"name":"wp","href":"https:\/\/api.w.org\/{rel}","templated":true}]}}