{"id":248044,"date":"2025-07-13T22:12:10","date_gmt":"2025-07-13T22:12:10","guid":{"rendered":"https:\/\/www.europesays.com\/fr\/248044\/"},"modified":"2025-07-13T22:12:10","modified_gmt":"2025-07-13T22:12:10","slug":"quelles-perturbations-prevoir-pour-la-ratp-et-la-sncf-cette-semaine-22","status":"publish","type":"post","link":"https:\/\/www.europesays.com\/fr\/248044\/","title":{"rendered":"Quelles perturbations pr\u00e9voir pour la RATP et la SNCF cette semaine ?"},"content":{"rendered":"<p><strong>TRANSPORTS &#8211; Du lundi 14 au dimanche 20 juillet, plusieurs changements sont \u00e0 pr\u00e9voir sur les lignes franciliennes et parisiennes<\/strong><\/p>\n<p>En cette deuxi\u00e8me semaine de vacances scolaires estivales, des perturbations touchent les lignes de transport parisien et francilien. Du lundi 14 juillet, jour de F\u00eate nationale, au dimanche 20 juillet 2025, plusieurs changements devront \u00eatre pris en compte par les usagers afin d&rsquo;appr\u00e9hender au mieux leurs d\u00e9placements. Voici les principaux.<\/p>\n<p>Les perturbations \u00e0 pr\u00e9voir pour la RATP et la SNCF du 14 au 20 juillletM\u00e9tro<\/p>\n<ul class=\"caas-list caas-list-bullet\">\n<li>\n<p>Ligne 1 : le lundi 14 juillet, les arr\u00eats ne sont pas desservis \u00e0 Tuileries, Concorde, Champs-\u00c9lys\u00e9es \u2013 Clemenceau, Franklin D. Roosevelt, George V, Charles de Gaulle \u2013 Etoile et Argentine (c\u00e9r\u00e9monie de la F\u00eate Nationale)<\/p>\n<\/li>\n<li>\n<p>Ligne 2 : le lundi 14 juillet, l\u2019arr\u00eat n&rsquo;est pas desservi \u00e0 Charles de Gaulle \u2013 Etoile (c\u00e9r\u00e9monie de la F\u00eate Nationale)<\/p>\n<\/li>\n<li>\n<p>Ligne 3 : jusqu\u2019au 3 ao\u00fbt, le trafic est interrompu entre <a href=\"https:\/\/www.20minutes.fr\/culture\/opera\/?at_medium=RSS%20feed&amp;at_campaign=ynews&amp;utm_source=yahoo&amp;utm_medium=rss&amp;utm_campaign=news_feed&amp;utm_content=in_article_link\" rel=\"nofollow noopener\" target=\"_blank\" data-ylk=\"slk:Op\u00e9ra;elm:context_link;itc:0;sec:content-canvas\" class=\"link \">Op\u00e9ra<\/a> et Gallieni (travaux). Des bus de substitution seront disponibles entre R\u00e9publique et Gallieni.<\/p>\n<\/li>\n<li>\n<p>Ligne 4 : jusqu\u2019au 14 juillet, (toute la journ\u00e9e), le trafic sera interrompu entre Les Halles et Porte d\u2019Orl\u00e9ans (travaux). Des bus de substitution seront disponibles entre Denfert Rochereau et porte d\u2019Orl\u00e9ans.<\/p>\n<\/li>\n<li>\n<p>Ligne 6 : le 14 juillet, le trafic sera interrompu entre Charles de Gaulle \u2013 Etoile et Trocad\u00e9ro en raison d\u2019une c\u00e9r\u00e9monie. Le 14 juillet d\u00e8s 19 heures, les arr\u00eats ne sont pas desservis \u00e0 Dupleix, Bir-Hakeim, Passy, Trocad\u00e9ro et Boissi\u00e8re (c\u00e9r\u00e9monie).<\/p>\n<\/li>\n<\/ul>\n<p>Ligne 7 : du 18 juillet au 20 juillet, le trafic est interrompu entre La Courneuve \u2013 8 Mai 1945 et Chauss\u00e9e d\u2019(&#8230;)<\/p>\n<p><a href=\"https:\/\/www.20minutes.fr\/paris\/4163462-20250713-paris-ile-france-perturbations-prevoir-ratp-sncf-semaine?at_medium=RSS%20feed&amp;at_campaign=ynews&amp;utm_source=yahoo&amp;utm_medium=rss&amp;utm_campaign=news_feed&amp;utm_content=read_more_link\" rel=\"nofollow noopener\" target=\"_blank\" data-ylk=\"slk:Lire la suite sur 20minutes;elm:context_link;itc:0;sec:content-canvas\" class=\"link \">Lire la suite sur 20minutes<\/a><\/p>\n<p>\u00c0 lire aussi :<br \/><a href=\"https:\/\/www.20minutes.fr\/economie\/4161305-20250701-transport-velvet-concurrent-ambitieux-sncf-france?at_medium=RSS%20feed&amp;at_campaign=ynews&amp;utm_source=yahoo&amp;utm_medium=rss&amp;utm_campaign=news_feed&amp;utm_content=related_content_link\" rel=\"nofollow noopener\" target=\"_blank\" data-ylk=\"slk:Transport : Qui est Velvet, ce concurrent ambitieux de la SNCF en France ?;elm:context_link;itc:0;sec:content-canvas\" class=\"link \">Transport : Qui est Velvet, ce concurrent ambitieux de la SNCF en France ?<\/a><br \/><a href=\"https:\/\/www.20minutes.fr\/paris\/4163009-20250710-ratp-decouvrez-poemes-pourrez-lire-metro-laureats-grand-prix-poesie-2025?at_medium=RSS%20feed&amp;at_campaign=ynews&amp;utm_source=yahoo&amp;utm_medium=rss&amp;utm_campaign=news_feed&amp;utm_content=related_content_link\" rel=\"nofollow noopener\" target=\"_blank\" data-ylk=\"slk:RATP : D\u00e9couvrez les po\u00e8mes que vous pourrez lire dans le m\u00e9tro, laur\u00e9ats du grand prix de la po\u00e9sie 2025;elm:context_link;itc:0;sec:content-canvas\" class=\"link \">RATP : D\u00e9couvrez les po\u00e8mes que vous pourrez lire dans le m\u00e9tro, laur\u00e9ats du grand prix de la po\u00e9sie 2025<\/a><\/p>\n","protected":false},"excerpt":{"rendered":"TRANSPORTS &#8211; Du lundi 14 au dimanche 20 juillet, plusieurs changements sont \u00e0 pr\u00e9voir sur les lignes franciliennes&hellip;\n","protected":false},"author":2,"featured_media":248045,"comment_status":"","ping_status":"","sticky":false,"template":"","format":"standard","meta":{"footnotes":""},"categories":[1592],"tags":[10915,1111,11,14508,1777,674,1011,27,662,38112,12,626,625,25,2215],"class_list":{"0":"post-248044","1":"post","2":"type-post","3":"status-publish","4":"format-standard","5":"has-post-thumbnail","7":"category-ile-de-france","8":"tag-14-juillet","9":"tag-actu","10":"tag-actualites","11":"tag-charles-de-gaulle","12":"tag-eu","13":"tag-europe","14":"tag-fr","15":"tag-france","16":"tag-ile-de-france","17":"tag-la-fete-nationale","18":"tag-news","19":"tag-paris","20":"tag-ratp","21":"tag-republique-francaise","22":"tag-sncf"},"share_on_mastodon":{"url":"https:\/\/pubeurope.com\/@fr\/114848225522252297","error":""},"_links":{"self":[{"href":"https:\/\/www.europesays.com\/fr\/wp-json\/wp\/v2\/posts\/248044","targetHints":{"allow":["GET"]}}],"collection":[{"href":"https:\/\/www.europesays.com\/fr\/wp-json\/wp\/v2\/posts"}],"about":[{"href":"https:\/\/www.europesays.com\/fr\/wp-json\/wp\/v2\/types\/post"}],"author":[{"embeddable":true,"href":"https:\/\/www.europesays.com\/fr\/wp-json\/wp\/v2\/users\/2"}],"replies":[{"embeddable":true,"href":"https:\/\/www.europesays.com\/fr\/wp-json\/wp\/v2\/comments?post=248044"}],"version-history":[{"count":0,"href":"https:\/\/www.europesays.com\/fr\/wp-json\/wp\/v2\/posts\/248044\/revisions"}],"wp:featuredmedia":[{"embeddable":true,"href":"https:\/\/www.europesays.com\/fr\/wp-json\/wp\/v2\/media\/248045"}],"wp:attachment":[{"href":"https:\/\/www.europesays.com\/fr\/wp-json\/wp\/v2\/media?parent=248044"}],"wp:term":[{"taxonomy":"category","embeddable":true,"href":"https:\/\/www.europesays.com\/fr\/wp-json\/wp\/v2\/categories?post=248044"},{"taxonomy":"post_tag","embeddable":true,"href":"https:\/\/www.europesays.com\/fr\/wp-json\/wp\/v2\/tags?post=248044"}],"curies":[{"name":"wp","href":"https:\/\/api.w.org\/{rel}","templated":true}]}}