{"id":248046,"date":"2025-07-13T22:13:09","date_gmt":"2025-07-13T22:13:09","guid":{"rendered":"https:\/\/www.europesays.com\/fr\/248046\/"},"modified":"2025-07-13T22:13:09","modified_gmt":"2025-07-13T22:13:09","slug":"quelles-perturbations-prevoir-pour-la-ratp-et-la-sncf-cette-semaine-23","status":"publish","type":"post","link":"https:\/\/www.europesays.com\/fr\/248046\/","title":{"rendered":"Quelles perturbations pr\u00e9voir pour la RATP et la SNCF cette semaine\u00a0?"},"content":{"rendered":"<p>En cette deuxi\u00e8me semaine de vacances scolaires estivales, des perturbations touchent les lignes de transport parisien et francilien. Du lundi 14 juillet, jour de F\u00eate nationale, au dimanche 20 juillet 2025, plusieurs changements devront \u00eatre pris en compte par les usagers afin d&rsquo;appr\u00e9hender au mieux leurs d\u00e9placements. Voici les principaux.<\/p>\n<p>Les perturbations \u00e0 pr\u00e9voir pour la RATP et la SNCF du 14 au 20 juillletM\u00e9tro<\/p>\n<ul>\n<li>Ligne 1 : le lundi 14 juillet, les arr\u00eats ne sont pas desservis \u00e0 Tuileries, Concorde, Champs-\u00c9lys\u00e9es \u2013 Clemenceau, Franklin D. Roosevelt, George V, Charles de Gaulle \u2013 Etoile et Argentine (c\u00e9r\u00e9monie de la F\u00eate Nationale)<\/li>\n<li>Ligne 2 : le lundi 14 juillet, l\u2019arr\u00eat n&rsquo;est pas desservi \u00e0 Charles de Gaulle \u2013 Etoile (c\u00e9r\u00e9monie de la F\u00eate Nationale)<\/li>\n<li>Ligne 3 : jusqu\u2019au 3 ao\u00fbt, le trafic est interrompu entre <a href=\"https:\/\/www.20minutes.fr\/culture\/opera\/\" class=\"color-ultramarine c-link\" target=\"_blank\" rel=\"noopener\">Op\u00e9ra<\/a> et Gallieni (travaux). Des bus de substitution seront disponibles entre R\u00e9publique et Gallieni. <\/li>\n<li>Ligne 4 : jusqu\u2019au 14 juillet, (toute la journ\u00e9e), le trafic sera interrompu entre Les Halles et Porte d\u2019Orl\u00e9ans (travaux). Des bus de substitution seront disponibles entre Denfert Rochereau et porte d\u2019Orl\u00e9ans. <\/li>\n<li>Ligne 6 : le 14 juillet, le trafic sera interrompu entre Charles de Gaulle \u2013 Etoile et Trocad\u00e9ro en raison d\u2019une c\u00e9r\u00e9monie. Le 14 juillet d\u00e8s 19 heures, les arr\u00eats ne sont pas desservis \u00e0 Dupleix, Bir-Hakeim, Passy, Trocad\u00e9ro et Boissi\u00e8re (c\u00e9r\u00e9monie).<\/li>\n<li>Ligne 7 : du 18 juillet au 20 juillet, le trafic est interrompu entre La Courneuve \u2013 8 Mai 1945 et Chauss\u00e9e d\u2019Antin \u2013 La Fayette en raison de travaux. Des bus de substitution seront disponibles.<\/li>\n<li>Ligne 8 : le lundi 14 juillet, l\u2019arr\u00eat n&rsquo;est pas desservi \u00e0 Concorde (c\u00e9r\u00e9monie). Le 14 juillet d\u00e8s 19 heures, l\u2019arr\u00eat n&rsquo;est pas desservi \u00e0 Ecole Militaire (c\u00e9r\u00e9monie).<\/li>\n<li>Ligne 9 : le 14 juillet \u00e0 partir de 19 heures, les arr\u00eats ne sont pas desservis \u00e0 Trocad\u00e9ro, Alma \u2013 Marceau et Franklin D. Roosevelt (c\u00e9r\u00e9monie).<\/li>\n<li>Ligne 12 : le 14 juillet, l\u2019arr\u00eat n&rsquo;est pas desservi \u00e0 <a href=\"https:\/\/www.20minutes.fr\/dossier\/concorde\" class=\"color-ultramarine c-link\" target=\"_blank\" rel=\"noopener\">Concorde<\/a> (c\u00e9r\u00e9monie).<\/li>\n<li>Ligne 13 : le 14 juillet, l\u2019arr\u00eat n&rsquo;est pas desservi \u00e0 Champs-\u00c9lys\u00e9es \u2013 Clemenceau (c\u00e9r\u00e9monie). Du 14 juillet au 31 ao\u00fbt, les acc\u00e8s \u00e0 la station Gabriel P\u00e9ri seront ferm\u00e9s.<\/li>\n<li>Ligne 14 : jusqu\u2019au 23 juillet, le mercredi d\u00e8s 22 heures, le trafic sera interrompu sur l\u2019ensemble de la ligne (travaux).<\/li>\n<\/ul>\n<p>RER<\/p>\n<ul>\n<li>RER A : les samedi 19 et dimanche 20 juillet, le trafic sera interrompu, toute la journ\u00e9e, entre Maisons-Laffitte et Poissy. La ligne de bus 1 renforc\u00e9e \u00e0 St Germain-en-Laye et des bus de substitution seront mis en place \u00e0 Ach\u00e8res\u2013Ville. Le 14 juillet, les arr\u00eats ne sont pas desservis \u00e0 Charles de Gaulle\u2006\u2013\u2006\u00c9toile (c\u00e9r\u00e9monie). Le 14 juillet jusqu\u2019\u00e0 16 heures, le trafic est interrompu entre Maisons-Laffitte et Poissy (travaux). La ligne de bus 1 est renforc\u00e9e \u00e0 St Germain-en-Laye et des bus de substitution seront disponibles \u00e0 Ach\u00e8res\u2013Ville.<\/li>\n<li><a href=\"https:\/\/www.20minutes.fr\/dossier\/rer_b\" class=\"color-ultramarine c-link\" target=\"_blank\" rel=\"noopener\">RER B<\/a> : Des travaux seront r\u00e9alis\u00e9s du 15 juillet au 27 ao\u00fbt, le trafic est interrompu entre La Croix de Berny et Massy\u2013Palaiseau. Des moyens alternatifs seront mis \u00e0 disposition. Du 15 juillet au 31 juillet, du lundi au vendredi d\u00e8s 22h45, le trafic est interrompu entre Gare du Nord et A\u00e9roport <a href=\"https:\/\/www.20minutes.fr\/dossier\/charles_de_gaulle\" class=\"color-ultramarine c-link\" target=\"_blank\" rel=\"noopener\">Charles de Gaulle<\/a> 2\u2013TGV et Mitry\u2013Claye (travaux). <\/li>\n<li>RER C : jusqu\u2019au 31 juillet, l\u2019arr\u00eat n\u2019est pas desservi \u00e0 Issy vers Massy\u2006\u2013\u2006Palaiseau, Saint-Martin d\u2019\u00c9tampes et Dourdan la For\u00eat (mesures de s\u00e9curit\u00e9). Du samedi 12 juillet au samedi 23 ao\u00fbt. Le trafic sera interrompu entre Massy-Palaiseau et Pont de Rungis. Un service de bus de substitution sera mis en place, avec desserte des gares interm\u00e9diaires. Motif : Cr\u00e9ation d\u2019une voie d\u00e9di\u00e9e aux TGV. Du mardi 15 juillet au vendredi 18 juillet, le trafic sera interrompu entre Paris Austerlitz et Pont de Rungis d\u00e8s 23 heures (travaux). Report : Lignes du M\u00e9tro, Tramways et lignes de bus de ville. Le 14 juillet d\u00e8s 19 heures, les arr\u00eats ne sont pas desservis \u00e0 Champ de Mars Tour Eiffel et Pont de l\u2019Alma (c\u00e9r\u00e9monie). Du mardi 15 au vendredi 18 juillet, le trafic sera interrompu entre St-Quentin en Yvelines et Paris Austerlitz (travaux). Du mardi 15 au dimanche 20 juillet, le trafic sera interrompu entre Paris Austerlitz et Avenue Henri Martin. Report : Lignes RER ou train, du M\u00e9tro, Tramway ou bus de ville (travaux). Du mardi 15 au vendredi 18 juillet, d\u00e8s 23 heures, le trafic sera interrompu ente Paris Austerlitz et Juvisy via Choisy le Roi. Un service de bus de substitution sera mis \u00e0 disposition (travaux). Dimanche 20 juillet, d\u00e8s 23h55 jusqu\u2019en fin de soir\u00e9e, le trafic sera interrompu entre Dourdan et Paris Austerlitz (travaux). Des bus seront mis en place.<\/li>\n<li>RER D : lundi 14 juillet, le trafic sera interrompu entre Paris Gare de Lyon et Paris Gare du Nord (travaux). Des bus de substitution seront mis en place aux gares interm\u00e9diaires. Du mardi 15 au vendredi 18 juillet, le trafic sera interrompu entre Paris Gare de Lyon et Villeneuve Saint Georges . Un service de bus de substitution sera mis en place, avec desserte des gares interm\u00e9diaires. Samedi 19 et dimanche 20 juillet, le trafic sera interrompu entre Combs-la-Ville \u2013 Quincy et Melun. Un service de bus de substitution sera mis en place, avec desserte des gares interm\u00e9diaires (travaux). Du lundi 14 au dimanche 20 juillet, le trafic sera interrompu entre Creil et Paris Gare du Nord d\u00e8s 23h35. Un service de bus de substitution sera mis en place (travaux). Du mardi 15 au vendredi 18 juillet, le trafic sera interrompu entre Villeneuve S Georges et Corbeil-Essonnes via Evry-Courcouronnes d\u00e8s 23h15 (travaux). Des bus de substitution seront mis en place. Du mardi 15 au vendredi 20 juillet, de 9h30 \u00e0 16 heures, Le trafic sera all\u00e9g\u00e9 entre Combs-la-Ville \u2013 Quincy et Melun, seul un train sur deux en circulation (travaux). Du 15 juillet au 14 ao\u00fbt, du lundi au vendredi \u00e0 partir de 23h20, le trafic est interrompu entre Gare du Nord et Creil (travaux). Du mardi 15 au vendredi 18 juillet, \u00e0 partir de minuit, les gares entre Paris Gare de Lyon et Villeneuve S Georges ne sont pas desservies. Des bus de substitution seront mis en place. Du samedi 19 au dimanche 20 juillet, le trafic sera interrompu entre Creil et Goussainville. Un service de bus de substitution sera mis en place, avec desserte des gares interm\u00e9diaires (travaux). Du mardi 15 au vendredi 18 juillet, apr\u00e8s 23h, les trains ne marqueront pas l\u2019arr\u00eat \u00e0 Maisons-Alfort, Vert de Maisons, Cr\u00e9teil Pompadour et Villeneuve-Triage dans les deux sens de circulations. <\/li>\n<li><a href=\"https:\/\/www.20minutes.fr\/societe\/rer\/\" class=\"color-ultramarine c-link\" target=\"_blank\" rel=\"noopener\">RER<\/a> E : les samedi 19 et dimanche 20 juillet, le trafic sera interrompu entre Nanterre-la-Folie et Chelles Gournay d\u00e8s 22h45. Les samedi et dimanche, d\u00e8s 22h25, le trafic sera interrompu entre Nanterre-la-Folie et Villiers-sur-Marne \u2013 Le Plessis-Tr\u00e9vise et entre Nanterre-la-Folie et Tournan. Du lundi 14 au vendredi 18 juillet, d\u00e8s 21 heures, le trafic sera interrompu entre Nanterre-La-Folie et Tournan\/ Villiers-sur-Marne. <\/li>\n<\/ul>\n<p>Transilien<\/p>\n<ul>\n<li>Ligne H : du lundi 30 juin au samedi 26 septembre, sauf les jours f\u00e9ri\u00e9s, le trafic sera interrompu entre Paris Gare du Nord et <a href=\"https:\/\/www.20minutes.fr\/dossier\/pontoise\" class=\"color-ultramarine c-link\" target=\"_blank\" rel=\"noopener\">Pontoise<\/a>. Des bus de substitution seront mis en place (travaux). Du lundi 30 juin au vendredi 26 septembre, sauf les jours f\u00e9ri\u00e9s, le trafic sera interrompu entre Paris Gare du Nord et Persan \u2013 Beaumont via Montsoult \u2013 Maffliers. De bus de remplacement sont pr\u00e9vus \u00e0 Gare du Nord (travaux). Du lundi 30 juin au vendredi 26 septembre, sauf les jours f\u00e9ri\u00e9s, le trafic sera interrompu entre Paris Gare du Nord et Luzarches. Des bus de substitution seront au d\u00e9part de la dalle routi\u00e8re de Paris Nord (travaux). M\u00eame chose jusqu\u2019\u00e0 Persan-Baumont. <\/li>\n<li>Ligne J : les samedi 19 et dimanche 20 juillet, Le trafic sera interrompu entre Paris Saint-Lazare et Poissy (travaux). Du mardi 15 au vendredi 18 juillet, d\u00e8s 21h40, le trafic sera interrompu entre Paris Saint-Lazare et Mantes la Jolie via Poissy. Il en va de m\u00eame d\u00e8s 21h15 via Conflans Sainte-Honorine. Le lundi 14 juillet, le dernier train au d\u00e9part de Paris Saint-Lazare et \u00e0 destination de Mantes la Jolie via Conflans Sainte-Honorine est terminus en gare de Issou Porcheville d\u00e8s 21h20. Du 15 juillet au 8 ao\u00fbt, du lundi au vendredi d\u00e8s 21h15, le trafic est interrompu entre Mantes-la-Jolie et Issou \u2013 Porcheville vers Vernon \u2013 Giverny et Gare Saint-Lazare. Des bus de remplacement sont mis en place. Du 15 juillet au 8 ao\u00fbt, du lundi au vendredi d\u00e8s 21h40, le trafic est interrompu entre Gare Saint-Lazare et Mantes-la-Jolie via Poissy. Des bus de remplacement sont pr\u00e9vus.<\/li>\n<li>Ligne K : le lundi 14 juillet, le trafic sera interrompu entre Paris Gare du Nord et <a href=\"https:\/\/www.20minutes.fr\/economie\/aulnay\/\" class=\"color-ultramarine c-link\" target=\"_blank\" rel=\"noopener\">Aulnay-sous-Bois<\/a> (travaux). Du lundi 19 mai au vendredi 19 d\u00e9cembre en soir\u00e9e, le trafic est interrompu entre Paris Gare du Nord et Cr\u00e9py-en-Valois (travaux). Des bus de substitution seront mis en place.<\/li>\n<li>Ligne L : du mardi 15 au vendredi 18 juillet, d\u00e8s 21h45, le trafic sera interrompu entre Paris Saint-Lazare et La D\u00e9fense (travaux). <\/li>\n<li>Ligne N : du mardi 15 au 18 juillet, le trafic sera interrompu de Paris Montparnasse vers Rambouillet en soir\u00e9e (travaux). Des bus seront mis en place. En semaine d\u00e8s 21 heures, du lundi 07 juillet au vendredi 01 ao\u00fbt, le trafic sera interrompu de Paris Montparnasse vers Mantes-la-Jolie. Dernier train de Paris Montparnasse pour Mantes-la-Jolie : MOPI de 20h50. Du mardi 15 au vendredi 18 juillet, le trafic sera interrompu entre Paris Montparnasse et Dreux en soir\u00e9e. Des bus seront mis en place. <\/li>\n<li>Ligne P : en semaine de 22h20 \u00e0 02h50, du lundi 7 juillet au vendredi 29 ao\u00fbt, le trafic sera interrompu entre Paris Est et Meaux. Samedi 19 et dimanche 20 juillet, le trafic sera interrompu entre Paris Est et Coulommiers d\u00e8s 22h30. Des bus sont pr\u00e9vus. Les samedi et dimanche, le trafic sera interrompu entre Paris Est et Ch\u00e2teau-Thierry \u00e0 partir de 23 heures. Un service de bus de remplacement sera mis en place, avec desserte des gares interm\u00e9diaires (travaux). Du lundi 14 au vendredi 18 juillet, le trafic sera interrompu entre Paris Est et Provins d\u00e8s 20h45. Jusqu\u2019au 1er ao\u00fbt, du lundi au vendredi d\u00e8s 22 heures, le trafic sera interrompu entre Ch\u00e2teau-Thierry et Gare de l\u2019Est. Des bus de remplacement seront mis en place. Du mardi 15 juillet au vendredi 8 ao\u00fbt, le trafic sera interrompu entre <a href=\"https:\/\/www.20minutes.fr\/dossier\/meaux\" class=\"color-ultramarine c-link\" target=\"_blank\" rel=\"noopener\">Meaux<\/a> et La Fert\u00e9-Milon toute la journ\u00e9e. <\/li>\n<li>Ligne R : de 10h25 \u00e0 15h30, du lundi 14 juillet au vendredi 19 septembre, en semaine sauf les jours f\u00e9ri\u00e9s, le trafic sera interrompu entre Melun et Montereau. Un service de bus de remplacement sera mis en place (travaux).<\/li>\n<li>Ligne U : le lundi 14 juillet, le trafic sera interrompu de La Verri\u00e8re vers La D\u00e9fense d\u00e8s 23h30 (travaux).<\/li>\n<\/ul>\n<p>Tramway<\/p>\n<ul>\n<li>T1 : Le trafic sera interrompu entre Asni\u00e8res \u2013 Quatre Routes et Gare de Saint-Denis et perturb\u00e9 sur le reste de la ligne (d\u00e9gradation par un tiers \u00e0 L\u2019\u00cele-Saint-Denis). Pas de reprise pr\u00e9vue pour le moment.<\/li>\n<li>T2 : Jusqu\u2019au 12 f\u00e9vrier 2026, le trafic sera interrompu entre Porte de Versailles et Suzanne Lenglen (travaux). Pour rejoindre la Porte de Versailles, depuis Suzanne Lenglen, aller \u00e0 pied la station Balard du T3a.<\/li>\n<li>T4 : Du lundi 14 au vendredi 18 juillet d\u00e8s 21h15, le trafic sera interrompu sur l\u2019ensemble de la ligne (travaux).<\/li>\n<\/ul>\n","protected":false},"excerpt":{"rendered":"En cette deuxi\u00e8me semaine de vacances scolaires estivales, des perturbations touchent les lignes de transport parisien et francilien.&hellip;\n","protected":false},"author":2,"featured_media":248047,"comment_status":"","ping_status":"","sticky":false,"template":"","format":"standard","meta":{"footnotes":""},"categories":[1592],"tags":[1111,11,1777,674,1011,27,662,12,626,625,1306,25,2215],"class_list":{"0":"post-248046","1":"post","2":"type-post","3":"status-publish","4":"format-standard","5":"has-post-thumbnail","7":"category-ile-de-france","8":"tag-actu","9":"tag-actualites","10":"tag-eu","11":"tag-europe","12":"tag-fr","13":"tag-france","14":"tag-ile-de-france","15":"tag-news","16":"tag-paris","17":"tag-ratp","18":"tag-regions","19":"tag-republique-francaise","20":"tag-sncf"},"share_on_mastodon":{"url":"https:\/\/pubeurope.com\/@fr\/114848229214400529","error":""},"_links":{"self":[{"href":"https:\/\/www.europesays.com\/fr\/wp-json\/wp\/v2\/posts\/248046","targetHints":{"allow":["GET"]}}],"collection":[{"href":"https:\/\/www.europesays.com\/fr\/wp-json\/wp\/v2\/posts"}],"about":[{"href":"https:\/\/www.europesays.com\/fr\/wp-json\/wp\/v2\/types\/post"}],"author":[{"embeddable":true,"href":"https:\/\/www.europesays.com\/fr\/wp-json\/wp\/v2\/users\/2"}],"replies":[{"embeddable":true,"href":"https:\/\/www.europesays.com\/fr\/wp-json\/wp\/v2\/comments?post=248046"}],"version-history":[{"count":0,"href":"https:\/\/www.europesays.com\/fr\/wp-json\/wp\/v2\/posts\/248046\/revisions"}],"wp:featuredmedia":[{"embeddable":true,"href":"https:\/\/www.europesays.com\/fr\/wp-json\/wp\/v2\/media\/248047"}],"wp:attachment":[{"href":"https:\/\/www.europesays.com\/fr\/wp-json\/wp\/v2\/media?parent=248046"}],"wp:term":[{"taxonomy":"category","embeddable":true,"href":"https:\/\/www.europesays.com\/fr\/wp-json\/wp\/v2\/categories?post=248046"},{"taxonomy":"post_tag","embeddable":true,"href":"https:\/\/www.europesays.com\/fr\/wp-json\/wp\/v2\/tags?post=248046"}],"curies":[{"name":"wp","href":"https:\/\/api.w.org\/{rel}","templated":true}]}}