{"id":248050,"date":"2025-07-13T22:15:12","date_gmt":"2025-07-13T22:15:12","guid":{"rendered":"https:\/\/www.europesays.com\/fr\/248050\/"},"modified":"2025-07-13T22:15:12","modified_gmt":"2025-07-13T22:15:12","slug":"chelsea-psg-la-composition-officielle-des-parisiens-avec-le-meme-onze-que-contre-le-real-madrid","status":"publish","type":"post","link":"https:\/\/www.europesays.com\/fr\/248050\/","title":{"rendered":"Chelsea-PSG\u00a0: la composition officielle des Parisiens avec le m\u00eame onze que contre le Real Madrid"},"content":{"rendered":"<p class=\"paragraph text_align_left lp-f-body-02\">Paris est \u00e0 90 minutes (ou 120 en cas de prolongation) d\u2019un nouveau bonheur. Au bout d\u2019une saison aussi folle qu\u2019h\u00e9ro\u00efque, les champions d\u2019Europe disputent ce dimanche soir (21 heures) leur ultime match de l\u2019exercice 2024-2025 \u00e0 l\u2019occasion de la finale de <a href=\"https:\/\/www.leparisien.fr\/sports\/football\/coupe-du-monde-des-clubs\/\" target=\"_blank\" rel=\"noreferrer noopener\">la Coupe du monde des clubs<\/a> face \u00e0 Chelsea. <\/p>\n<p class=\"paragraph text_align_left lp-f-body-02\">Un quintupl\u00e9 historique attend <a href=\"https:\/\/www.leparisien.fr\/sports\/football\/psg\/\" target=\"_blank\" rel=\"noreferrer noopener\">le PSG<\/a> dans le New Jersey, et c\u2019est avec ses meilleures armes qu\u2019il va tenter d\u2019entrer au Panth\u00e9on du football. Quatre jours apr\u00e8s la claque inflig\u00e9e au Real Madrid au tour pr\u00e9c\u00e9dent (4-0), Luis Enrique a, comme attendu, d\u00e9cid\u00e9 de faire confiance aux m\u00eames hommes.<\/p>\n<p class=\"paragraph text_align_left lp-f-body-02\">C\u2019est donc un onze sans surprise qui va affronter les Blues sur la pelouse du MetLife Stadium. <a href=\"https:\/\/www.leparisien.fr\/sports\/football\/coupe-du-monde-des-clubs\/psg-real-madrid-suspendus-hernandez-et-pacho-quittent-le-groupe-parisien-08-07-2025-X7J66GSNCFB5ZNWJFQHC3OT6FQ.php\" target=\"_blank\" rel=\"noreferrer noopener\">En l\u2019absence de Willian Pacho et Lucas Hernandez<\/a>, suspendus, Lucas Beraldo encha\u00eene une deuxi\u00e8me titularisation dans l\u2019axe de la d\u00e9fense. Impeccable face aux Merengue, le Br\u00e9silien est reconduit aux c\u00f4t\u00e9s du capitaine Marquinhos. <\/p>\n<p>Barcola sur le banc<\/p>\n<p class=\"paragraph text_align_left lp-f-body-02\">C\u2019est l\u2019unique changement par rapport \u00e0 l\u2019\u00e9quipe type habituellement mise en place par Luis Enrique. Achraf Hakimi et Nuno Mendes occupent les couloirs, tandis que Gianluigi Donnarumma va tenter de garder sa cage inviol\u00e9e pour la sixi\u00e8me fois du tournoi (un but encaisse depuis le d\u00e9but de la comp\u00e9tition).<\/p>\n<p class=\"paragraph text_align_left lp-f-body-02\">Au milieu de terrain, on retrouve l\u2019ind\u00e9boulonnable trio compos\u00e9 de Vitinha, Fabian Ruiz et Jo\u00e3o Neves. Les trois hommes devraient livrer un gros duel avec les Anglais. En attaque, aucun changement n\u2019est \u00e0 noter non plus. Rayonnant contre le Real Madrid, Ousmane Demb\u00e9l\u00e9 d\u00e9bute son deuxi\u00e8me match du tournoi et tentera de marquer de nouveau les esprits dans l\u2019optique du Ballon d\u2019or. D\u00e9sir\u00e9 Dou\u00e9 et Khvicha Kvaratskhelia compl\u00e8tent ce onze.<\/p>\n<p class=\"paragraph text_align_left lp-f-body-02\"><b>La composition officielle du PSG :<\/b> Donnarumma \u2013 Hakimi, Marquinhos (cap.), Beraldo, Nuno Mendes \u2013 Jo\u00e3o Neves, Vitinha, Fabian Ruiz \u2013 Dou\u00e9, Demb\u00e9l\u00e9, Kvaratskhelia.<\/p>\n<p class=\"paragraph text_align_left lp-f-body-02\"><b>Suivez le match <\/b><a href=\"https:\/\/www.leparisien.fr\/sports\/football\/psg\/direct-chelsea-psg-suivez-la-finale-de-la-coupe-du-monde-des-clubs-13-07-2025-3GJPEUN725DJXONIQLCM6RHPIQ.php\" target=\"_blank\" rel=\"noreferrer noopener\"><b>en direct comment\u00e9<\/b><\/a><b> sur le site du parisien.fr.<\/b><\/p>\n","protected":false},"excerpt":{"rendered":"Paris est \u00e0 90 minutes (ou 120 en cas de prolongation) d\u2019un nouveau bonheur. Au bout d\u2019une saison&hellip;\n","protected":false},"author":2,"featured_media":248051,"comment_status":"","ping_status":"","sticky":false,"template":"","format":"standard","meta":{"footnotes":""},"categories":[1888],"tags":[1111,1928,11,1927,7151,1777,674,63,1011,27,12,1926,626,1925,25,60],"class_list":{"0":"post-248050","1":"post","2":"type-post","3":"status-publish","4":"format-standard","5":"has-post-thumbnail","7":"category-paris","8":"tag-actu","9":"tag-actu-paris","10":"tag-actualites","11":"tag-actualites-paris","12":"tag-coupe-du-monde-des-clubs","13":"tag-eu","14":"tag-europe","15":"tag-football","16":"tag-fr","17":"tag-france","18":"tag-news","19":"tag-news-paris","20":"tag-paris","21":"tag-paris-news","22":"tag-republique-francaise","23":"tag-sports"},"share_on_mastodon":{"url":"https:\/\/pubeurope.com\/@fr\/114848237545803057","error":""},"_links":{"self":[{"href":"https:\/\/www.europesays.com\/fr\/wp-json\/wp\/v2\/posts\/248050","targetHints":{"allow":["GET"]}}],"collection":[{"href":"https:\/\/www.europesays.com\/fr\/wp-json\/wp\/v2\/posts"}],"about":[{"href":"https:\/\/www.europesays.com\/fr\/wp-json\/wp\/v2\/types\/post"}],"author":[{"embeddable":true,"href":"https:\/\/www.europesays.com\/fr\/wp-json\/wp\/v2\/users\/2"}],"replies":[{"embeddable":true,"href":"https:\/\/www.europesays.com\/fr\/wp-json\/wp\/v2\/comments?post=248050"}],"version-history":[{"count":0,"href":"https:\/\/www.europesays.com\/fr\/wp-json\/wp\/v2\/posts\/248050\/revisions"}],"wp:featuredmedia":[{"embeddable":true,"href":"https:\/\/www.europesays.com\/fr\/wp-json\/wp\/v2\/media\/248051"}],"wp:attachment":[{"href":"https:\/\/www.europesays.com\/fr\/wp-json\/wp\/v2\/media?parent=248050"}],"wp:term":[{"taxonomy":"category","embeddable":true,"href":"https:\/\/www.europesays.com\/fr\/wp-json\/wp\/v2\/categories?post=248050"},{"taxonomy":"post_tag","embeddable":true,"href":"https:\/\/www.europesays.com\/fr\/wp-json\/wp\/v2\/tags?post=248050"}],"curies":[{"name":"wp","href":"https:\/\/api.w.org\/{rel}","templated":true}]}}