{"id":248053,"date":"2025-07-13T22:17:18","date_gmt":"2025-07-13T22:17:18","guid":{"rendered":"https:\/\/www.europesays.com\/fr\/248053\/"},"modified":"2025-07-13T22:17:18","modified_gmt":"2025-07-13T22:17:18","slug":"chelsea-psg-3-0-paris-leclat-malgre-la-chute","status":"publish","type":"post","link":"https:\/\/www.europesays.com\/fr\/248053\/","title":{"rendered":"Chelsea\u00a0&#8211;\u00a0PSG (3-0)\u00a0: Paris, l\u2019\u00e9clat malgr\u00e9 la chute"},"content":{"rendered":"<p class=\"paragraph text_align_left lp-f-body-02\">Il s\u2019\u00e9chappait dans la touffeur du New Jersey, ce dimanche 13 juillet, comme un parfum d\u2019inachev\u00e9. Le PSG, favori annonc\u00e9, port\u00e9 par les vents de son \u00e9pop\u00e9e printani\u00e8re, <a href=\"https:\/\/www.leparisien.fr\/sports\/football\/coupe-du-monde-des-clubs\/chelsea-psg-3-0-le-feu-dartifice-est-annule-13-07-2025-BFTKWORG65BRRDAYCCLB4PO7PA.php\" target=\"_self\" rel=\"noopener\">a tr\u00e9buch\u00e9 lourdement sur la derni\u00e8re marche<\/a>. Chelsea a referm\u00e9 s\u00e8chement la porte du r\u00eave \u00e0 un Paris vid\u00e9 de son \u00e9nergie au seuil de la gloire mondiale. Le MetLife Stadium, suppos\u00e9 accueillir la derni\u00e8re ligne d\u2019un quintupl\u00e9 historique, est devenu le th\u00e9\u00e2tre d\u2019une am\u00e8re d\u00e9sillusion.<\/p>\n<p class=\"paragraph text_align_left lp-f-body-02\">Mais r\u00e9duire la saison parisienne \u00e0 cette chute serait trahir la v\u00e9rit\u00e9 d\u2019un voyage. Car si la couronne plan\u00e9taire s\u2019est envol\u00e9e, l\u2019essentiel demeure : cette \u00e9quipe, sous la f\u00e9rule d\u2019un Luis Enrique technicien habit\u00e9 et inspir\u00e9, a r\u00e9enchant\u00e9 le football europ\u00e9en. Elle a jou\u00e9 avec gr\u00e2ce, mordu avec intensit\u00e9, et, souvent, fr\u00f4l\u00e9 la perfection. Comment oublier <a href=\"https:\/\/www.leparisien.fr\/sports\/football\/ligue-des-champions\/psg-inter-5-0-paris-tout-puissant-31-05-2025-DNPP4HBOWFG23OPCCCDDHQKRKU.php\" target=\"_blank\" rel=\"noreferrer noopener\">ce 5-0 sublime inflig\u00e9 \u00e0 l\u2019Inter Milan en finale de la Ligue des champions<\/a> ? Ce 31 mai \u00e0 Munich, Paris n\u2019a pas gagn\u00e9 un match : il a sign\u00e9 une \u0153uvre.<\/p>\n","protected":false},"excerpt":{"rendered":"Il s\u2019\u00e9chappait dans la touffeur du New Jersey, ce dimanche 13 juillet, comme un parfum d\u2019inachev\u00e9. Le PSG,&hellip;\n","protected":false},"author":2,"featured_media":248054,"comment_status":"","ping_status":"","sticky":false,"template":"","format":"standard","meta":{"footnotes":""},"categories":[1888],"tags":[11,7151,1777,674,63,1011,27,12,626,25,60],"class_list":{"0":"post-248053","1":"post","2":"type-post","3":"status-publish","4":"format-standard","5":"has-post-thumbnail","7":"category-paris","8":"tag-actualites","9":"tag-coupe-du-monde-des-clubs","10":"tag-eu","11":"tag-europe","12":"tag-football","13":"tag-fr","14":"tag-france","15":"tag-news","16":"tag-paris","17":"tag-republique-francaise","18":"tag-sports"},"share_on_mastodon":{"url":"https:\/\/pubeurope.com\/@fr\/114848245052685962","error":""},"_links":{"self":[{"href":"https:\/\/www.europesays.com\/fr\/wp-json\/wp\/v2\/posts\/248053","targetHints":{"allow":["GET"]}}],"collection":[{"href":"https:\/\/www.europesays.com\/fr\/wp-json\/wp\/v2\/posts"}],"about":[{"href":"https:\/\/www.europesays.com\/fr\/wp-json\/wp\/v2\/types\/post"}],"author":[{"embeddable":true,"href":"https:\/\/www.europesays.com\/fr\/wp-json\/wp\/v2\/users\/2"}],"replies":[{"embeddable":true,"href":"https:\/\/www.europesays.com\/fr\/wp-json\/wp\/v2\/comments?post=248053"}],"version-history":[{"count":0,"href":"https:\/\/www.europesays.com\/fr\/wp-json\/wp\/v2\/posts\/248053\/revisions"}],"wp:featuredmedia":[{"embeddable":true,"href":"https:\/\/www.europesays.com\/fr\/wp-json\/wp\/v2\/media\/248054"}],"wp:attachment":[{"href":"https:\/\/www.europesays.com\/fr\/wp-json\/wp\/v2\/media?parent=248053"}],"wp:term":[{"taxonomy":"category","embeddable":true,"href":"https:\/\/www.europesays.com\/fr\/wp-json\/wp\/v2\/categories?post=248053"},{"taxonomy":"post_tag","embeddable":true,"href":"https:\/\/www.europesays.com\/fr\/wp-json\/wp\/v2\/tags?post=248053"}],"curies":[{"name":"wp","href":"https:\/\/api.w.org\/{rel}","templated":true}]}}