{"id":248055,"date":"2025-07-13T22:18:22","date_gmt":"2025-07-13T22:18:22","guid":{"rendered":"https:\/\/www.europesays.com\/fr\/248055\/"},"modified":"2025-07-13T22:18:22","modified_gmt":"2025-07-13T22:18:22","slug":"direct-ukraine-nouveau-village-capture-dans-la-region-de-donetsk","status":"publish","type":"post","link":"https:\/\/www.europesays.com\/fr\/248055\/","title":{"rendered":"DIRECT Ukraine: nouveau village captur\u00e9 dans la r\u00e9gion de Donetsk"},"content":{"rendered":"<p>LiveGuerre en Ukraine \u2013 <\/p>\n<p>La Russie revendique la capture d\u2019un nouveau village dans la r\u00e9gion de DonetskNouvelle nuit d\u2019attaques russes, au moins quatre mortsMoscou a fait de la France \u00abson principal adversaire en Europe\u00bb<\/p>\n<p class=\"ContentHead_lead____SsS link_regular__O0hk0 link_externalicon-big__ZdPgo link_externalicon__qcwXs\">Les forces russes ont intensifi\u00e9 leurs frappes \u00e0 travers l\u2019Ukraine depuis quelques semaines et les pourparlers de paix entre Moscou et Kiev sont bloqu\u00e9s.<\/p>\n<p>Publi\u00e9: 17.02.2025, 12h54Mis \u00e0 jour il y a 9 minutesNos derniers articles sur la guerre en Ukraine:<\/p>\n<p>00h08<\/p>\n<p class=\"ArticleParagraph_root__lhFZo ArticleContainer_content-width__FRl7F link_focus__0ZMwx link_externalicon-big__ZdPgo link_externalicon__qcwXs ArticleParagraph_-ticker__Dbjmy ArticleElement_article-element__q93eL\">L\u2019influent s\u00e9nateur am\u00e9ricain Lindsey Graham a d\u00e9fendu dimanche sa proposition de sanctions drastiques contre Moscou, un projet qui progresse \u00e0 mesure que semble s\u2019accro\u00eetre la frustration de Donald Trump vis-\u00e0-vis de Vladimir Poutine et que les frappes russes s\u2019intensifient en Ukraine.<\/p>\n<p class=\"ArticleParagraph_root__lhFZo ArticleContainer_content-width__FRl7F link_focus__0ZMwx link_externalicon-big__ZdPgo link_externalicon__qcwXs ArticleParagraph_-ticker__Dbjmy ArticleElement_article-element__q93eL\">\u00abUn tournant arrive\u00bb dans la guerre en Ukraine, a d\u00e9clar\u00e9 le s\u00e9nateur r\u00e9publicain sur CBS, apr\u00e8s que le pr\u00e9sident am\u00e9ricain a dit plus t\u00f4t dans la semaine qu\u2019il ferait lundi \u00abune d\u00e9claration importante\u00bb \u00e0 propos de la Russie. Lindsey Graham m\u00e8ne depuis plusieurs mois une coalition de parlementaires am\u00e9ricains favorables \u00e0 de nouvelles sanctions financi\u00e8res tr\u00e8s importantes contre Moscou et ses soutiens.<\/p>\n<p class=\"EmbedBlocker_hint__uEF_d\">\u00c0 ce stade, vous trouverez des contenus externes suppl\u00e9mentaires. Si vous acceptez que des cookies soient plac\u00e9s par des fournisseurs externes et que des donn\u00e9es personnelles soient ainsi transmises \u00e0 ces derniers, vous devez autoriser tous les cookies et afficher directement le contenu externe.<\/p>\n<p>Autoriser les cookiesPlus d&rsquo;infos<\/p>\n<p class=\"ArticleParagraph_root__lhFZo ArticleContainer_content-width__FRl7F link_focus__0ZMwx link_externalicon-big__ZdPgo link_externalicon__qcwXs ArticleParagraph_-ticker__Dbjmy ArticleElement_article-element__q93eL\">Cette proposition de loi \u00abdonnerait au pr\u00e9sident Trump la capacit\u00e9 d\u2019imposer des droits de douane de 500% sur n\u2019importe quel pays qui aide la Russie et soutient la machine de guerre de Poutine\u00bb, a d\u00e9clar\u00e9 dimanche le s\u00e9nateur. Le pr\u00e9sident aura \u00abune flexibilit\u00e9 maximum\u00bb sur les droits de douane impos\u00e9s si ce texte \u00e9tait adopt\u00e9, a dit Lindsey Graham, assurant avoir le soutien de 85 des 100 s\u00e9nateurs am\u00e9ricains, au-del\u00e0 donc du seul camp r\u00e9publicain de Donald Trump.<\/p>\n<p>13.07.2025, 21h18<\/p>\n<p class=\"ArticleParagraph_root__lhFZo ArticleContainer_content-width__FRl7F link_focus__0ZMwx link_externalicon-big__ZdPgo link_externalicon__qcwXs ArticleParagraph_-ticker__Dbjmy ArticleElement_article-element__q93eL\">Les services de s\u00e9curit\u00e9 ukrainiens (SBU) ont annonc\u00e9 dimanche avoir tu\u00e9 des personnes soup\u00e7onn\u00e9es d\u2019\u00eatre des agents russes responsables de l\u2019assassinat d\u2019un officier du renseignement ukrainien.<\/p>\n<p class=\"ArticleParagraph_root__lhFZo ArticleContainer_content-width__FRl7F link_focus__0ZMwx link_externalicon-big__ZdPgo link_externalicon__qcwXs ArticleParagraph_-ticker__Dbjmy ArticleElement_article-element__q93eL\">Ce dernier, le colonel Ivan Voronytch, qui travaillait pour le SBU, avait \u00e9t\u00e9 abattu jeudi \u00e0 Kiev, une affaire relativement rare en Ukraine.<\/p>\n<p class=\"ArticleParagraph_root__lhFZo ArticleContainer_content-width__FRl7F link_focus__0ZMwx link_externalicon-big__ZdPgo link_externalicon__qcwXs ArticleParagraph_-ticker__Dbjmy ArticleElement_article-element__q93eL\">Le SBU a affirm\u00e9 avoir conduit dimanche une op\u00e9ration dans la r\u00e9gion de la capitale ukrainienne en vue d\u2019arr\u00eater les suspects de son meurtre, identifi\u00e9s comme \u00e9tant des agents des services de s\u00e9curit\u00e9 russes (FSB).<\/p>\n<p class=\"ArticleParagraph_root__lhFZo ArticleContainer_content-width__FRl7F link_focus__0ZMwx link_externalicon-big__ZdPgo link_externalicon__qcwXs ArticleParagraph_-ticker__Dbjmy ArticleElement_article-element__q93eL\">Au moment de leur arrestation, des membres de ce groupe \u00abont oppos\u00e9 une r\u00e9sistance et ont \u00e9t\u00e9 neutralis\u00e9s\u00bb, a racont\u00e9 le SBU.<\/p>\n<p>Nombre inconnu<\/p>\n<p class=\"ArticleParagraph_root__lhFZo ArticleContainer_content-width__FRl7F link_focus__0ZMwx link_externalicon-big__ZdPgo link_externalicon__qcwXs ArticleParagraph_-ticker__Dbjmy ArticleElement_article-element__q93eL\">Les services ukrainiens n\u2019ont pas dit combien de personnes avaient \u00e9t\u00e9 tu\u00e9es au cours de cette op\u00e9ration mais ont diffus\u00e9 une vid\u00e9o dans laquelle deux cadavres sont visibles.<\/p>\n<p class=\"ArticleParagraph_root__lhFZo ArticleContainer_content-width__FRl7F link_focus__0ZMwx link_externalicon-big__ZdPgo link_externalicon__qcwXs ArticleParagraph_-ticker__Dbjmy ArticleElement_article-element__q93eL\">Le meurtre du colonel ukrainien avait \u00e9t\u00e9 commis, selon le SBU, par un homme et une femme qui l\u2019avaient suivi pour conna\u00eetre son emploi du temps et ses itin\u00e9raires habituels.<\/p>\n<p class=\"ArticleParagraph_root__lhFZo ArticleContainer_content-width__FRl7F link_focus__0ZMwx link_externalicon-big__ZdPgo link_externalicon__qcwXs ArticleParagraph_-ticker__Dbjmy ArticleElement_article-element__q93eL\">Un groupe d\u2019agents des services de s\u00e9curit\u00e9 russes \u00abavait \u00e9t\u00e9 envoy\u00e9 en Ukraine \u00e0 l\u2019avance\u00bb pour cet assassinat, a expliqu\u00e9 Vassyl Maliouk, le chef du SBU, cit\u00e9 dans le communiqu\u00e9.<\/p>\n<p>13.07.2025, 21h15<\/p>\n<p class=\"ArticleParagraph_root__lhFZo ArticleContainer_content-width__FRl7F link_focus__0ZMwx link_externalicon-big__ZdPgo link_externalicon__qcwXs ArticleParagraph_-ticker__Dbjmy ArticleElement_article-element__q93eL\">Le chef de la diplomatie russe Sergue\u00ef Lavrov, en visite \u00e0 P\u00e9kin, s\u2019est entretenu dimanche avec son homologue chinois, notamment sur l\u2019Ukraine et les \u00abrelations avec les Etats-Unis\u00bb, selon Moscou.<\/p>\n<p class=\"ArticleParagraph_root__lhFZo ArticleContainer_content-width__FRl7F link_focus__0ZMwx link_externalicon-big__ZdPgo link_externalicon__qcwXs ArticleParagraph_-ticker__Dbjmy ArticleElement_article-element__q93eL\">Sergue\u00ef Lavrov et Wang Yi ont \u00abdiscut\u00e9 des relations avec les Etats-Unis et des perspectives d\u2019un r\u00e8glement de la crise ukrainienne\u00bb, a d\u00e9clar\u00e9 le minist\u00e8re russe des Affaires \u00e9trang\u00e8res dans un communiqu\u00e9.<\/p>\n<p class=\"ArticleParagraph_root__lhFZo ArticleContainer_content-width__FRl7F link_focus__0ZMwx link_externalicon-big__ZdPgo link_externalicon__qcwXs ArticleParagraph_-ticker__Dbjmy ArticleElement_article-element__q93eL\">Le responsable russe se trouvait dimanche dans la capitale chinoise, apr\u00e8s une visite officielle en Cor\u00e9e du Nord les jours pr\u00e9c\u00e9dents.<\/p>\n<p>13.07.2025, 13h35<\/p>\n<p class=\"ArticleParagraph_root__lhFZo ArticleContainer_content-width__FRl7F link_focus__0ZMwx link_externalicon-big__ZdPgo link_externalicon__qcwXs ArticleParagraph_-ticker__Dbjmy ArticleElement_article-element__q93eL\">La Russie a affirm\u00e9 dimanche qu\u2019elle avait captur\u00e9 un autre village dans l\u2019ouest de la r\u00e9gion de Donetsk en Ukraine, ses troupes progressant lentement vers la r\u00e9gion voisine de Dnipropetrovsk.<\/p>\n<p class=\"ArticleParagraph_root__lhFZo ArticleContainer_content-width__FRl7F link_focus__0ZMwx link_externalicon-big__ZdPgo link_externalicon__qcwXs ArticleParagraph_-ticker__Dbjmy ArticleElement_article-element__q93eL\">Le minist\u00e8re de la D\u00e9fense de Moscou a indiqu\u00e9 que les troupes russes avaient pris le village de Mirne, qu\u2019il a d\u00e9sign\u00e9 sous son nom sovi\u00e9tique de \u00abKarl Marx\u00bb.<\/p>\n<p>13.07.2025, 01h09<\/p>\n<p class=\"ArticleParagraph_root__lhFZo ArticleContainer_content-width__FRl7F link_focus__0ZMwx link_externalicon-big__ZdPgo link_externalicon__qcwXs ArticleParagraph_-ticker__Dbjmy ArticleElement_article-element__q93eL\">Le dirigeant nord-cor\u00e9en Kim Jong Un a assur\u00e9 le chef de la diplomatie russe Sergue\u00ef Lavrov de son soutien \u00abinconditionnel\u00bb dans la guerre contre l\u2019Ukraine, jugeant \u00abcertaine\u00bb la victoire de Moscou, ont rapport\u00e9 dimanche les m\u00e9dias officiels de Pyongyang.<\/p>\n<p class=\"ArticleParagraph_root__lhFZo ArticleContainer_content-width__FRl7F link_focus__0ZMwx link_externalicon-big__ZdPgo link_externalicon__qcwXs ArticleParagraph_-ticker__Dbjmy ArticleElement_article-element__q93eL\">Selon l\u2019agence d\u2019Etat KCNA, M. Kim a re\u00e7u M. Lavrov \u00abdans une atmosph\u00e8re de confiance et de chaleureuse camaraderie\u00bb, au moment o\u00f9 la Cor\u00e9e du Nord et la Russie resserrent leurs liens diplomatiques et militaires. Le minist\u00e8re russe des Affaires \u00e9trang\u00e8res a publi\u00e9 de son c\u00f4t\u00e9 sur Telegram une vid\u00e9o des deux hommes se serrant la main et se donnant l\u2019accolade.<\/p>\n<p>12.07.2025, 14h35<\/p>\n<p class=\"ArticleParagraph_root__lhFZo ArticleContainer_content-width__FRl7F link_focus__0ZMwx link_externalicon-big__ZdPgo link_externalicon__qcwXs ArticleParagraph_-ticker__Dbjmy ArticleElement_article-element__q93eL\">La Russie a lanc\u00e9 dans la nuit plus de 620 drones et missiles contre l\u2019Ukraine, notamment sur l\u2019ouest du pays, ont annonc\u00e9 samedi le pr\u00e9sident Volodymyr Zelensky et l\u2019arm\u00e9e ukrainienne, les diff\u00e9rentes autorit\u00e9s r\u00e9gionales faisant \u00e9tat d\u2019au moins quatre morts et de bless\u00e9s.<\/p>\n<p class=\"ArticleParagraph_root__lhFZo ArticleContainer_content-width__FRl7F link_focus__0ZMwx link_externalicon-big__ZdPgo link_externalicon__qcwXs ArticleParagraph_-ticker__Dbjmy ArticleElement_article-element__q93eL\">Les frappes a\u00e9riennes russes contre l\u2019Ukraine se sont encore intensifi\u00e9es ces derni\u00e8res semaines, et Moscou bat chaque semaine des records en nombre d\u2019engins tir\u00e9s, fournis par une industrie de d\u00e9fense qui tourne \u00e0 plein r\u00e9gime.<\/p>\n<p class=\"EmbedBlocker_hint__uEF_d\">\u00c0 ce stade, vous trouverez des contenus externes suppl\u00e9mentaires. Si vous acceptez que des cookies soient plac\u00e9s par des fournisseurs externes et que des donn\u00e9es personnelles soient ainsi transmises \u00e0 ces derniers, vous devez autoriser tous les cookies et afficher directement le contenu externe.<\/p>\n<p>Autoriser les cookiesPlus d&rsquo;infos<\/p>\n<p class=\"ArticleParagraph_root__lhFZo ArticleContainer_content-width__FRl7F link_focus__0ZMwx link_externalicon-big__ZdPgo link_externalicon__qcwXs ArticleParagraph_-ticker__Dbjmy ArticleElement_article-element__q93eL\">\u00abVingt-six missiles de croisi\u00e8re et 597 drones d\u2019attaque ont \u00e9t\u00e9 lanc\u00e9s, dont plus de la moiti\u00e9 \u00e9taient des \u00abShaheds\u00bb de fabrication iranienne, a \u00e9crit samedi Volodymyr Zelensky.<\/p>\n<p class=\"ArticleParagraph_root__lhFZo ArticleContainer_content-width__FRl7F link_focus__0ZMwx link_externalicon-big__ZdPgo link_externalicon__qcwXs ArticleParagraph_-ticker__Dbjmy ArticleElement_article-element__q93eL\">L\u2019arm\u00e9e de l\u2019air ukrainienne a dit avoir abattu plus de la moiti\u00e9 de ces engins, soit 319 drones de type Shahed et 25 missiles. Quelque 258 drones leurres, utilis\u00e9s pour tromper les d\u00e9fenses antia\u00e9riennes de l\u2019Ukraine, ont \u00e9t\u00e9 perdus ou \u00e9limin\u00e9s, selon elle.<\/p>\n<p>11.07.2025, 14h43<\/p>\n<p class=\"ArticleParagraph_root__lhFZo ArticleContainer_content-width__FRl7F link_focus__0ZMwx link_externalicon-big__ZdPgo link_externalicon__qcwXs ArticleParagraph_-ticker__Dbjmy ArticleElement_article-element__q93eL\">L\u2019\u00e9missaire am\u00e9ricain Keith Kellogg se rendra en Ukraine \u00e0 partir de lundi pour une visite officielle, a annonc\u00e9 vendredi le porte-parole de la diplomatie ukrainienne, Gueorgi\u00ef Tykhy.<\/p>\n<p class=\"ArticleParagraph_root__lhFZo ArticleContainer_content-width__FRl7F link_focus__0ZMwx link_externalicon-big__ZdPgo link_externalicon__qcwXs ArticleParagraph_-ticker__Dbjmy ArticleElement_article-element__q93eL\">Cette visite, qui doit durer une semaine selon un m\u00e9dia ukrainien, interviendra alors que le pr\u00e9sident Donald Trump a r\u00e9cemment promis de nouvelles livraisons d\u2019armes \u00e0 l\u2019Ukraine et fait part de sa frustration \u00e0 l\u2019encontre de Moscou face au manque de progr\u00e8s dans les n\u00e9gociations de paix.<\/p>\n<p>11.07.2025, 13h09<\/p>\n<p class=\"ArticleParagraph_root__lhFZo ArticleContainer_content-width__FRl7F link_focus__0ZMwx link_externalicon-big__ZdPgo link_externalicon__qcwXs ArticleParagraph_-ticker__Dbjmy ArticleElement_article-element__q93eL\">Trois personnes ont \u00e9t\u00e9 tu\u00e9es vendredi en Russie dans une attaque nocturne de drones ukrainiens, tandis que des bombardements russes en Ukraine ont bless\u00e9 une quinzaine de personnes et touch\u00e9 une maternit\u00e9 \u00e0 Kharkiv.<\/p>\n<p><img decoding=\"async\" loading=\"lazy\" src=\"https:\/\/www.europesays.com\/fr\/wp-content\/uploads\/2025\/07\/14oVB8wJKCO81qYj-T5qGu.jpg\" alt=\"Des soldats ukrainiens tirent un lance-roquettes multiple.\" title=\"Des soldats ukrainiens tirent un lance-roquettes multiple.\" class=\"ResponsiveImage_root__ZDz10 responsive-image\" style=\"background-color:#726B60\"\/><\/p>\n<p>Des soldats ukrainiens tirent un lance-roquettes multiple.<\/p>\n<p>AFP\/Roman PILIPEY<\/p>\n<p class=\"ArticleParagraph_root__lhFZo ArticleContainer_content-width__FRl7F link_focus__0ZMwx link_externalicon-big__ZdPgo link_externalicon__qcwXs ArticleParagraph_-ticker__Dbjmy ArticleElement_article-element__q93eL\">Cette salve ukrainienne intervient apr\u00e8s une s\u00e9rie de frappes massives de drones russes sur l\u2019Ukraine, notamment sur Kiev, et alors que Moscou bat chaque semaine des records en nombre d\u2019engins tir\u00e9s, fournis par une industrie de d\u00e9fense qui tourne \u00e0 plein r\u00e9gime.<\/p>\n<p class=\"ArticleParagraph_root__lhFZo ArticleContainer_content-width__FRl7F link_focus__0ZMwx link_externalicon-big__ZdPgo link_externalicon__qcwXs ArticleParagraph_-ticker__Dbjmy ArticleElement_article-element__q93eL\">En Russie, un civil a \u00e9t\u00e9 tu\u00e9 dans la r\u00e9gion de Lipetsk (ouest) et un autre dans celle de Toula, pr\u00e8s de Moscou, dans cette attaque de drones ukrainienne. Un troisi\u00e8me est mort dans des bombardements d\u2019artillerie dans la r\u00e9gion frontali\u00e8re de Belgorod, selon les autorit\u00e9s locales.<\/p>\n<p>11.07.2025, 12h08<\/p>\n<p class=\"ArticleParagraph_root__lhFZo ArticleContainer_content-width__FRl7F link_focus__0ZMwx link_externalicon-big__ZdPgo link_externalicon__qcwXs ArticleParagraph_-ticker__Dbjmy ArticleElement_article-element__q93eL\">Moscou a identifi\u00e9 la France comme \u00e9tant \u00abson principal adversaire en Europe\u00bb, a d\u00e9clar\u00e9 vendredi le chef d\u2019\u00e9tat-major fran\u00e7ais Thierry Burkhard, en l\u2019expliquant notamment par le soutien de Paris \u00e0 l\u2019Ukraine envahie par la Russie.<\/p>\n<p><img decoding=\"async\" loading=\"lazy\" src=\"https:\/\/www.europesays.com\/fr\/wp-content\/uploads\/2025\/07\/1UBdHPrBaUtBLxXpROYJ_M.jpg\" alt=\"Le g\u00e9n\u00e9ral Thierry Burkhard, chef d\u2019\u00e9tat-major des arm\u00e9es de France, s\u2019exprime lors d\u2019une conf\u00e9rence de presse \u00e0 Paris, devant un panneau du minist\u00e8re des Arm\u00e9es, le 11 juillet 2025.\" title=\"Le g\u00e9n\u00e9ral Thierry Burkhard, chef d\u2019\u00e9tat-major des arm\u00e9es de France, s\u2019exprime lors d\u2019une conf\u00e9rence de presse \u00e0 Paris, devant un panneau du minist\u00e8re des Arm\u00e9es, le 11 juillet 2025.\" class=\"ResponsiveImage_root__ZDz10 responsive-image\" style=\"background-color:#73594E\"\/><\/p>\n<p>Le g\u00e9n\u00e9ral Thierry Burkhard, chef d\u2019\u00e9tat-major des arm\u00e9es de France.<\/p>\n<p>AFP\/Thibaud MORITZ<\/p>\n<p class=\"ArticleParagraph_root__lhFZo ArticleContainer_content-width__FRl7F link_focus__0ZMwx link_externalicon-big__ZdPgo link_externalicon__qcwXs ArticleParagraph_-ticker__Dbjmy ArticleElement_article-element__q93eL\">\u00abC\u2019est (Vladimir) Poutine qui a dit\u00bb cela, a soulign\u00e9 le g\u00e9n\u00e9ral Burkhard lors d\u2019une rare conf\u00e9rence de presse. \u00abCela ne pas dire qu\u2019il s\u2019occupe pas des autres pays et cela ne veut pas dire qu\u2019il ne s\u2019occupe que de nous\u00bb, par des actions hybrides, a-t-il ajout\u00e9.<\/p>\n<p>11.07.2025, 09h41<\/p>\n<p class=\"ArticleParagraph_root__lhFZo ArticleContainer_content-width__FRl7F link_focus__0ZMwx link_externalicon-big__ZdPgo link_externalicon__qcwXs ArticleParagraph_-ticker__Dbjmy ArticleElement_article-element__q93eL\">La pr\u00e9sidente de la Chambre basse a d\u00fb passer deux heures dans un abri antiatomique lors de son voyage en Ukraine dans la nuit de jeudi \u00e0 vendredi. <a class=\"HtmlText_root__A1OSq\" href=\"https:\/\/www.24heures.ch\/ukraine-la-presidente-du-national-surprise-par-une-attaque-de-drones-178825457376\" target=\"_blank\" rel=\"noopener\">Lire notre article<\/a>.<\/p>\n<p><img decoding=\"async\" loading=\"lazy\" src=\"https:\/\/www.europesays.com\/fr\/wp-content\/uploads\/2025\/07\/36Gndd_u4V18gvez67kD-q.png\" alt=\"Une femme en veste rouge tient une cloche et est pr\u00eate \u00e0 la faire sonner, debout devant un pupitre en bois.\" title=\"Une femme en veste rouge tient une cloche et est pr\u00eate \u00e0 la faire sonner, debout devant un pupitre en bois.\" class=\"ResponsiveImage_root__ZDz10 responsive-image\" style=\"background-color:#725232\"\/><\/p>\n<p>Maja Riniker, pr\u00e9sidente du Conseil national.<\/p>\n<p> KEYSTONE\/Anthony Anex<\/p>\n<p>11.07.2025, 08h48<\/p>\n<p class=\"ArticleParagraph_root__lhFZo ArticleContainer_content-width__FRl7F link_focus__0ZMwx link_externalicon-big__ZdPgo link_externalicon__qcwXs ArticleParagraph_-ticker__Dbjmy ArticleElement_article-element__q93eL\">Le ministre russe des Affaires \u00e9trang\u00e8res, Sergue\u00ef Lavrov, a d\u00e9clar\u00e9 vendredi avoir expos\u00e9 la position de Vladimir Poutine sur le r\u00e8glement du conflit en Ukraine lors d\u2019une rencontre, la veille, avec son homologue am\u00e9ricain Marco Rubio.<\/p>\n<p><img decoding=\"async\" loading=\"lazy\" src=\"https:\/\/www.europesays.com\/fr\/wp-content\/uploads\/2025\/07\/2hNqU7SMK0VB_osCT-28uW.jpg\" alt=\"Le Secr\u00e9taire d\u2019\u00c9tat am\u00e9ricain, Marco Rubio, discute avec le Ministre des Affaires \u00e9trang\u00e8res russe, Sergei Lavrov, lors de la r\u00e9union des Ministres des Affaires \u00e9trang\u00e8res de l\u2019ASEAN \u00e0 Kuala Lumpur le 11 juillet 2025.\" title=\"Le Secr\u00e9taire d\u2019\u00c9tat am\u00e9ricain, Marco Rubio, discute avec le Ministre des Affaires \u00e9trang\u00e8res russe, Sergei Lavrov, lors de la r\u00e9union des Ministres des Affaires \u00e9trang\u00e8res de l\u2019ASEAN \u00e0 Kuala Lumpur le 11 juillet 2025.\" class=\"ResponsiveImage_root__ZDz10 responsive-image\" style=\"background-color:#705461\"\/><\/p>\n<p>Le Secr\u00e9taire d\u2019\u00c9tat am\u00e9ricain, Marco Rubio, discute avec le Ministre des Affaires \u00e9trang\u00e8res russe, Sergei Lavrov (droite).<\/p>\n<p>AFP\/MOHD RASFAN<\/p>\n<p class=\"ArticleParagraph_root__lhFZo ArticleContainer_content-width__FRl7F link_focus__0ZMwx link_externalicon-big__ZdPgo link_externalicon__qcwXs ArticleParagraph_-ticker__Dbjmy ArticleElement_article-element__q93eL\">\u201cNous avons discut\u00e9 de l\u2019Ukraine. Nous avons confirm\u00e9 la position que le pr\u00e9sident Poutine avait expos\u00e9e, notamment lors de sa conversation du 3 juillet avec le pr\u00e9sident Trump\u201d, a d\u00e9clar\u00e9 Lavrov aux m\u00e9dias russes en marge d\u2019une r\u00e9union de l\u2019Association des nations d\u2019Asie du Sud-Est (Asean) \u00e0 Kuala Lumpur.<\/p>\n<p>11.07.2025, 06h48<\/p>\n<p class=\"ArticleParagraph_root__lhFZo ArticleContainer_content-width__FRl7F link_focus__0ZMwx link_externalicon-big__ZdPgo link_externalicon__qcwXs ArticleParagraph_-ticker__Dbjmy ArticleElement_article-element__q93eL\">Les autorit\u00e9s russes ont annonc\u00e9 vendredi matin avoir abattu 155 drones ukrainiens dans la nuit, et qu\u2019une attaque de drone avait fait un mort dans la r\u00e9gion russe de Lipetsk.<\/p>\n<p class=\"ArticleParagraph_root__lhFZo ArticleContainer_content-width__FRl7F link_focus__0ZMwx link_externalicon-big__ZdPgo link_externalicon__qcwXs ArticleParagraph_-ticker__Dbjmy ArticleElement_article-element__q93eL\">\u00abLes syst\u00e8mes de la d\u00e9fense a\u00e9rienne en service ont intercept\u00e9 et d\u00e9truit 155 drones ukrainiens\u00bb, a indiqu\u00e9 le minist\u00e8re russe de la D\u00e9fense sur le r\u00e9seau social Telegram, ajoutant que 53 de ces engins avaient \u00e9t\u00e9 abattus dans la seule r\u00e9gion de Koursk, frontali\u00e8re de l\u2019Ukraine.<\/p>\n<p class=\"ArticleParagraph_root__lhFZo ArticleContainer_content-width__FRl7F link_focus__0ZMwx link_externalicon-big__ZdPgo link_externalicon__qcwXs ArticleParagraph_-ticker__Dbjmy ArticleElement_article-element__q93eL\">Dans celle de Lipetsk, \u00e9galement dans l\u2019ouest du pays, une attaque de drone a caus\u00e9 la mort d\u2019une personne, a annonc\u00e9 plus t\u00f4t le gouverneur local.<\/p>\n<p>11.07.2025, 05h38<\/p>\n<p class=\"ArticleParagraph_root__lhFZo ArticleContainer_content-width__FRl7F link_focus__0ZMwx link_externalicon-big__ZdPgo link_externalicon__qcwXs ArticleParagraph_-ticker__Dbjmy ArticleElement_article-element__q93eL\">Une attaque de drone a caus\u00e9 la mort d\u2019une personne dans la r\u00e9gion de Lipetsk, dans l\u2019ouest de la Russie, a annonc\u00e9 le gouverneur local vendredi matin. \u00abCette nuit, un drone s\u2019est \u00e9cras\u00e9 sur le terrain d\u2019une des entreprises agricoles du district de Khlevensky\u00bb, situ\u00e9 \u00e0 quelque 400 kilom\u00e8tres au sud de Moscou, ce qui a provoqu\u00e9 un incendie, a d\u00e9crit Igor Artamonov sur Telegram. \u00abUne personne est morte, une autre a \u00e9t\u00e9 bless\u00e9e\u00bb, a-t-il ajout\u00e9.<\/p>\n<p class=\"ArticleParagraph_root__lhFZo ArticleContainer_content-width__FRl7F link_focus__0ZMwx link_externalicon-big__ZdPgo link_externalicon__qcwXs ArticleParagraph_-ticker__Dbjmy ArticleElement_article-element__q93eL\">L\u2019Ukraine m\u00e8ne presque chaque jour des attaques a\u00e9riennes en Russie, tandis que les forces russes continuent elles aussi de bombarder quasi quotidiennement des villes ukrainiennes, dans le cadre de l\u2019offensive russe en Ukraine lanc\u00e9e en f\u00e9vrier 2022.<\/p>\n<p>10.07.2025, 22h37<\/p>\n<p class=\"ArticleParagraph_root__lhFZo ArticleContainer_content-width__FRl7F link_focus__0ZMwx link_externalicon-big__ZdPgo link_externalicon__qcwXs ArticleParagraph_-ticker__Dbjmy ArticleElement_article-element__q93eL\">Le secr\u00e9taire d\u2019Etat am\u00e9ricain Marco Rubio a annonc\u00e9 jeudi s\u2019\u00eatre vu proposer par son homologue russe Sergue\u00ef Lavrov une \u00abnouvelle id\u00e9e\u00bb sur l\u2019Ukraine lors de leur rencontre \u00abfranche\u00bb en Malaisie.<\/p>\n<p class=\"ArticleParagraph_root__lhFZo ArticleContainer_content-width__FRl7F link_focus__0ZMwx link_externalicon-big__ZdPgo link_externalicon__qcwXs ArticleParagraph_-ticker__Dbjmy ArticleElement_article-element__q93eL\">Marco Rubio a indiqu\u00e9 jeudi que Sergue\u00ef Lavrov lui avait pr\u00e9sent\u00e9 \u00abune nouvelle id\u00e9e ou un concept nouveau\u00bb qu\u2019il allait d\u00e9sormais \u00abrapporter au pr\u00e9sident (Donald Trump) pour en discuter\u00bb. Selon lui, il ne s\u2019agit pas d\u2019une \u00abnouvelle approche\u00bb, ni d\u2019une initiative menant \u00abautomatiquement \u00e0 la paix\u00bb mais d\u2019une \u00abnouvelle id\u00e9e\u00bb qui \u00abpourrait potentiellement permettre d\u2019ouvrir la porte\u00bb vers une issue possible.<\/p>\n<p class=\"ArticleParagraph_root__lhFZo ArticleContainer_content-width__FRl7F link_focus__0ZMwx link_externalicon-big__ZdPgo link_externalicon__qcwXs ArticleParagraph_-ticker__Dbjmy ArticleElement_article-element__q93eL\">Marco Rubio a aussi assur\u00e9 avoir signifi\u00e9 \u00e0 son homologue, lors de cet \u00ab\u00e9change franc\u00bb \u00e0 Kuala Lumpur, la \u00abd\u00e9ception\u00bb et la \u00abfrustration\u00bb de Donald Trump face au \u00abmanque de progr\u00e8s\u00bb pour mettre fin \u00e0 l\u2019invasion russe de l\u2019Ukraine lanc\u00e9e en 2022.<\/p>\n<p>10.07.2025, 20h43<\/p>\n<p class=\"ArticleParagraph_root__lhFZo ArticleContainer_content-width__FRl7F link_focus__0ZMwx link_externalicon-big__ZdPgo link_externalicon__qcwXs ArticleParagraph_-ticker__Dbjmy ArticleElement_article-element__q93eL\">La force exp\u00e9ditionnaire conjointe franco-britannique (CJEF) va voir ses effectifs renforc\u00e9s pour atteindre \u00abjusqu\u2019\u00e0 50\u2019000 hommes\u00bb mobilisables \u00abdans un engagement majeur\u00bb et qui pourraient \u00eatre mis \u00ab\u00e0 disposition de l\u2019Otan\u00bb, a annonc\u00e9 jeudi le pr\u00e9sident fran\u00e7ais Emmanuel Macron.<\/p>\n<p class=\"ArticleParagraph_root__lhFZo ArticleContainer_content-width__FRl7F link_focus__0ZMwx link_externalicon-big__ZdPgo link_externalicon__qcwXs ArticleParagraph_-ticker__Dbjmy ArticleElement_article-element__q93eL\">\u00abNous faisons passer cette force conjointe du niveau d\u2019une brigade \u00e0 celle d\u2019un corps d\u2019arm\u00e9e, c\u2019est-\u00e0-dire pouvant aller jusqu\u2019\u00e0 50\u2019000 hommes, capables d\u2019\u00eatre employ\u00e9s dans un engagement majeur\u00bb, a-t-il d\u00e9clar\u00e9 lors d\u2019une conf\u00e9rence de presse conjointe avec le premier ministre britannique Keir Starmer sur la base militaire britannique de Northwood, au nord-ouest de Londres.<\/p>\n<p class=\"ArticleParagraph_root__lhFZo ArticleContainer_content-width__FRl7F link_focus__0ZMwx link_externalicon-big__ZdPgo link_externalicon__qcwXs ArticleParagraph_-ticker__Dbjmy ArticleElement_article-element__q93eL\">Cette force, susceptible d\u2019\u00eatre \u00abmultipli\u00e9e par cinq\u00bb par rapport \u00e0 son volume actuel, aura un noyau dur, autour de la France et du Royaume-Uni, \u00abcapable d\u2019agr\u00e9ger d\u2019autres partenaires europ\u00e9ens et d\u2019\u00eatre mis \u00e0 la disposition\u00bb de l\u2019Otan, a-t-il ajout\u00e9.<\/p>\n<p class=\"ArticleParagraph_root__lhFZo ArticleContainer_content-width__FRl7F link_focus__0ZMwx link_externalicon-big__ZdPgo link_externalicon__qcwXs ArticleParagraph_-ticker__Dbjmy ArticleElement_article-element__q93eL\">Ce partenariat \u00abdonne une cr\u00e9dibilit\u00e9 et une robustesse \u00e0 ce pilier europ\u00e9en de l\u2019OTAN sur le plan op\u00e9rationnel et cr\u00e9dibilise aussi l\u2019autonomie strat\u00e9gique\u00bb de l\u2019Europe, a soulign\u00e9 Emmanuel Macron.<\/p>\n<p>10.07.2025, 16h11<\/p>\n<p class=\"ArticleParagraph_root__lhFZo ArticleContainer_content-width__FRl7F link_focus__0ZMwx link_externalicon-big__ZdPgo link_externalicon__qcwXs ArticleParagraph_-ticker__Dbjmy ArticleElement_article-element__q93eL\">Le Premier ministre britannique Keir Starmer et le pr\u00e9sident fran\u00e7ais Emmanuel Macron ont appel\u00e9 jeudi \u00e0 accro\u00eetre \u00abla pression\u00bb sur le pr\u00e9sident russe Vladimir Poutine avec de nouvelles sanctions pour obtenir un cessez-le-feu en Ukraine.<\/p>\n<p><img decoding=\"async\" loading=\"lazy\" src=\"https:\/\/www.europesays.com\/fr\/wp-content\/uploads\/2025\/07\/4kAVUf5vKBTBA201kI5fcT.jpg\" alt=\"Keir Starmer et Emmanuel Macron lors d\u2019une r\u00e9union \u00e0 Northwood HQ, \u00e0 Londres, avec un drapeau britannique en arri\u00e8re-plan, le 9 juillet 2025.\" title=\"Keir Starmer et Emmanuel Macron lors d\u2019une r\u00e9union \u00e0 Northwood HQ, \u00e0 Londres, avec un drapeau britannique en arri\u00e8re-plan, le 9 juillet 2025.\" class=\"ResponsiveImage_root__ZDz10 responsive-image\" style=\"background-color:#815C50\"\/><\/p>\n<p>Keir Starmer et Emmanuel Macron lors d\u2019une r\u00e9union au centre de commandement de l\u2019Otan de Northwood, \u00e0 Londres.<\/p>\n<p>LEON NEAL\/GETTY IMAGES<\/p>\n<p class=\"ArticleParagraph_root__lhFZo ArticleContainer_content-width__FRl7F link_focus__0ZMwx link_externalicon-big__ZdPgo link_externalicon__qcwXs ArticleParagraph_-ticker__Dbjmy ArticleElement_article-element__q93eL\">\u00abNous devons r\u00e9orienter nos efforts vers la pr\u00e9paration de la paix, en for\u00e7ant Poutine \u00e0 se rendre \u00e0 la table des n\u00e9gociations (\u2026). Cette pression coordonn\u00e9e fera la diff\u00e9rence\u00bb, a d\u00e9clar\u00e9 Keir Starmer, tandis qu\u2019Emmanuel Macron appelait \u00e0 \u00abaugmenter la pression\u00bb sur la Russie.<\/p>\n<p class=\"ArticleParagraph_root__lhFZo ArticleContainer_content-width__FRl7F link_focus__0ZMwx link_externalicon-big__ZdPgo link_externalicon__qcwXs ArticleParagraph_-ticker__Dbjmy ArticleElement_article-element__q93eL\">Les deux dirigeants copr\u00e9sident depuis le centre de commandement de l\u2019Otan de Northwood, au nord-ouest de Londres, une r\u00e9union par visioconf\u00e9rence de la \u00abcoalition des pays volontaires\u00bb, pr\u00eats \u00e0 garantir un futur cessez-le-feu entre Kiev et Moscou. L\u2019\u00e9missaire am\u00e9ricain Keith Kellogg et deux s\u00e9nateurs am\u00e9ricains, dont le r\u00e9publicain Lindsay Graham qui pousse pour des sanctions drastiques contre la Russie, comptent parmi les participants \u00e0 la r\u00e9union.<\/p>\n<p>10.07.2025, 14h21<\/p>\n<p class=\"ArticleParagraph_root__lhFZo ArticleContainer_content-width__FRl7F link_focus__0ZMwx link_externalicon-big__ZdPgo link_externalicon__qcwXs ArticleParagraph_-ticker__Dbjmy ArticleElement_article-element__q93eL\">Le secr\u00e9taire d\u2019\u00c9tat am\u00e9ricain Marco Rubio et son homologue russe Sergue\u00ef Lavrov ont eu jeudi \u00abun \u00e9change franc\u00bb sur la guerre en <a class=\"HtmlText_root__A1OSq\" href=\"https:\/\/www.24heures.ch\/sans-donald-trump-le-g7-se-contente-du-minimum-sur-lukraine-275586943991\" target=\"_blank\" rel=\"noopener\">Ukraine<\/a>, en marge d\u2019une r\u00e9union diplomatique de l\u2019Asie du Sud-Est \u00e0 Kuala Lumpur, a annonc\u00e9 la diplomatie russe \u00e0 l\u2019issue de leur entretien.<\/p>\n<p><img decoding=\"async\" loading=\"lazy\" src=\"https:\/\/www.europesays.com\/fr\/wp-content\/uploads\/2025\/07\/4Dheg1FBKk_9d1GVR6Md3E.jpg\" alt=\"Le secr\u00e9taire d\u2019\u00c9tat am\u00e9ricain Marco Rubio serre la main du ministre russe des Affaires \u00e9trang\u00e8res Sergue\u00ef Lavrov au palais de Diriyah \u00e0 Riyad, Arabie saoudite, lors de pourparlers USA-Russie.\" title=\"Le secr\u00e9taire d\u2019\u00c9tat am\u00e9ricain Marco Rubio serre la main du ministre russe des Affaires \u00e9trang\u00e8res Sergue\u00ef Lavrov au palais de Diriyah \u00e0 Riyad, Arabie saoudite, lors de pourparlers USA-Russie.\" class=\"ResponsiveImage_root__ZDz10 responsive-image\" style=\"background-color:#927256\"\/><\/p>\n<p>AFP\/SPA<\/p>\n<p class=\"ArticleParagraph_root__lhFZo ArticleContainer_content-width__FRl7F link_focus__0ZMwx link_externalicon-big__ZdPgo link_externalicon__qcwXs ArticleParagraph_-ticker__Dbjmy ArticleElement_article-element__q93eL\">\u00abUn \u00e9change substantiel et franc a eu lieu sur le r\u00e8glement de la situation en Ukraine, la situation en Iran et en Syrie, ainsi que sur un certain nombre d\u2019autres probl\u00e8mes internationaux\u00bb, a indiqu\u00e9 la diplomatie russe dans un communiqu\u00e9.<\/p>\n<p class=\"ArticleParagraph_root__lhFZo ArticleContainer_content-width__FRl7F link_focus__0ZMwx link_externalicon-big__ZdPgo link_externalicon__qcwXs ArticleParagraph_-ticker__Dbjmy ArticleElement_article-element__q93eL\">\u00abLa volont\u00e9 mutuelle (\u2026) de r\u00e9tablir la coop\u00e9ration \u00e9conomique\u00bb entre la Russie et les \u00c9tats-Unis a \u00e9galement \u00e9t\u00e9 \u00abr\u00e9affirm\u00e9e\u00bb, a encore assur\u00e9 cette source.<\/p>\n<p>10.07.2025, 13h55<\/p>\n<p class=\"ArticleParagraph_root__lhFZo ArticleContainer_content-width__FRl7F link_focus__0ZMwx link_externalicon-big__ZdPgo link_externalicon__qcwXs ArticleParagraph_-ticker__Dbjmy ArticleElement_article-element__q93eL\">L\u2019Union europ\u00e9enne va mobiliser 2,3 milliards d\u2019euros pour la reconstruction de l\u2019<a class=\"HtmlText_root__A1OSq\" href=\"https:\/\/www.24heures.ch\/revelations-trump-aurait-menace-poutine-de-bombarder-moscou-846382979951\" target=\"_blank\" rel=\"noopener\">Ukraine<\/a>, en cr\u00e9ant, entre autres, un fonds sp\u00e9cial destin\u00e9 \u00e0 mobiliser aussi les capitaux priv\u00e9s, a indiqu\u00e9 jeudi la Commission europ\u00e9enne.<\/p>\n<p><img decoding=\"async\" loading=\"lazy\" src=\"https:\/\/www.europesays.com\/fr\/wp-content\/uploads\/2025\/07\/4fd02C6f45lB_wp3XYeypd.jpg\" alt=\"Ursula von der Leyen, pr\u00e9sidente de la Commission europ\u00e9enne, prononce un discours lors d\u2019une session pl\u00e9ni\u00e8re au Parlement europ\u00e9en \u00e0 Strasbourg, le 9 juillet 2025.\" title=\"Ursula von der Leyen, pr\u00e9sidente de la Commission europ\u00e9enne, prononce un discours lors d\u2019une session pl\u00e9ni\u00e8re au Parlement europ\u00e9en \u00e0 Strasbourg, le 9 juillet 2025.\" class=\"ResponsiveImage_root__ZDz10 responsive-image\" style=\"background-color:#647ED9\"\/><\/p>\n<p>AFP\/Jean-Christophe Verhaegen<\/p>\n<p class=\"ArticleParagraph_root__lhFZo ArticleContainer_content-width__FRl7F link_focus__0ZMwx link_externalicon-big__ZdPgo link_externalicon__qcwXs ArticleParagraph_-ticker__Dbjmy ArticleElement_article-element__q93eL\">\u00abAvec 2,3 milliards d\u2019euros d\u2019accords sign\u00e9s, nous visons \u00e0 d\u00e9bloquer jusqu\u2019\u00e0 10 milliards d\u2019euros d\u2019investissements pour reconstruire les maisons, rouvrir les h\u00f4pitaux, relancer les entreprises et s\u00e9curiser l\u2019\u00e9nergie\u00bb, a indiqu\u00e9 sa pr\u00e9sidente Ursula von der Leyen, cit\u00e9e dans un communiqu\u00e9.<\/p>\n<p class=\"ArticleParagraph_root__lhFZo ArticleContainer_content-width__FRl7F link_focus__0ZMwx link_externalicon-big__ZdPgo link_externalicon__qcwXs ArticleParagraph_-ticker__Dbjmy ArticleElement_article-element__q93eL\">L\u2019UE pr\u00e9voit \u00e9galement de lancer un \u00abfonds phare europ\u00e9en pour la reconstruction de l\u2019Ukraine\u00bb, dot\u00e9e de 220 millions d\u2019euros, pour attirer les investissements priv\u00e9s.<\/p>\n<p class=\"EmbedBlocker_hint__uEF_d\">\u00c0 ce stade, vous trouverez des contenus externes suppl\u00e9mentaires. Si vous acceptez que des cookies soient plac\u00e9s par des fournisseurs externes et que des donn\u00e9es personnelles soient ainsi transmises \u00e0 ces derniers, vous devez autoriser tous les cookies et afficher directement le contenu externe.<\/p>\n<p>Autoriser les cookiesPlus d&rsquo;infos<\/p>\n<p>10.07.2025, 12h06<\/p>\n<p class=\"ArticleParagraph_root__lhFZo ArticleContainer_content-width__FRl7F link_focus__0ZMwx link_externalicon-big__ZdPgo link_externalicon__qcwXs ArticleParagraph_-ticker__Dbjmy ArticleElement_article-element__q93eL\">Le nombre de victimes civiles en Ukraine a atteint en juin un record mensuel depuis trois ans, a annonc\u00e9 jeudi une mission de l\u2019<a href=\"https:\/\/unric.org\/fr\/onu-et-la-guerre-en-ukraine-les-principales-informations\/\" class=\"HtmlText_root__A1OSq\" target=\"_blank\" rel=\"noopener noreferrer\">ONU<\/a>, au moment o\u00f9 la Russie intensifie ses frappes contre ce pays.<\/p>\n<p class=\"ArticleParagraph_root__lhFZo ArticleContainer_content-width__FRl7F link_focus__0ZMwx link_externalicon-big__ZdPgo link_externalicon__qcwXs ArticleParagraph_-ticker__Dbjmy ArticleElement_article-element__q93eL\">\u00abLe mois de juin a enregistr\u00e9 le plus grand nombre de victimes civiles en trois ans, avec 232 morts et 1343 bless\u00e9s\u00bb, a indiqu\u00e9 la mission de l\u2019ONU de surveillance des droits de l\u2019homme en Ukraine, dans un communiqu\u00e9.<\/p>\n<p>10.07.2025, 06h33<\/p>\n<p class=\"ArticleParagraph_root__lhFZo ArticleContainer_content-width__FRl7F link_focus__0ZMwx link_externalicon-big__ZdPgo link_externalicon__qcwXs ArticleParagraph_-ticker__Dbjmy ArticleElement_article-element__q93eL\">Le secr\u00e9taire d\u2019Etat am\u00e9ricain Marco Rubio doit rencontrer jeudi son homologue russe Sergue\u00ef Lavrov en Malaisie lors d\u2019une r\u00e9union des chefs de la diplomatie d\u2019Asie du Sud-Est, en pleine impasse dans la guerre en Ukraine.<\/p>\n<p class=\"ArticleParagraph_root__lhFZo ArticleContainer_content-width__FRl7F link_focus__0ZMwx link_externalicon-big__ZdPgo link_externalicon__qcwXs ArticleParagraph_-ticker__Dbjmy ArticleElement_article-element__q93eL\">La venue de Marco Rubio \u00e0 Kuala Lumpur, \u00e0 l\u2019occasion de cette r\u00e9union des ministres des Affaires \u00e9trang\u00e8res des pays de l\u2019Asie du Sud-Est (Asean), co\u00efncide par ailleurs avec une intensification des menaces de guerre commerciale brandies par Donald Trump.<\/p>\n<p class=\"Feedback_root__fr_Mi ArticleContainer_content-width__FRl7F\">Vous avez trouv\u00e9 une erreur?<a href=\"mailto:tes_correction@tamedia.ch?subject=Avis%20d'erreur%20%7C%20Mathilde%20Schott%20%7C%20La%20Russie%20revendique%20la%20capture%20d%E2%80%99un%20nouveau%20village%20dans%20la%20r%C3%A9gion%20de%20Donetsk&amp;body=J'ai%20trouv%C3%A9%20une%20erreur%20dans%20cet%20article%3A%20https%3A%2F%2Fwww.24heures.ch%2Fdirect-ukraine-la-russie-revendique-la-capture-d-un-nouveau-village-dans-la-region-de-donetsk-793933081883\" class=\"Feedback_feedbacklink__VyDCi link_underlinelink__K5Zr0\">Merci de nous la signaler.<\/a><\/p>\n<p>7392 commentaires<\/p>\n","protected":false},"excerpt":{"rendered":"LiveGuerre en Ukraine \u2013 La Russie revendique la capture d\u2019un nouveau village dans la r\u00e9gion de DonetskNouvelle nuit&hellip;\n","protected":false},"author":2,"featured_media":248056,"comment_status":"","ping_status":"","sticky":false,"template":"","format":"standard","meta":{"footnotes":""},"categories":[1591],"tags":[11,75,1887,131,12,1885,1886,132,135,134],"class_list":{"0":"post-248055","1":"post","2":"type-post","3":"status-publish","4":"format-standard","5":"has-post-thumbnail","7":"category-russie","8":"tag-actualites","9":"tag-donald-trump","10":"tag-federation-de-russie","11":"tag-guerre-en-ukraine","12":"tag-news","13":"tag-russia","14":"tag-russian-federation","15":"tag-russie","16":"tag-vladimir-poutine","17":"tag-volodymyr-zelensky"},"share_on_mastodon":{"url":"https:\/\/pubeurope.com\/@fr\/114848249318221059","error":""},"_links":{"self":[{"href":"https:\/\/www.europesays.com\/fr\/wp-json\/wp\/v2\/posts\/248055","targetHints":{"allow":["GET"]}}],"collection":[{"href":"https:\/\/www.europesays.com\/fr\/wp-json\/wp\/v2\/posts"}],"about":[{"href":"https:\/\/www.europesays.com\/fr\/wp-json\/wp\/v2\/types\/post"}],"author":[{"embeddable":true,"href":"https:\/\/www.europesays.com\/fr\/wp-json\/wp\/v2\/users\/2"}],"replies":[{"embeddable":true,"href":"https:\/\/www.europesays.com\/fr\/wp-json\/wp\/v2\/comments?post=248055"}],"version-history":[{"count":0,"href":"https:\/\/www.europesays.com\/fr\/wp-json\/wp\/v2\/posts\/248055\/revisions"}],"wp:featuredmedia":[{"embeddable":true,"href":"https:\/\/www.europesays.com\/fr\/wp-json\/wp\/v2\/media\/248056"}],"wp:attachment":[{"href":"https:\/\/www.europesays.com\/fr\/wp-json\/wp\/v2\/media?parent=248055"}],"wp:term":[{"taxonomy":"category","embeddable":true,"href":"https:\/\/www.europesays.com\/fr\/wp-json\/wp\/v2\/categories?post=248055"},{"taxonomy":"post_tag","embeddable":true,"href":"https:\/\/www.europesays.com\/fr\/wp-json\/wp\/v2\/tags?post=248055"}],"curies":[{"name":"wp","href":"https:\/\/api.w.org\/{rel}","templated":true}]}}