{"id":248075,"date":"2025-07-13T22:28:11","date_gmt":"2025-07-13T22:28:11","guid":{"rendered":"https:\/\/www.europesays.com\/fr\/248075\/"},"modified":"2025-07-13T22:28:11","modified_gmt":"2025-07-13T22:28:11","slug":"talor-gooch-vainqueur-a-valderrama-jon-rahm-en-forme","status":"publish","type":"post","link":"https:\/\/www.europesays.com\/fr\/248075\/","title":{"rendered":"Talor Gooch vainqueur \u00e0 Valderrama, Jon Rahm en forme"},"content":{"rendered":"<p>\t\t\t\t\t\t<img width=\"770\" height=\"556\" src=\"https:\/\/www.europesays.com\/fr\/wp-content\/uploads\/2025\/07\/and_07_13_25_psb9480-770x556.jpg\" class=\"img-responsive wp-post-image\" alt=\"Pedro Salado\/LIV Golf\" decoding=\"async\" fetchpriority=\"high\"  \/>\t\t\t\t\t<\/p>\n<p>\t\t\t\t\t\t Partager cet article <\/p>\n<p class=\"screen-reader-text juiz_sps_maybe_hidden_text\">Partager la publication \u00ab\u00a0Talor Gooch vainqueur \u00e0 Valderrama, Jon Rahm en forme\u00a0\u00bb<\/p>\n<p><strong>Talor Gooch a remport\u00e9 le LIV Golf Andalucia en r\u00e9sistant \u00e0 la charge de Jon Rahm. Legion XIII a pris les commandes du classement par \u00e9quipe mais surtout, le Basque confirme sa grande forme \u00e0 l\u2019approche de The Open.<\/strong><\/p>\n<p>\u00a0<\/p>\n<p><strong>Talor Gooch <\/strong>a connu un d\u00e9but de journ\u00e9e d\u00e9licat au <strong>Real Club Valderrama<\/strong>, mais il a su garder son sang-froid pour d\u00e9crocher la victoire lors du <strong>LIV Golf Andalucia<\/strong> 2025. Apr\u00e8s avoir jou\u00e9 +2 sur ses 6 premiers trous, l\u2019Am\u00e9ricain a r\u00e9sist\u00e9 \u00e0 la pression exerc\u00e9e par <strong>Jon Rahm<\/strong>, auteur de la meilleure carte du jour \u2013 65 (-6) \u2013 et d\u2019\u2019une impressionnante fin de parcours devant son public.<\/p>\n<p><a href=\"https:\/\/www.livgolf.com\/schedule\/andalucia-2025\/leaderboard\" target=\"_blank\" rel=\"noopener nofollow\">Retrouvez le classement complet<\/a><\/p>\n<p>L\u2019Espagnol a rejoint Talor Gooch en t\u00eate \u00e0 quatre trous de la fin puis au par 5 du 17 gr\u00e2ce \u00e0 son sixi\u00e8me birdie, avant que ce dernier lui rende la pareille. Jon Rahm a brillamment sauv\u00e9 le par au 18 apr\u00e8s avoir envoy\u00e9 son drive dans les arbres, mais l\u2019Am\u00e9ricain a tranquillement enregistr\u00e9 le m\u00eame score pour remporter d\u2019un coup son 4e tournoi du LIV \u2013 le premier depuis 2023.<\/p>\n<p>\u00a0<\/p>\n<blockquote class=\"twitter-tweet\">\n<p dir=\"ltr\" lang=\"en\">HUGE MOMENT \ud83d\ude4c<a href=\"https:\/\/twitter.com\/JonRahmOfficial?ref_src=twsrc%5Etfw\" rel=\"nofollow noopener\" target=\"_blank\">@JonRahmOfficial<\/a> sinks the par putt on 18 \ud83d\ude2e\u200d\ud83d\udca8<\/p>\n<p>Talor Gooch needs to make par to claim the title \ud83c\udfc6<a href=\"https:\/\/twitter.com\/hashtag\/LIVGolfAndaluc%C3%ADa?src=hash&amp;ref_src=twsrc%5Etfw\" rel=\"nofollow noopener\" target=\"_blank\">#LIVGolfAndaluc\u00eda<\/a> <a href=\"https:\/\/t.co\/m7q6U1BtTI\" rel=\"nofollow\">pic.twitter.com\/m7q6U1BtTI<\/a><\/p>\n<p>\u2014 LIV Golf (@livgolf_league) <a href=\"https:\/\/twitter.com\/livgolf_league\/status\/1944404116723138712?ref_src=twsrc%5Etfw\" rel=\"nofollow noopener\" target=\"_blank\">July 13, 2025<\/a><\/p>\n<\/blockquote>\n<p>\u00a0<\/p>\n<p>Jon Rahm encore tout pr\u00e8s, pr\u00eat pour le British<\/p>\n<p>\u00ab\u00a0Mon fils est venu me serrer dans ses bras sur le green, c\u2019est tellement sp\u00e9cial. Ce jeu n\u2019est pas facile et il ne faut pas consid\u00e9rer le bon golf pour acquis, a comment\u00e9 le vainqueur. Yasir (Ndlr\u00a0: Al-Rumayyan, pr\u00e9sident du LIV) m\u2019a envoy\u00e9 un texto hier soir pour me dire : \u00ab \u00c7a me manque de te voir sur le podium, ne me d\u00e9\u00e7ois pas aujourd\u2019hui \u00bb. J\u2019ai r\u00e9pondu \u00ab J\u2019ai compris \u00bb. \u00bb<\/p>\n<p>Pour Jon Rahm, c\u2019est une nouvelle place d\u2019honneur, mais aussi la confirmation d\u2019un \u00e9tat de forme remarquable avant de se rendre \u00e0 <strong>Portrush<\/strong>. A cette occasion, le Basque s\u2019est hiss\u00e9 \u00e0 la 2e place du <a href=\"https:\/\/www.livgolf.com\/standings\" target=\"_blank\" rel=\"noopener nofollow\">classement individuel<\/a> et \u00e0 la premi\u00e8re du classement par \u00e9quipe, car <strong>Legion XIII<\/strong> a devanc\u00e9 de deux coups <strong>Fireballs GC <\/strong>pour s\u2019imposer pour la 3e fois de la saison.<\/p>\n<p>\u00a0<\/p>\n<\/p>\n<p>\u00a0<\/p>\n<p>Le leaderboard<\/p>\n<p><img loading=\"lazy\" decoding=\"async\" class=\"aligncenter size-full wp-image-179437\" src=\"data:image\/svg+xml,%3Csvg%20xmlns=\" http:=\"\" alt=\"\" width=\"775\" height=\"500\" data-lazy- data-lazy- data-lazy-src=\"https:\/\/www.europesays.com\/fr\/wp-content\/uploads\/2025\/07\/liv-andalucia.jpg\"\/><\/p>\n<p>\u00a0<\/p>\n<p>Photo : Pedro Salado\/LIV Golf<\/p>\n<p>\t\t\t<script async src=\"https:\/\/platform.twitter.com\/widgets.js\" charset=\"utf-8\"><\/script><\/p>\n","protected":false},"excerpt":{"rendered":"Partager cet article Partager la publication \u00ab\u00a0Talor Gooch vainqueur \u00e0 Valderrama, Jon Rahm en forme\u00a0\u00bb Talor Gooch a&hellip;\n","protected":false},"author":2,"featured_media":248076,"comment_status":"","ping_status":"","sticky":false,"template":"","format":"standard","meta":{"footnotes":""},"categories":[1418],"tags":[1011,27,1472,60],"class_list":{"0":"post-248075","1":"post","2":"type-post","3":"status-publish","4":"format-standard","5":"has-post-thumbnail","7":"category-golf","8":"tag-fr","9":"tag-france","10":"tag-golf","11":"tag-sports"},"share_on_mastodon":{"url":"https:\/\/pubeurope.com\/@fr\/114848288398174701","error":""},"_links":{"self":[{"href":"https:\/\/www.europesays.com\/fr\/wp-json\/wp\/v2\/posts\/248075","targetHints":{"allow":["GET"]}}],"collection":[{"href":"https:\/\/www.europesays.com\/fr\/wp-json\/wp\/v2\/posts"}],"about":[{"href":"https:\/\/www.europesays.com\/fr\/wp-json\/wp\/v2\/types\/post"}],"author":[{"embeddable":true,"href":"https:\/\/www.europesays.com\/fr\/wp-json\/wp\/v2\/users\/2"}],"replies":[{"embeddable":true,"href":"https:\/\/www.europesays.com\/fr\/wp-json\/wp\/v2\/comments?post=248075"}],"version-history":[{"count":0,"href":"https:\/\/www.europesays.com\/fr\/wp-json\/wp\/v2\/posts\/248075\/revisions"}],"wp:featuredmedia":[{"embeddable":true,"href":"https:\/\/www.europesays.com\/fr\/wp-json\/wp\/v2\/media\/248076"}],"wp:attachment":[{"href":"https:\/\/www.europesays.com\/fr\/wp-json\/wp\/v2\/media?parent=248075"}],"wp:term":[{"taxonomy":"category","embeddable":true,"href":"https:\/\/www.europesays.com\/fr\/wp-json\/wp\/v2\/categories?post=248075"},{"taxonomy":"post_tag","embeddable":true,"href":"https:\/\/www.europesays.com\/fr\/wp-json\/wp\/v2\/tags?post=248075"}],"curies":[{"name":"wp","href":"https:\/\/api.w.org\/{rel}","templated":true}]}}