{"id":248077,"date":"2025-07-13T22:30:15","date_gmt":"2025-07-13T22:30:15","guid":{"rendered":"https:\/\/www.europesays.com\/fr\/248077\/"},"modified":"2025-07-13T22:30:15","modified_gmt":"2025-07-13T22:30:15","slug":"ubb-le-retour-qui-fait-craindre-le-pire","status":"publish","type":"post","link":"https:\/\/www.europesays.com\/fr\/248077\/","title":{"rendered":"UBB : Le retour qui fait craindre le pire !"},"content":{"rendered":"<p>                    Thibault Morlain<br \/>\n                        &#8211;<\/p>\n<p>Journaliste<\/p>\n<p>Apr\u00e8s s\u2019\u00eatre essay\u00e9 \u00e0 diff\u00e9rents sports, Thibault se tourne vers une carri\u00e8re de footballeur amateur. Au moment de faire un choix entre devenir footballeur professionnel et journaliste, les qualit\u00e9s ont fait pencher la balance d\u2019un c\u00f4t\u00e9. Le voil\u00e0 d\u00e9sormais au sein de la r\u00e9daction du 10 Sport, apr\u00e8s un dipl\u00f4me obtenu \u00e0 l\u2019Institut International de Communication de Paris.<\/p>\n<p class=\"heading\">Malgr\u00e9 la d\u00e9faite en finale de Top 14 face au Stade Toulousain, l\u2019UBB a r\u00e9alis\u00e9 une tr\u00e8s grande saison avec notamment sa sacre en Champions Cup. Men\u00e9e notamment par Maxime Lucu et Matthieu Jalibert, la formation bordelaise a brill\u00e9 et la question est maintenant de savoir comment va se passer la saison prochaine. Faire mieux ou aussi bien s\u2019annonce compliqu\u00e9 pour Yannick Bru et l\u2019entra\u00eeneur de l\u2019UBB sait d\u00e9j\u00e0 les complications qui s\u2019annoncent.\n<\/p>\n<p>\u00c7a ne s\u2019est jou\u00e9 \u00e0 rien pour que <a href=\"https:\/\/le10sport.com\/rugby\/top14\/surprise-il-reclame-son-transfert-a-lubb-750250\" rel=\"nofollow noopener\" target=\"_blank\">l\u2019UBB<\/a> finisse la saison en apoth\u00e9ose. Apr\u00e8s avoir remport\u00e9 la Champions Cup, <strong>Maxime Lucu<\/strong>, <strong>Matthieu Jalibert<\/strong> et compagnie avaient r\u00e9ussi \u00e0 se qualifier pour la finale du Top 14. Mais voil\u00e0 qu\u2019au terme d\u2019un sc\u00e9nario exceptionnel, la rencontre, apr\u00e8s prolongation, a pench\u00e9 en faveur du <strong>Stade Toulousain<\/strong>. Il a donc fallu se contenter de la deuxi\u00e8me place pour l\u2019<strong>UBB.<\/strong> Un \u00e9chec dont il va falloir se relever la saison prochaine\u2026 <\/p>\n<p>                                            \u00ab\u00a0J\u2019avais d\u00e9j\u00e0 dit aux staffs que la reprise allait \u00eatre difficile\u00a0\u00bb<\/p>\n<p>Entra\u00eeneur de l\u2019<strong>UBB,<\/strong> <strong>Yannick Bru<\/strong> s\u2019est prononc\u00e9 sur la prochaine saison. Redoutant d\u2019ores et d\u00e9j\u00e0 certains probl\u00e8mes pour le retour \u00e0 la comp\u00e9tition, il a expliqu\u00e9 dans un entretien \u00e0 Midi Olympique : \u00ab\u00a0Je redoute la saison d\u2019apr\u00e8s ? M\u00eame avant la finale, gagn\u00e9e ou perdue, j\u2019avais d\u00e9j\u00e0 dit aux staffs que la reprise allait \u00eatre difficile. Donc, si on pouvait remporter la finale, il fallait le faire. Par caract\u00e8re, je m\u2019attends toujours au pire. Comme \u00e7a, je n\u2019ai que des bonnes surprises. Je sais que la reprise sera difficile. Mais c\u2019est aussi un challenge pour l\u2019ensemble du staff de se renouveler, m\u00eames si le fond du probl\u00e8me reste le m\u00eame. C\u2019est \u00eatre comp\u00e9titif et rivaliser avec les meilleurs pour aller chercher les troph\u00e9es, mais cela va \u00eatre un challenge pour le staff d\u2019\u00eatre ing\u00e9nieux dans la forme. Quelles seront nos cibles ? Comment allons nous exprimer notre vision de la performance sur les deux prochaines ann\u00e9es ?\u00a0\u00bb. <\/p>\n<p>                                            \u00ab\u00a0Il est clair qu\u2019il va falloir restimuler tout le monde\u00a0\u00bb<\/p>\n<p>\u00ab\u00a0L\u00e0, on est toujours sur le temps des vacances, mais c\u2019est vrai que j\u2019ai demand\u00e9 \u00e0 tous les responsables de r\u00e9fl\u00e9chir \u00e0 la mani\u00e8re dont on pourrait se renouveler, proposer quelque chose d\u2019app\u00e9tissant pour les joueurs d\u00e8s d\u00e9but ao\u00fbt. Ce qui va nous aider, c\u2019est qu\u2019on a tout de m\u00eame une petite dizaine de joueurs qui arrivent. \u00c7a va engendrer, comme toujours, un rafra\u00eechissement de l\u2019effectif avec cette part de nouveaut\u00e9. Nous allons avoir besoin de nouveaut\u00e9s. Cette ann\u00e9e a \u00e9t\u00e9 riche en exp\u00e9rimentations. Certaines vont s\u2019arr\u00eater. Pour d\u2019autres, nous allons encore chercher \u00e0 am\u00e9liorer. Mais il est clair qu\u2019il va falloir restimuler tout le monde\u00a0\u00bb, a poursuivi <strong>Yannick Bru<\/strong>. <\/p>\n","protected":false},"excerpt":{"rendered":"Thibault Morlain &#8211; Journaliste Apr\u00e8s s\u2019\u00eatre essay\u00e9 \u00e0 diff\u00e9rents sports, Thibault se tourne vers une carri\u00e8re de footballeur&hellip;\n","protected":false},"author":2,"featured_media":248078,"comment_status":"","ping_status":"","sticky":false,"template":"","format":"standard","meta":{"footnotes":""},"categories":[1416],"tags":[1011,27,479,1468,60],"class_list":{"0":"post-248077","1":"post","2":"type-post","3":"status-publish","4":"format-standard","5":"has-post-thumbnail","7":"category-rugby","8":"tag-fr","9":"tag-france","10":"tag-rugby","11":"tag-rugby-football","12":"tag-sports"},"share_on_mastodon":{"url":"https:\/\/pubeurope.com\/@fr\/114848296073117272","error":""},"_links":{"self":[{"href":"https:\/\/www.europesays.com\/fr\/wp-json\/wp\/v2\/posts\/248077","targetHints":{"allow":["GET"]}}],"collection":[{"href":"https:\/\/www.europesays.com\/fr\/wp-json\/wp\/v2\/posts"}],"about":[{"href":"https:\/\/www.europesays.com\/fr\/wp-json\/wp\/v2\/types\/post"}],"author":[{"embeddable":true,"href":"https:\/\/www.europesays.com\/fr\/wp-json\/wp\/v2\/users\/2"}],"replies":[{"embeddable":true,"href":"https:\/\/www.europesays.com\/fr\/wp-json\/wp\/v2\/comments?post=248077"}],"version-history":[{"count":0,"href":"https:\/\/www.europesays.com\/fr\/wp-json\/wp\/v2\/posts\/248077\/revisions"}],"wp:featuredmedia":[{"embeddable":true,"href":"https:\/\/www.europesays.com\/fr\/wp-json\/wp\/v2\/media\/248078"}],"wp:attachment":[{"href":"https:\/\/www.europesays.com\/fr\/wp-json\/wp\/v2\/media?parent=248077"}],"wp:term":[{"taxonomy":"category","embeddable":true,"href":"https:\/\/www.europesays.com\/fr\/wp-json\/wp\/v2\/categories?post=248077"},{"taxonomy":"post_tag","embeddable":true,"href":"https:\/\/www.europesays.com\/fr\/wp-json\/wp\/v2\/tags?post=248077"}],"curies":[{"name":"wp","href":"https:\/\/api.w.org\/{rel}","templated":true}]}}