{"id":248080,"date":"2025-07-13T22:33:12","date_gmt":"2025-07-13T22:33:12","guid":{"rendered":"https:\/\/www.europesays.com\/fr\/248080\/"},"modified":"2025-07-13T22:33:12","modified_gmt":"2025-07-13T22:33:12","slug":"motogp-allemagne-j3-lorenzo-savadori-penalise-apres-une-chute-sous-drapeau-jaune","status":"publish","type":"post","link":"https:\/\/www.europesays.com\/fr\/248080\/","title":{"rendered":"MotoGP, Allemagne J3 : Lorenzo Savadori p\u00e9nalis\u00e9 apr\u00e8s une chute sous drapeau jaune"},"content":{"rendered":"<p><strong>Lorenzo Savadori a v\u00e9cu un Grand Prix d\u2019Allemagne agit\u00e9<br \/>\nau Sachsenring. Engag\u00e9 comme rempla\u00e7ant chez Aprilia en l\u2019absence<br \/>\nde Jorge Martin, bless\u00e9, le pilote d\u2019essai italien a connu un<br \/>\ndimanche difficile, ponctu\u00e9 de deux chutes.<\/strong><\/p>\n<p>Si <strong>Savadori<\/strong> a d\u2019abord r\u00e9ussi \u00e0 repartir apr\u00e8s<br \/>\nsa premi\u00e8re m\u00e9saventure, il a fini par chuter de nouveau dans les<br \/>\nderni\u00e8res boucles, au virage 1, dans une course particuli\u00e8rement<br \/>\nmarqu\u00e9e par un fort taux d\u2019abandons \u2013 <a href=\"https:\/\/www.paddock-gp.com\/motogp-crash-fest-en-allemagne-pourquoi-tant-dabandons-en-motogp-sur-le-sachsenring\/\" rel=\"nofollow noopener\" target=\"_blank\"><br \/>\n<strong>seuls dix pilotes ont franchi la ligne sur dix-huit<br \/>\npartants<\/strong><\/a>.<\/p>\n<p>Mais c\u2019est surtout sa deuxi\u00e8me sortie de piste qui lui vaut<br \/>\naujourd\u2019hui une sanction : <strong>Savadori<\/strong> a chut\u00e9 alors<br \/>\nque des drapeaux jaunes \u00e9taient agit\u00e9s, \u00e0 la suite de la collision<br \/>\nentre <strong>Ai Ogura<\/strong> et <strong>Joan Mir<\/strong><br \/>\nquelques instants plus t\u00f4t au m\u00eame endroit.<\/p>\n<p><img loading=\"lazy\" decoding=\"async\" class=\"aligncenter size-full wp-image-1310250\" src=\"https:\/\/www.europesays.com\/fr\/wp-content\/uploads\/2025\/07\/Savadori-3.jpg\" alt=\"Lorenzo Savadori \" width=\"602\" height=\"405\"  \/><\/p>\n<p><strong>L\u2019incertitude plane sur la<br \/>\ndate \u00e0 laquelle Lorenzo Savadori purgera cette<br \/>\nsanction<\/strong><\/p>\n<p>Les commissaires ont consid\u00e9r\u00e9 cette action comme une infraction<br \/>\ns\u00e9rieuse et ont inflig\u00e9 au pilote italien <strong>une double<br \/>\np\u00e9nalit\u00e9 de long lap \u00e0 purger lors de sa prochaine participation en<br \/>\ncourse<\/strong>.<\/p>\n<p>Toutefois, l\u2019incertitude plane sur la date \u00e0 laquelle Savadori<br \/>\npurgera cette sanction. Avec le retour annonc\u00e9 de <strong>Jorge<br \/>\nMartin<\/strong> pour le Grand Prix de R\u00e9publique tch\u00e8que \u00e0 Brno,<br \/>\n<strong>Savadori<\/strong> reprendra son r\u00f4le de pilote d\u2019essai,<br \/>\nlaissant ses six wild-cards encore disponibles cette saison.<br \/>\n<a href=\"https:\/\/www.paddock-gp.com\/motogp-jorge-martin-devrait-rester-chez-aprilia-en-2026-marc-marquez-salue-une-decision-raisonnable\/\" rel=\"nofollow noopener\" target=\"_blank\"><br \/>\n<strong>Aprilia<\/strong><\/a> pourrait le r\u00e9int\u00e9grer comme<br \/>\nwild-card, notamment pour le <strong>Grand Prix de Misano en<br \/>\nseptembre<\/strong>, en vue du test officiel du lundi suivant.<\/p>\n<p>La r\u00e9glementation pr\u00e9voit que la p\u00e9nalit\u00e9 reste active jusqu\u2019\u00e0<br \/>\nla prochaine apparition en course du pilote. Un pr\u00e9c\u00e9dent existe :<br \/>\n<strong>Miguel Oliveira<\/strong> avait vu une sanction, d\u00e9cid\u00e9e au<br \/>\nQatar 2023, report\u00e9e sur l\u2019ouverture de la saison 2024 apr\u00e8s une<br \/>\nblessure l\u2019ayant emp\u00each\u00e9 de disputer la derni\u00e8re manche de<br \/>\nl\u2019ann\u00e9e.<\/p>\n<p><strong>Savadori<\/strong> devra donc patienter avant de purger<br \/>\nses deux long laps, restant sous la menace de cette p\u00e9nalit\u00e9 lors<br \/>\nde sa prochaine course.<\/p>\n<p><img loading=\"lazy\" decoding=\"async\" class=\"aligncenter size-full wp-image-1310251\" src=\"https:\/\/www.europesays.com\/fr\/wp-content\/uploads\/2025\/07\/Savadori-2.jpg\" alt=\"Lorenzo Savadori \" width=\"616\" height=\"407\"  \/><\/p>\n<p><strong>Course de <a href=\"https:\/\/www.motogp.com\/en\" rel=\"nofollow noopener\" target=\"_blank\">MotoGP<\/a><br \/>\nGP d\u2019Allemagne<\/strong><\/p>\n<p><img decoding=\"async\" class=\"aligncenter\" src=\"https:\/\/www.europesays.com\/fr\/wp-content\/uploads\/2025\/07\/654f54.jpg\" alt=\"344334\"\/><\/p>\n<p><strong>Classement g\u00e9n\u00e9ral MotoGP<\/strong><\/p>\n<p><img decoding=\"async\" class=\"aligncenter\" src=\"https:\/\/www.europesays.com\/fr\/wp-content\/uploads\/2025\/07\/5456gf54.jpg\" alt=\"33443\"\/><\/p>\n<p>\u00a0<\/p>\n<p>\u00a0<\/p>\n<p>\u00a0<\/p>\n<p>\u00a0<\/p>\n<p>\u00a0<\/p>\n<p>\u00a0<\/p>\n<p>\u00a0<\/p>\n","protected":false},"excerpt":{"rendered":"Lorenzo Savadori a v\u00e9cu un Grand Prix d\u2019Allemagne agit\u00e9 au Sachsenring. Engag\u00e9 comme rempla\u00e7ant chez Aprilia en l\u2019absence&hellip;\n","protected":false},"author":2,"featured_media":248081,"comment_status":"","ping_status":"","sticky":false,"template":"","format":"standard","meta":{"footnotes":""},"categories":[1413],"tags":[1011,27,1457,1456,60],"class_list":{"0":"post-248080","1":"post","2":"type-post","3":"status-publish","4":"format-standard","5":"has-post-thumbnail","7":"category-moto","8":"tag-fr","9":"tag-france","10":"tag-moto","11":"tag-motocycle","12":"tag-sports"},"share_on_mastodon":{"url":"https:\/\/pubeurope.com\/@fr\/114848307978241933","error":""},"_links":{"self":[{"href":"https:\/\/www.europesays.com\/fr\/wp-json\/wp\/v2\/posts\/248080","targetHints":{"allow":["GET"]}}],"collection":[{"href":"https:\/\/www.europesays.com\/fr\/wp-json\/wp\/v2\/posts"}],"about":[{"href":"https:\/\/www.europesays.com\/fr\/wp-json\/wp\/v2\/types\/post"}],"author":[{"embeddable":true,"href":"https:\/\/www.europesays.com\/fr\/wp-json\/wp\/v2\/users\/2"}],"replies":[{"embeddable":true,"href":"https:\/\/www.europesays.com\/fr\/wp-json\/wp\/v2\/comments?post=248080"}],"version-history":[{"count":0,"href":"https:\/\/www.europesays.com\/fr\/wp-json\/wp\/v2\/posts\/248080\/revisions"}],"wp:featuredmedia":[{"embeddable":true,"href":"https:\/\/www.europesays.com\/fr\/wp-json\/wp\/v2\/media\/248081"}],"wp:attachment":[{"href":"https:\/\/www.europesays.com\/fr\/wp-json\/wp\/v2\/media?parent=248080"}],"wp:term":[{"taxonomy":"category","embeddable":true,"href":"https:\/\/www.europesays.com\/fr\/wp-json\/wp\/v2\/categories?post=248080"},{"taxonomy":"post_tag","embeddable":true,"href":"https:\/\/www.europesays.com\/fr\/wp-json\/wp\/v2\/tags?post=248080"}],"curies":[{"name":"wp","href":"https:\/\/api.w.org\/{rel}","templated":true}]}}