{"id":248091,"date":"2025-07-13T22:39:16","date_gmt":"2025-07-13T22:39:16","guid":{"rendered":"https:\/\/www.europesays.com\/fr\/248091\/"},"modified":"2025-07-13T22:39:16","modified_gmt":"2025-07-13T22:39:16","slug":"crane-dos-le-dernier-et-inoui-chef-doeuvre-de-mo-hayder-disparue-prematurement-en-2021","status":"publish","type":"post","link":"https:\/\/www.europesays.com\/fr\/248091\/","title":{"rendered":"\u00a0Cr\u00e2ne d\u2019os\u00a0\u00bb, le dernier et inou\u00ef chef-d\u2019\u0153uvre de Mo Hayder, disparue pr\u00e9matur\u00e9ment en 2021"},"content":{"rendered":"<p>Note\u00a0: 4\/5<\/p>\n<p>Mo Hayder a choisi pour d\u00e9cor un village typique des Cotswolds, dans le sud-ouest de l\u2019Angleterre. Bienvenue \u00e0 Eastombrit, un village comme les autres. L\u00e0 o\u00f9 Alex Mullins est revenue s\u2019installer apr\u00e8s un passage dans la police londonienne. Cette petite jeune femme \u00e0 la tignasse brune en bataille, au visage constell\u00e9 de taches de rousseur habite \u00e0 nouveau dans la somptueuse villa moderniste de verre et de m\u00e9tal de sa m\u00e8re. Une immense maison qui domine la ville, avec son jardin \u00e0 la lisi\u00e8re d\u2019un parc. Pas loin d\u2019un lac dont elle est ressortie indemne, hormis une vilaine blessure \u00e0 la main, apr\u00e8s le tragique accident d\u2019autocar qui a fait sept morts et trois bless\u00e9s graves, handicap\u00e9s \u00e0 vie, parmi les quatorze passagers.<\/p>\n<p>Son ami d\u2019enfance, Arram Black, \u00e9tait pr\u00e9sent ce jour-l\u00e0. Il s\u2019en est sorti lui aussi et travaille, comme elle, dans la police, en tant que formateur informatique \u00e0 la section m\u00e9dico-l\u00e9gale de Gloucester. \u00c0 Eastombrit, personne n\u2019a vraiment oubli\u00e9 le traumatisme de l\u2019accident. Une l\u00e9gende urbaine encombre qui plus est les esprits. Une cr\u00e9ature surnomm\u00e9e \u00ab\u00a0Cr\u00e2ne d\u2019os\u00a0\u00bb ferait des apparitions r\u00e9guli\u00e8res dans les parages. Maryam, la m\u00e8re d\u2019Arram, a souvent l\u2019impression de croiser le fant\u00f4me de cette prostitu\u00e9e assassin\u00e9e par un homme qui serait revenu plusieurs fois violer son cadavre\u2026.<\/p>\n<p>Le lecteur pris aux tripes<\/p>\n<p>Mo Hayder excelle \u00e0 installer une ambiance \u00e9trange et inqui\u00e9tante, \u00e0 pr\u00e9f\u00e9rer la cuisson \u00e0 petit feu aux coups de tonnerre permanents. En prenant le temps de creuser ses personnages, de montrer leurs f\u00ealures et leurs failles. Comme celles d\u2019Alex, incapable d\u2019oublier ce qu\u2019elle a travers\u00e9 la nuit de l\u2019accident, qui rationalise tout, pr\u00e9tend que les fant\u00f4mes n\u2019existent pas et \u00eatre une \u00ab\u00a0flic a priori saine d\u2019esprit\u00a0\u00bb. Ou celles de Maryam, une femme que tout le monde juge ancr\u00e9e mais qui a l\u2019impression d\u2019\u00eatre rest\u00e9e une \u00e9ternelle fille de ferme galloise et lourdaude\u2026<\/p>\n<p>Avec Mo Hayder, l\u2019expression \u00ab\u00a0prendre aux tripes\u00a0\u00bb a vraiment tout son sens. La tension monte \u00e0 chaque chapitre de \u00ab\u00a0Cr\u00e2ne d\u2019os\u00a0\u00bb dont le paysage des Cotswolds est \u00e0 des ann\u00e9es-lumi\u00e8re des cosy-crimes de M.C. Beaton. En postface, sa cons\u0153ur Karin Slaugher lui rend un bel hommage rappelant, fort justement, que Mo Hayder \u00ab\u00a0n\u2019\u00e9tait pas une autrice de polars &#8211; elle \u00e9tait une autrice tout court\u00a0\u00bb. Une immense, dans la lign\u00e9e d\u2019un Simenon ou d\u2019une Ruth Rendell, qui a travaill\u00e9 inlassablement \u00e0 sonder les t\u00e9n\u00e8bres du monde, \u00e0 montrer ce que l\u2019\u00eatre humain est capable d\u2019endurer ou de faire subir. Son ultime tour de force empoigne, malm\u00e8ne et cloue sur place dans ses derni\u00e8res lignes. \u00ab\u00a0Cr\u00e2ne d\u2019os\u00a0\u00bb est de ces livres qu\u2019on offrira, qu\u2019on gardera, qu\u2019on n\u2019oubliera pas et qu\u2019on reliera un jour.<\/p>\n<p><img decoding=\"async\" src=\"https:\/\/www.europesays.com\/fr\/wp-content\/uploads\/2025\/07\/68711d66f4b1a92dfc07e166.1.jpeg\" width=\"480\" height=\"300\" class=\"web_golden_m\" loading=\"lazy\" alt=\"\u00a0Cr\u00e2ne d\u2019os\u00a0\u00bb, le dernier et inou\u00ef chef-d\u2019\u0153uvre de Mo Hayder, disparue pr\u00e9matur\u00e9ment en 2021\"\/> (Les Presses de la Cit\u00e9)<\/p>\n<p class=\"note\">Mo Hayder, \u00ab\u00a0Cr\u00e2ne d\u2019os\u00a0\u00bb, traduit de l\u2019anglais par Anne-Sylvie Homassel, Les Presses de la Cit\u00e9, 427 pages, 22, 90 \u20ac.<\/p>\n","protected":false},"excerpt":{"rendered":"Note\u00a0: 4\/5 Mo Hayder a choisi pour d\u00e9cor un village typique des Cotswolds, dans le sud-ouest de l\u2019Angleterre.&hellip;\n","protected":false},"author":2,"featured_media":248092,"comment_status":"","ping_status":"","sticky":false,"template":"","format":"standard","meta":{"footnotes":""},"categories":[1357],"tags":[10276,1379,872,58,59,1011,27,1380],"class_list":{"0":"post-248091","1":"post","2":"type-post","3":"status-publish","4":"format-standard","5":"has-post-thumbnail","7":"category-livres","8":"tag-a-lire","9":"tag-books","10":"tag-culture-et-loisirs","11":"tag-divertissement","12":"tag-entertainment","13":"tag-fr","14":"tag-france","15":"tag-livres"},"share_on_mastodon":{"url":"https:\/\/pubeurope.com\/@fr\/114848331530293658","error":""},"_links":{"self":[{"href":"https:\/\/www.europesays.com\/fr\/wp-json\/wp\/v2\/posts\/248091","targetHints":{"allow":["GET"]}}],"collection":[{"href":"https:\/\/www.europesays.com\/fr\/wp-json\/wp\/v2\/posts"}],"about":[{"href":"https:\/\/www.europesays.com\/fr\/wp-json\/wp\/v2\/types\/post"}],"author":[{"embeddable":true,"href":"https:\/\/www.europesays.com\/fr\/wp-json\/wp\/v2\/users\/2"}],"replies":[{"embeddable":true,"href":"https:\/\/www.europesays.com\/fr\/wp-json\/wp\/v2\/comments?post=248091"}],"version-history":[{"count":0,"href":"https:\/\/www.europesays.com\/fr\/wp-json\/wp\/v2\/posts\/248091\/revisions"}],"wp:featuredmedia":[{"embeddable":true,"href":"https:\/\/www.europesays.com\/fr\/wp-json\/wp\/v2\/media\/248092"}],"wp:attachment":[{"href":"https:\/\/www.europesays.com\/fr\/wp-json\/wp\/v2\/media?parent=248091"}],"wp:term":[{"taxonomy":"category","embeddable":true,"href":"https:\/\/www.europesays.com\/fr\/wp-json\/wp\/v2\/categories?post=248091"},{"taxonomy":"post_tag","embeddable":true,"href":"https:\/\/www.europesays.com\/fr\/wp-json\/wp\/v2\/tags?post=248091"}],"curies":[{"name":"wp","href":"https:\/\/api.w.org\/{rel}","templated":true}]}}